{"id":974,"date":"2016-05-03T22:53:43","date_gmt":"2016-05-03T20:53:43","guid":{"rendered":"http:\/\/educazione.gesuiti.it\/?p=974"},"modified":"2016-05-03T22:53:43","modified_gmt":"2016-05-03T20:53:43","slug":"scuola-lattualita-della-gravissimum-educationis","status":"publish","type":"post","link":"https:\/\/www.gesuitieducazione.it\/en\/scuola-lattualita-della-gravissimum-educationis\/","title":{"rendered":"Scuola. L&#8217;attualit\u00e0 della Gravissimum Educationis"},"content":{"rendered":"<p>Il cinquantenario della approvazione della\u00a0dichiarazione del Concilio Vaticano II sull&#8217;educazione cristiana ha offerto lo spunto e l&#8217;occasione per riflettere sulla sua attualit\u00e0 e, soprattutto, sulla centralit\u00e0 dell&#8217;azione educativa nella societ\u00e0 contemporanea. Padre Vitangelo C.M. Denora SJ, Delegato della Compagnia di Ges\u00f9 per le scuole d&#8217;Italia e Albania, in qualit\u00e0 di Presidente della FIDAE Piemonte e Valle d&#8217;Aosta, ha fatto gli onori di casa ai numerosi ospiti partecipanti e alle autorit\u00e0 intervenute. Dopo i saluti iniziali e\u00a0un breve intervento\u00a0di Piero Fassino, Sindaco di Torino nonch\u00e8 ex-alunno del Sociale, due &#8220;testimoni&#8221; del Concilio, Mons. Luigi Bettazzi (Vescovo emerito di Ivrea) e Padre Bartolomeo Sorge SJ, hanno presentato delle brillanti e sferzanti riflessioni sul tema dell&#8217;educazione\u00a0e sulle loro esperienze personali.<\/p>\n<p>&#8220;Dopo 50 anni &#8211; ha commentato Mons. Bettazzi &#8211; lo Spirito Santo ha mandato un Papa che, anche se non cita di frequente esplicitamente il Concilio, lo vive profondamente e cerca di farlo vivere. Segno che i tempi sono maturi per capire bene e attuare la visione profetica del Vaticano II, anche riguardo all&#8217;educazione&#8221;.<\/p>\n<p>Padre Sorge, ripercorrendo e rivivendo con immagini vivide i suoi anni e la sua esperienza alla Scuola di Formazione Politica di Palermo durante gli anni pi\u00f9 difficili della lotta alle mafie, ha evidenziato tre criteri educativi fondamentali della Gravissimum Educationis, da attuare ancora oggi: insegnare ai giovani che non siamo fatti per bastarci da soli, ma che siamo fatti &#8220;per darci la mano&#8221;; formarli ad un esercizio responsabile della libert\u00e0 e, infine, comprendere che non si pu\u00f2 mai prescindere da una visione trascendente della vita per fornire una sintesi e una visione unitaria di vita ai nostri ragazzi.<\/p>\n<p>&#8220;Nell&#8217;anno della misericordia &#8211; ha commentato Padre Denora nel suo intervento &#8211; Papa Francesco ci ricorda che istruire gli ignoranti \u00e8 una delle opere di misericordia spirituale. Ma che cosa significa oggi istruire? L&#8217;istruzione come trasmissione delle conoscenze non rende l&#8217;uomo migliore e non &#8220;umanizza&#8221; automaticamente. E&#8217; solo la formazione integrale delle persone che rende l&#8217;uomo veramente libero e felice. E, inoltre, quali sono le ignoranze di oggi? Forse la pi\u00f9 rilevante \u00e8 quella rispetto ai valori e al senso profondo della vita&#8221;.<\/p>\n<p>Nell&#8217;ultima parte della mattinata, infine, in una sorta di &#8220;tavola rotonda&#8221;, si \u00e8 riflettuto con altri ospiti pi\u00f9 specificamente sulla scuola e sul suo ruolo, sulla figura del docente, sull&#8217;impegno delle scuole paritarie e, in un intervento dell&#8217;Assessore\u00a0all&#8217;Istruzione, Lavoro, Formazione professionale della Regione Piemonte, anche sulla formazione professionale, che affonda le sue radici da un lato nei Santi Sociali \u00a0e, dall&#8217;altro, nelle grandi figure imprenditoriali di cui il Piemonte \u00e8 stato ricco.<\/p>\n<p>Questo convegno \u00e8 stata quindi una preziosa occasione per una riflessione di ampio respiro su importanti tematiche educative e sul ruolo della scuola in particolare, che pu\u00f2 ancora attingere molto dalla ricchezza e dagli spunti offerti dalla Gravissimum Educationis, anche cinquant&#8217;anni dopo la sua approvazione.<\/p>\n<p><img loading=\"lazy\" decoding=\"async\" class=\"aligncenter size-full wp-image-976\" src=\"http:\/\/educazione.gesuiti.it\/wp-content\/uploads\/sites\/9\/2016\/05\/2016_13_Conv-Gravissimu.jpg\" alt=\"2016_13_Conv-Gravissimu\" width=\"460\" height=\"460\" srcset=\"https:\/\/www.gesuitieducazione.it\/wp-content\/uploads\/2016\/05\/2016_13_Conv-Gravissimu.jpg 460w, https:\/\/www.gesuitieducazione.it\/wp-content\/uploads\/2016\/05\/2016_13_Conv-Gravissimu-300x300.jpg 300w, https:\/\/www.gesuitieducazione.it\/wp-content\/uploads\/2016\/05\/2016_13_Conv-Gravissimu-150x150.jpg 150w\" sizes=\"(max-width: 460px) 100vw, 460px\" \/><\/p>\n","protected":false},"excerpt":{"rendered":"<p>Sabato 30 aprile all&#8217;Istituto Sociale di Torino, la FIDAE (Federazione Istituti\u00a0di Attivit\u00e0 Educative) e la FISM (Federazione Italiana Scuole Materne) hanno organizzato un importante Convegno dal titolo &#8220;La Scuola Cattolica celebra i 50 anni della Gravissimum Educationis&#8221;.<\/p>\n","protected":false},"author":4,"featured_media":975,"comment_status":"closed","ping_status":"open","sticky":false,"template":"","format":"standard","meta":{"_acf_changed":false,"footnotes":""},"categories":[9,10,11,99],"tags":[101,102,103,104],"istituto":[],"partner":[],"class_list":["post-974","post","type-post","status-publish","format-standard","has-post-thumbnail","hentry","category-gesuiti-educazione","category-notizie","category-educazione","category-formazione-docenti","tag-gravissimum-educationis","tag-istituto-sociale-torino","tag-padre-bartolomeo-sorge-sj","tag-padre-vitangelo-denora-sj"],"acf":[],"_links":{"self":[{"href":"https:\/\/www.gesuitieducazione.it\/en\/wp-json\/wp\/v2\/posts\/974"}],"collection":[{"href":"https:\/\/www.gesuitieducazione.it\/en\/wp-json\/wp\/v2\/posts"}],"about":[{"href":"https:\/\/www.gesuitieducazione.it\/en\/wp-json\/wp\/v2\/types\/post"}],"author":[{"embeddable":true,"href":"https:\/\/www.gesuitieducazione.it\/en\/wp-json\/wp\/v2\/users\/4"}],"replies":[{"embeddable":true,"href":"https:\/\/www.gesuitieducazione.it\/en\/wp-json\/wp\/v2\/comments?post=974"}],"version-history":[{"count":0,"href":"https:\/\/www.gesuitieducazione.it\/en\/wp-json\/wp\/v2\/posts\/974\/revisions"}],"wp:featuredmedia":[{"embeddable":true,"href":"https:\/\/www.gesuitieducazione.it\/en\/wp-json\/wp\/v2\/media\/975"}],"wp:attachment":[{"href":"https:\/\/www.gesuitieducazione.it\/en\/wp-json\/wp\/v2\/media?parent=974"}],"wp:term":[{"taxonomy":"category","embeddable":true,"href":"https:\/\/www.gesuitieducazione.it\/en\/wp-json\/wp\/v2\/categories?post=974"},{"taxonomy":"post_tag","embeddable":true,"href":"https:\/\/www.gesuitieducazione.it\/en\/wp-json\/wp\/v2\/tags?post=974"},{"taxonomy":"istituto","embeddable":true,"href":"https:\/\/www.gesuitieducazione.it\/en\/wp-json\/wp\/v2\/istituto?post=974"},{"taxonomy":"partner","embeddable":true,"href":"https:\/\/www.gesuitieducazione.it\/en\/wp-json\/wp\/v2\/partner?post=974"}],"curies":[{"name":"wp","href":"https:\/\/api.w.org\/{rel}","templated":true}]}}