{"id":819,"date":"2016-01-02T10:57:22","date_gmt":"2016-01-02T09:57:22","guid":{"rendered":"http:\/\/educazione.gesuiti.it\/?p=819"},"modified":"2016-01-02T10:57:22","modified_gmt":"2016-01-02T09:57:22","slug":"scuole-il-natale-nelle-scuole-fe-y-alegria","status":"publish","type":"post","link":"https:\/\/www.gesuitieducazione.it\/en\/scuole-il-natale-nelle-scuole-fe-y-alegria\/","title":{"rendered":"Scuole. Il Natale nelle scuole Fe y Alegr\u00eca"},"content":{"rendered":"<div>Anche nelle scuole Fe y Alegr\u00eca d&#8217;Italia si \u00e8 celebrato il Natale con iniziative, incontri e attivit\u00e0 varie.<\/div>\n<div>La cooperativa <strong><span class=\"il\">Fe<\/span> <span class=\"il\">y<\/span> <span class=\"il\">Alegr\u00eca<\/span>\u00a0di Genova<\/strong> ha celebrato la festa natalizia insieme ai ragazzi, agli insegnanti, ai genitori, agli amici e a molti &#8220;invitati speciali&#8221;. \u00a0Durante la festa si sono svolti laboratori artistici e premiazioni: la prima premiazione ha riguardato il tema sulla \u201cPace\u201d, affrontato e preparato dai ragazzi il giorno precedente. Il vincitore del laboratorio\u00a0\u00e8 risultato l\u2019alunno Quinapallo Joan, che attualmente frequenta l\u2019ultimo anno della scuola superiore.\u00a0La giuria (composta da Sebastiano Bella, segretario Comitato per Colombo, Antonio Garabetta delegato regionale, Salvatore Giordano, delegato allo sport e Bruno Aloi, presidente del Comitato per Colombo, tutti grandi amici e sostenitori dell\u2019Istituto) ha stabilito che il lavoro\u00a0dell\u2019allievo Quinapallo costituiva una elaborazione originale,\u00a0chiara e coerente del significato di \u201dPace\u201d.\u00a0La seconda premiazione ha riguardato invece la fotografia. Il soggetto doveva essere \u201cla Citta di Genova\u201d e il primo premio \u00e8 andato all\u2019allieva Morales Dayana, con una bellissima fotografia in bianco e nero di una tipica scalinata genovese di notte.\u00a0Durante la festa si sono svolti anche laboratori di disegno e pittura, con creazioni di addobbi natalizi e decorazioni per torte.\u00a0Un momento speciale della serata \u00e8 stato l&#8217;intervento di Padre Daniel, che ha sottolineato quanto sia importante vivere ogni anno il Natale facendo nascere Ges\u00f9 &#8220;realmente&#8221; dentro ognuno di noi.<\/div>\n<div>La serata si \u00e8 conclusa condividendo un rinfresco composto da ci\u00f2 che ognuno aveva portato.<\/div>\n<div>Gli allievi della scuola dell&#8217;anno 2012 hanno anche realizzato uno video\/spot dell&#8217;Istituto <span class=\"il\">Fe<\/span> <span class=\"il\">Y<\/span> <span class=\"il\">Alegria<\/span> Genova, visibile al seguente indirizzo:\u00a0<a href=\"https:\/\/youtu.be\/arBs6uDAqC8\" target=\"_blank\" rel=\"noopener\">https:\/\/youtu.be\/arBs6uDAqC8<\/a>.<\/div>\n<div><\/div>\n<div>Anche alla <strong>scuola Fe y Alegr\u00eca di Milano<\/strong>, domenica 20 dicembre 2015 si \u00e8 celebrato il Natale del Signore, con un &#8220;presepe vivente&#8221;, canti, balli (con simpatiche &#8220;renne&#8221; natalizie) e con una celebrazione liturgica dettagliatamente preparata e curata. P. Vitangelo Denora, nel corso della celebrazione, ha evidenziato come tre verbi, tratti dalla parabola evangelica del &#8220;Padre Misericordioso&#8221;, possano aiutarci a cogliere il significato del Natale: &#8220;vedere&#8221;, cio\u00e8 guardare con attenzione gli altri e chi ci sta accanto con le sue necessit\u00e0 e bisogni; &#8220;incontrare&#8221;, per aiutare concretamente chi ci sta accanto soprattutto se \u00e8 bisognoso; &#8220;baciare&#8221;, nel senso di amare e volere il bene delle persone che incontriamo e con cui condividiamo tratti di vita.<\/div>\n<div><\/div>\n<div><img loading=\"lazy\" decoding=\"async\" class=\"aligncenter size-medium wp-image-822\" src=\"http:\/\/educazione.gesuiti.it\/wp-content\/uploads\/sites\/9\/2016\/01\/2016_01_fe-y-alegria2-300x300.jpg\" alt=\"2016_01_fe-y-alegria2\" width=\"300\" height=\"300\" srcset=\"https:\/\/www.gesuitieducazione.it\/wp-content\/uploads\/2016\/01\/2016_01_fe-y-alegria2-300x300.jpg 300w, https:\/\/www.gesuitieducazione.it\/wp-content\/uploads\/2016\/01\/2016_01_fe-y-alegria2-150x150.jpg 150w, https:\/\/www.gesuitieducazione.it\/wp-content\/uploads\/2016\/01\/2016_01_fe-y-alegria2.jpg 440w\" sizes=\"(max-width: 300px) 100vw, 300px\" \/><\/div>\n","protected":false},"excerpt":{"rendered":"<p>Anche nelle scuole Fe y Alegr\u00eca d&#8217;Italia si \u00e8 celebrato il Natale con iniziative, incontri e attivit\u00e0 varie. La cooperativa Fe y Alegr\u00eca\u00a0di Genova ha celebrato la festa natalizia insieme ai ragazzi, agli insegnanti, ai genitori, agli amici e a molti &#8220;invitati speciali&#8221;. \u00a0Durante la festa si sono svolti laboratori artistici e premiazioni: la prima [&hellip;]<\/p>\n","protected":false},"author":4,"featured_media":821,"comment_status":"closed","ping_status":"open","sticky":false,"template":"","format":"standard","meta":{"_acf_changed":false,"footnotes":""},"categories":[9,10],"tags":[69,70],"istituto":[],"partner":[],"class_list":["post-819","post","type-post","status-publish","format-standard","has-post-thumbnail","hentry","category-gesuiti-educazione","category-notizie","tag-fe-y-alegria","tag-natale"],"acf":[],"_links":{"self":[{"href":"https:\/\/www.gesuitieducazione.it\/en\/wp-json\/wp\/v2\/posts\/819"}],"collection":[{"href":"https:\/\/www.gesuitieducazione.it\/en\/wp-json\/wp\/v2\/posts"}],"about":[{"href":"https:\/\/www.gesuitieducazione.it\/en\/wp-json\/wp\/v2\/types\/post"}],"author":[{"embeddable":true,"href":"https:\/\/www.gesuitieducazione.it\/en\/wp-json\/wp\/v2\/users\/4"}],"replies":[{"embeddable":true,"href":"https:\/\/www.gesuitieducazione.it\/en\/wp-json\/wp\/v2\/comments?post=819"}],"version-history":[{"count":0,"href":"https:\/\/www.gesuitieducazione.it\/en\/wp-json\/wp\/v2\/posts\/819\/revisions"}],"wp:featuredmedia":[{"embeddable":true,"href":"https:\/\/www.gesuitieducazione.it\/en\/wp-json\/wp\/v2\/media\/821"}],"wp:attachment":[{"href":"https:\/\/www.gesuitieducazione.it\/en\/wp-json\/wp\/v2\/media?parent=819"}],"wp:term":[{"taxonomy":"category","embeddable":true,"href":"https:\/\/www.gesuitieducazione.it\/en\/wp-json\/wp\/v2\/categories?post=819"},{"taxonomy":"post_tag","embeddable":true,"href":"https:\/\/www.gesuitieducazione.it\/en\/wp-json\/wp\/v2\/tags?post=819"},{"taxonomy":"istituto","embeddable":true,"href":"https:\/\/www.gesuitieducazione.it\/en\/wp-json\/wp\/v2\/istituto?post=819"},{"taxonomy":"partner","embeddable":true,"href":"https:\/\/www.gesuitieducazione.it\/en\/wp-json\/wp\/v2\/partner?post=819"}],"curies":[{"name":"wp","href":"https:\/\/api.w.org\/{rel}","templated":true}]}}