{"id":795,"date":"2015-12-09T17:30:36","date_gmt":"2015-12-09T16:30:36","guid":{"rendered":"http:\/\/educazione.gesuiti.it\/?p=795"},"modified":"2015-12-09T17:30:36","modified_gmt":"2015-12-09T16:30:36","slug":"bari-ripensare-il-concetto-di-ex-alunno-della-compagnia-di-gesu","status":"publish","type":"post","link":"https:\/\/www.gesuitieducazione.it\/en\/bari-ripensare-il-concetto-di-ex-alunno-della-compagnia-di-gesu\/","title":{"rendered":"Bari. Ripensare il concetto di Ex-alunno della Compagnia di Ges\u00f9"},"content":{"rendered":"<p>Il Presidente Giuseppe Mariano, nella sua relazione, ha evidenziato che la Federazione \u00e8 attualmente impegnata per portare a termine il confronto con la Provincia d\u2019Italia della Compagnia di Ges\u00f9 in merito al <em>documento programmatico<\/em> presentato alla fine del 2008, che \u00e8 caratterizzato dal <em>ripensamento <\/em>del concetto di Ex Alunno\/a, in modo da favorire l\u2019evoluzione da Ex Alunno\/a di un singolo Istituto a quello di Ex Alunno\/a della Compagnia di Ges\u00f9 (viene cos\u00ec anche data maggiore evidenza al patrimonio spirituale ed educativo comune) e dalla <em>disponibilit\u00e0 a formulare proposte concrete di collaborazione <\/em>con i Padri, nei Collegi e in altre Opere, nello spirito dei documenti della Congregazione Generale e delle sollecitazioni dei Padri Generali.<\/p>\n<p>Inoltre, al momento\u00a0la Federazione \u00e8 anche\u00a0impegnata\u00a0nell\u2019<em>organizzazione del Congresso Europeo Ex Alunni\/e dei Gesuiti<\/em>, che si svolger\u00e0 a Roma dal 14 al 18 settembre 2016 e che avr\u00e0 per tema (titolo ancora provvisorio) \u201c<em>migranti, immigrati, rifugiati ed Ex Alunni\/e<\/em>\u201d.<\/p>\n<p>Dopo aver ricordato l\u2019incontro con il Padre Nicolas del dicembre 2008, nel corso del quale il Padre Generale ha sottolineato come la collaborazione dei laici ed in particolare degli Ex Alunni sia ormai \u201c<em>pacificamente reciproca<\/em>\u201d e come i Gesuiti siano \u201cpronti\u201d a collaborare con i laici per \u201crendere il regno di Dio pi\u00f9 visibile\u201d, \u00e8 stato\u00a0presentato l\u2019<em>opuscolo illustrativo <\/em>della storia e della vita della Federex, realizzato con l\u2019intento di far conoscere la storia\u00a0della Federazione\u00a0e le sue attivit\u00e0 non solo ai quadri dirigenti delle Associazioni, ma anche e soprattutto a tutti gli Ex Alunni ed in particolare dai giovani, ai quali \u00e8 affidato il futuro del Movimento Ex Alunni\/e dei Gesuiti (conoscere la storia di un\u2019associazione \u00e8\u00a0 infatti fondamentale per comprenderne a pieno lo spirito).\u00a0L&#8217;opuscolo contiene sia cenni storici relativi allapresenza dei Padri Gesuiti nelle citt\u00e0 sedi di Associazioni Ex Alunni sia alcuni dati essenziali riguardanti tutte le 22 Associazioni locali, che dal 1948 ad oggi hanno aderito alla Federex, molte delle quali per motivi vari, legati essenzialmente alla chiusura degli Istituti e\/o dei Collegi, hanno cessato ufficialmente di esistere. L\u2019opuscolo \u00e8 completato dall&#8217;inserimento di <em>alcuni testi di riferimento <\/em>e da alcuni <em>dati rilevanti per la Federazione<\/em>.<\/p>\n<p>L\u2019Assemblea ha poi preso le seguenti importanti decisioni:<\/p>\n<p>1. l\u2019Assemblea ha unanimemente deciso il <em>rientro della Federex nella Confederex<\/em>\u00a0e quindi la formale ricostituzione di un\u2019organizzazione nazionale unitaria di Ex Allievi della scuola cattolica, la qual cosa in tutti i Paesi del nostro continente rappresenta un valido strumento in difesa della scuola cattolica.<\/p>\n<p>2. Valutato molto positivamente che nel Collegio di Scutari (Albania) si sono poste le basi per la nascita di una locale associazione Ex Alunni e che, in modo assolutamente volontario, un gruppo di giovani \u201cEx\u201d sta concretamente operando per realizzare il sito internet dell\u2019Istituto, tiene lezioni per i ragazzi deboli della scuola e gestisce la biblioteca nelle ore pomeridiane, con un impegno concreto di \u201caiuto alla scuola\u201d di circa 20\/30 ore alla settimana, l\u2019Assemblea, accogliendo una richiesta dei Padri, ha unanimemente deciso che la Federex si faccia interamente carico per il 2015 di un contributo in favore di questi giovani \u201cvolontari\u201d di \u20ac. 1.500 e che per gli anni successivi le Associazioni tutte adottino insieme le azioni pi\u00f9 idonee per assicurare la continuit\u00e0 di un aiuto, che indicativamente \u00e8 stato quantificato in \u00a0\u00a0\u20ac. 1.100\/1.200 annui.\u00a0 Inoltre \u00e8 stata prevista l\u2019organizzazione di un viaggio a Scutari di Ex alunni\/e italiani per rafforzare i legami con i locali amici ex alunni.<\/p>\n<p>3. L\u2019Assemblea ha deliberato un\u2019ulteriore proroga del mandato dell\u2019attuale dirigenza della Federazione rinviando<em>\u00a0&#8220;la prevista elezione del Consiglio direttivo, confermando ad interim quello attualmente in carica, almeno sino al novembre 2015 e comunque nell\u2019attesa che siano giunti a conclusione\u00a0alcuni importanti processi in atto&#8221;.<\/em><\/p>\n<p><img loading=\"lazy\" decoding=\"async\" class=\"aligncenter size-medium wp-image-797\" src=\"http:\/\/educazione.gesuiti.it\/wp-content\/uploads\/sites\/9\/2015\/12\/67_federex0027-300x300.jpg\" alt=\"67_federex0027\" width=\"300\" height=\"300\" srcset=\"https:\/\/www.gesuitieducazione.it\/wp-content\/uploads\/2015\/12\/67_federex0027-300x300.jpg 300w, https:\/\/www.gesuitieducazione.it\/wp-content\/uploads\/2015\/12\/67_federex0027-150x150.jpg 150w, https:\/\/www.gesuitieducazione.it\/wp-content\/uploads\/2015\/12\/67_federex0027.jpg 440w\" sizes=\"(max-width: 300px) 100vw, 300px\" \/><\/p>\n","protected":false},"excerpt":{"rendered":"<p>Il 7 e l\u20198 novembre 2015 si \u00e8 riunita a Bari l\u2019Assemblea della Federazione Italiana Ex Alunni\/e dei Gesuiti con la partecipazione dei delegati di 9 Associazioni locali aderenti (erano assenti solo quelli di Roma Mondragone).<\/p>\n","protected":false},"author":4,"featured_media":799,"comment_status":"closed","ping_status":"open","sticky":false,"template":"","format":"standard","meta":{"_acf_changed":false,"footnotes":""},"categories":[9,10],"tags":[67,68],"istituto":[],"partner":[],"class_list":["post-795","post","type-post","status-publish","format-standard","has-post-thumbnail","hentry","category-gesuiti-educazione","category-notizie","tag-ex-alunni","tag-federex"],"acf":[],"_links":{"self":[{"href":"https:\/\/www.gesuitieducazione.it\/en\/wp-json\/wp\/v2\/posts\/795"}],"collection":[{"href":"https:\/\/www.gesuitieducazione.it\/en\/wp-json\/wp\/v2\/posts"}],"about":[{"href":"https:\/\/www.gesuitieducazione.it\/en\/wp-json\/wp\/v2\/types\/post"}],"author":[{"embeddable":true,"href":"https:\/\/www.gesuitieducazione.it\/en\/wp-json\/wp\/v2\/users\/4"}],"replies":[{"embeddable":true,"href":"https:\/\/www.gesuitieducazione.it\/en\/wp-json\/wp\/v2\/comments?post=795"}],"version-history":[{"count":0,"href":"https:\/\/www.gesuitieducazione.it\/en\/wp-json\/wp\/v2\/posts\/795\/revisions"}],"wp:featuredmedia":[{"embeddable":true,"href":"https:\/\/www.gesuitieducazione.it\/en\/wp-json\/wp\/v2\/media\/799"}],"wp:attachment":[{"href":"https:\/\/www.gesuitieducazione.it\/en\/wp-json\/wp\/v2\/media?parent=795"}],"wp:term":[{"taxonomy":"category","embeddable":true,"href":"https:\/\/www.gesuitieducazione.it\/en\/wp-json\/wp\/v2\/categories?post=795"},{"taxonomy":"post_tag","embeddable":true,"href":"https:\/\/www.gesuitieducazione.it\/en\/wp-json\/wp\/v2\/tags?post=795"},{"taxonomy":"istituto","embeddable":true,"href":"https:\/\/www.gesuitieducazione.it\/en\/wp-json\/wp\/v2\/istituto?post=795"},{"taxonomy":"partner","embeddable":true,"href":"https:\/\/www.gesuitieducazione.it\/en\/wp-json\/wp\/v2\/partner?post=795"}],"curies":[{"name":"wp","href":"https:\/\/api.w.org\/{rel}","templated":true}]}}