{"id":789,"date":"2015-12-05T13:20:26","date_gmt":"2015-12-05T12:20:26","guid":{"rendered":"http:\/\/educazione.gesuiti.it\/?p=789"},"modified":"2025-12-24T10:02:01","modified_gmt":"2025-12-24T09:02:01","slug":"udienza-allassociazione-genitori-scuole-cattoliche-agesc","status":"publish","type":"post","link":"https:\/\/www.gesuitieducazione.it\/en\/udienza-allassociazione-genitori-scuole-cattoliche-agesc\/","title":{"rendered":"Udienza all\u2019Associazione Genitori Scuole Cattoliche (AGESC)"},"content":{"rendered":"<p>Cari fratelli e sorelle,<\/p>\n<p>con piacere do il benvenuto a tutti voi, rappresentanti dell\u2019Associazione dei Genitori delle Scuole Cattoliche, nella ricorrenza dei quarant\u2019anni della vostra fondazione. Siete qui non solo per confermarvi nel vostro cammino di fede, ma anche per esprimere la verit\u00e0 dell\u2019impegno che vi contraddistingue: quello, liberamente assunto, di essere educatori secondo il cuore di Dio e della Chiesa.<\/p>\n<p>Si \u00e8 svolto da poco un importante Congresso mondiale organizzato dalla Congregazione per l\u2019Educazione cattolica. In tale circostanza ho evidenziato l\u2019importanza di promuovere un\u2019educazione alla\u00a0<i>pienezza dell\u2019umanit\u00e0<\/i>, perch\u00e9 <strong>parlare di educazione cattolica equivale a parlare di umano, di umanesimo<\/strong>. Ho esortato a <strong>un\u2019educazione\u00a0<i>inclusiva<\/i>, un\u2019educazione che faccia posto a tutti e non selezioni in maniera elitaria i destinatari del suo impegno<\/strong>.<\/p>\n<p>\u00c8 la stessa sfida che oggi sta anche davanti a voi. La vostra Associazione si pone al servizio della scuola e della famiglia, contribuendo al delicato compito di\u00a0<i>gettare ponti tra scuola e territorio, tra scuola e famiglia, tra scuola e istituzioni civili<\/i>. <strong>Ripristinare il patto educativo, perch\u00e9 il patto educativo si \u00e8 rovinato, perch\u00e9 il patto educativo \u00e8 rotto!, e dobbiamo ripristinarlo.<\/strong> Gettare ponti: non c\u2019\u00e8 sfida pi\u00f9 nobile! Costruire unione dove avanza la divisione, generare armonia quando sembra avere la meglio la logica dell\u2019esclusione e dell\u2019emarginazione.<\/p>\n<p>Come associazione ecclesiale, voi attingete dal cuore stesso della Chiesa l\u2019abbondanza della misericordia, che fa del vostro lavoro un servizio quotidiano per gli altri. Come genitori, siete\u00a0<i>depositari del dovere e del diritto primario e irrinunciabile di educare i figli<\/i>, aiutando in tal senso in maniera positiva e costante il compito della scuola. Spetta a voi il diritto di richiedere un\u2019educazione conveniente per i vostri figli, un\u2019educazione\u00a0<i>integrale e aperta ai pi\u00f9 autentici valori umani e cristiani<\/i>. Compete anche a voi, per\u00f2, far s\u00ec che la scuola sia all\u2019altezza del compito educativo che le \u00e8 affidato, in particolare quando l\u2019educazione che propone si esprime come \u201ccattolica\u201d. <strong>Prego il Signore che la scuola cattolica non dia mai per scontato il significato di questo aggettivo! Infatti, essere educatori\u00a0<i>cattolici<\/i>\u00a0fa la differenza.<\/strong><\/p>\n<p>E allora dobbiamo domandarci: quali sono i requisiti per cui una scuola possa dirsi veramente\u00a0<i>cattolica<\/i>? Questo pu\u00f2 essere un buon lavoro da fare nella vostra associazione. Voi certamente lo avete fatto e lo fate; ma i risultati non sono mai acquisiti una volta per tutte. Ad esempio: sappiamo che <strong>la scuola cattolica deve trasmettere una cultura\u00a0<i>integrale, non ideologica<\/i>.<\/strong> Ma che cosa significa questo concretamente? O ancora, siamo convinti che <strong>la scuola cattolica \u00e8 chiamata a favorire\u00a0<i>l\u2019armonia delle diversit\u00e0<\/i>.<\/strong> Come si pu\u00f2 attuare questo in concreto? E\u2019 una sfida tutt\u2019altro che facile. Grazie a Dio ci sono, in Italia e nel mondo, tante esperienze positive che si possono conoscere e condividere.<\/p>\n<p>Nell\u2019incontro che ebbe con voi nel giugno del 1998, san Giovanni Paolo II ribad\u00ec l\u2019importanza del \u201cponte\u201d che deve esistere tra scuola e societ\u00e0. Non vi sfugga mai l\u2019esigenza di costruire una comunit\u00e0 educante in cui, insieme ai docenti, ai vari operatori e agli studenti, <strong>voi genitori possiate essere\u00a0<i>protagonisti del processo educativo<\/i><\/strong>.<\/p>\n<p>Non siate fuori dal mondo, ma vivi, come il lievito nella pasta. L\u2019invito che vi rivolgo \u00e8 semplice ma audace:\u00a0<i>sappiate fare la differenza con la qualit\u00e0 formativa<\/i>. Sappiate trovare modi e vie per non passare inosservati dietro le quinte della societ\u00e0 e della cultura. Non destando clamori, non con progetti farciti di retorica. Sappiate distinguervi per la vostra costante attenzione alla persona, in modo speciale agli ultimi, a chi \u00e8 scartato, rifiutato, dimenticato. Sappiate farvi notare non per la \u201cfacciata\u201d, ma per una coerenza educativa radicata nella visione cristiana dell\u2019uomo e della societ\u00e0.<\/p>\n<p><strong>In un momento in cui la crisi economica si fa sentire pesantemente anche sulle scuole paritarie, molte delle quali sono costrette a chiudere, la tentazione dei \u201cnumeri\u201d si affaccia con pi\u00f9 insistenza, e con essa quella dello scoraggiamento. Ma nonostante tutto vi ripeto: la differenza si fa con la qualit\u00e0 della vostra presenza, e non con la quantit\u00e0 di risorse che si \u00e8 in grado di mettere in campo.<\/strong> La qualit\u00e0 della vostra presenza, l\u00ec, per fare ponti. E mi \u00e8 piaciuto che Lei\u00a0<i>[si rivolge al Presidente]<\/i>, parlando della scuola, abbia parlato dei bambini, dei genitori e anche dei nonni. Perch\u00e9 i nonni hanno da fare! Non scartare i nonni che sono la memoria viva del popolo!<\/p>\n<p><strong>Non svendete mai i valori umani e cristiani di cui siete testimoni nella famiglia, nella scuola, nella societ\u00e0. Date generosamente il vostro contributo perch\u00e9 la scuola cattolica non diventi mai un \u201cripiego\u201d, o un\u2019alternativa insignificante tra le varie istituzioni formative.<\/strong> Collaborate affinch\u00e9 l\u2019educazione cattolica abbia\u00a0<i>il volto di quel nuovo umanesimo<\/i>\u00a0emerso dal Convegno ecclesiale di Firenze. Impegnatevi affinch\u00e9 le scuole cattoliche siano\u00a0<i>veramente aperte<\/i>\u00a0<i>a tutti<\/i>. Il Signore Ges\u00f9, che nella santa Famiglia di Nazareth crebbe in et\u00e0, sapienza e grazia (cfr\u00a0<i>Lc<\/i>\u00a02,52), accompagni i vostri passi e benedica il vostro impegno quotidiano.<\/p>\n<p>Grazie di questo incontro, grazie del vostro lavoro e della vostra testimonianza. Vi assicuro il mio ricordo nella preghiera. E voi, per favore, non dimenticatevi di pregare per me.<\/p>\n<h2>Aula Paolo VI\u00a0(Citt\u00e0 del Vaticano), 5 dicembre 2015<\/h2>\n","protected":false},"excerpt":{"rendered":"<p>Cari fratelli e sorelle, con piacere do il benvenuto a tutti voi, rappresentanti dell\u2019Associazione dei Genitori delle Scuole Cattoliche, nella ricorrenza dei quarant\u2019anni della vostra fondazione. Siete qui non solo per confermarvi nel vostro cammino di fede, ma anche per esprimere la verit\u00e0 dell\u2019impegno che vi contraddistingue: quello, liberamente assunto, di essere educatori secondo il [&hellip;]<\/p>\n","protected":false},"author":6,"featured_media":7806,"comment_status":"closed","ping_status":"open","sticky":false,"template":"","format":"standard","meta":{"_acf_changed":false,"footnotes":""},"categories":[9,17],"tags":[],"istituto":[],"partner":[],"class_list":["post-789","post","type-post","status-publish","format-standard","has-post-thumbnail","hentry","category-gesuiti-educazione","category-papa"],"acf":[],"_links":{"self":[{"href":"https:\/\/www.gesuitieducazione.it\/en\/wp-json\/wp\/v2\/posts\/789"}],"collection":[{"href":"https:\/\/www.gesuitieducazione.it\/en\/wp-json\/wp\/v2\/posts"}],"about":[{"href":"https:\/\/www.gesuitieducazione.it\/en\/wp-json\/wp\/v2\/types\/post"}],"author":[{"embeddable":true,"href":"https:\/\/www.gesuitieducazione.it\/en\/wp-json\/wp\/v2\/users\/6"}],"replies":[{"embeddable":true,"href":"https:\/\/www.gesuitieducazione.it\/en\/wp-json\/wp\/v2\/comments?post=789"}],"version-history":[{"count":1,"href":"https:\/\/www.gesuitieducazione.it\/en\/wp-json\/wp\/v2\/posts\/789\/revisions"}],"predecessor-version":[{"id":7808,"href":"https:\/\/www.gesuitieducazione.it\/en\/wp-json\/wp\/v2\/posts\/789\/revisions\/7808"}],"wp:featuredmedia":[{"embeddable":true,"href":"https:\/\/www.gesuitieducazione.it\/en\/wp-json\/wp\/v2\/media\/7806"}],"wp:attachment":[{"href":"https:\/\/www.gesuitieducazione.it\/en\/wp-json\/wp\/v2\/media?parent=789"}],"wp:term":[{"taxonomy":"category","embeddable":true,"href":"https:\/\/www.gesuitieducazione.it\/en\/wp-json\/wp\/v2\/categories?post=789"},{"taxonomy":"post_tag","embeddable":true,"href":"https:\/\/www.gesuitieducazione.it\/en\/wp-json\/wp\/v2\/tags?post=789"},{"taxonomy":"istituto","embeddable":true,"href":"https:\/\/www.gesuitieducazione.it\/en\/wp-json\/wp\/v2\/istituto?post=789"},{"taxonomy":"partner","embeddable":true,"href":"https:\/\/www.gesuitieducazione.it\/en\/wp-json\/wp\/v2\/partner?post=789"}],"curies":[{"name":"wp","href":"https:\/\/api.w.org\/{rel}","templated":true}]}}