{"id":785,"date":"2015-12-04T09:49:52","date_gmt":"2015-12-04T08:49:52","guid":{"rendered":"http:\/\/educazione.gesuiti.it\/?p=785"},"modified":"2015-12-04T09:49:52","modified_gmt":"2015-12-04T08:49:52","slug":"diamo-i-numeri","status":"publish","type":"post","link":"https:\/\/www.gesuitieducazione.it\/en\/diamo-i-numeri\/","title":{"rendered":"Scuole. Diamo i numeri&#8230; e non solo!"},"content":{"rendered":"<p>Il progetto, che vede coinvolti\u00a0l\u2019<a href=\"http:\/\/educazione.gesuiti.it\/?luogo=istituto-sociale-torino\"><strong>Istituto Sociale<\/strong> di Torino<\/a>\u00a0e il <a href=\"http:\/\/educazione.gesuiti.it\/?bookmark=istituto-leone-xiii-milano\"><strong>Leone XIII<\/strong> di Milano<\/a>\u00a0nell\u2019ottica sempre pi\u00f9 ampia di <strong>lavori in rete<\/strong> <strong>e di collaborazione tra le nostre scuole<\/strong>, ha\u00a0per protagonisti un gruppo di \u00a0studenti scelti tra le classi terze della <strong>Scuola Secondaria di I Grado<\/strong> e delle classi prime del\u00a0<strong>Liceo<\/strong>, selezionati tra quanti abbiano dimostrato particolare attitudine per la Matematica, ma che si siano distinti anche per i buoni risultati \u00a0in un solido curricolo scolastico complessivo e \u2013 non ultimo \u2013 per il proprio atteggiamento e la qualit\u00e0 del proprio stare a scuola.<\/p>\n<p>L\u2019iniziativa, oltre ad avere una valenza didattica forte (si confrontano \u201cin verticale\u201d all\u2019interno di uno specifico ambito disciplinare, ragazzi di due plessi diversi, la scuola media e il liceo scientifico), rappresenta un momento educativo particolarmente importante in quanto offre ai ragazzi <strong>l\u2019opportunit\u00e0 di sapersi confrontare con coetanei di un\u2019altra realt\u00e0 scolastica ignaziana che condividono una matrice pedagogica comune.<\/strong><\/p>\n<p>Le attivit\u00e0 proposte sono prevalentemente\u00a0<strong>giochi logico-matematici<\/strong>, strutturati in una sorta di percorso \/ competizione piuttosto impegnativo, che richiede condizioni di lavoro efficace e sereno, tali da aiutare i ragazzi a concentrarsi sulle attivit\u00e0 proposte e vivere questa esperienza particolare in un ambiente extra scolastico.\u00a0E\u2019 per questo motivo che, come nelle precedenti edizioni, si \u00e8 scelto di svolgere il progetto nella magnifica cornice di <strong>Gressoney St. Jean<\/strong>, presso la <strong><a href=\"http:\/\/www.leonexiii.it\/strutture\/casa-vacanze-gressoney\/\">Villa Belvedere<\/a><\/strong> del Leone XIII, in un contesto che garantisce un clima di serena concentrazione, ma anche di piacevole condivisione e convivialit\u00e0.<\/p>\n<p>Lavori di gruppo, quesiti di matematica su numeri, geometria e logica hanno impegnato le ragazze e i ragazzi partecipanti per tre giorni interi. Marted\u00ec mattina, dopo i lavori di gruppo, i ragazzi hanno fatto una passeggiata nel centro di Gressoney e, dopo un intenso pomeriggio di lavoro e l\u2019ottima cena, si sono cimentati in una caccia al tesoro matematica! Mercoled\u00ec mattina \u00e8 stata la volta della gara individuale, con relativi vincitori.<\/p>\n<p>Ecco alcune impressioni \u201ca caldo\u201d da parte dei partecipanti: \u201c\u00c8 stata un\u2019esperienza bellissima, un momento in cui ho potuto conoscere nuove persone, imparare a collaborare e anche nuovi metodi per risolvere i problemi\u201d, \u201cho capito dei concetti che non avevo mai affrontato prima\u201d, \u201cmi \u00e8 piaciuto molto lavorare in gruppo, sia per conoscerci meglio, sia per avere la possibilit\u00e0 di avere pi\u00f9 opinioni diverse sullo stesso argomento\u201d, \u201cmi sono divertito a lavorare in gruppo, cos\u00ec potevo sentire le idee dei miei compagni e confrontarle con gli altri\u201d, \u201cho imparato a usare la logica, ma pi\u00f9 che altro ho imparato a lavorare con un gruppo\u201d, \u201c\u00e8 bello confrontarsi con gli altri e capire il loro punto di vista\u201d. Queste parole dei ragazzi che hanno partecipato ci fanno capire di quanti valori \u00e8 portatrice la matematica agli occhi dei pi\u00f9 giovani e quanto possa essere un veicolo di amicizia, che, come ha ricordato anche Padre Eraldo Cacchione \u2013 che \u00e8 passato a salutare i matematici al lavoro \u2013 permette di \u201cessere uno e rimanere due\u201d.<\/p>\n","protected":false},"excerpt":{"rendered":"<p>Luned\u00ec 30 novembre ha preso avvio la quinta edizione del progetto di potenziamento della matematica \u201cDiamo i numeri\u2026 e non solo!\u201d, una iniziativa di eccellenza diventata ormai appuntamento tradizionale d\u2019autunno delle nostre scuole.<\/p>\n","protected":false},"author":4,"featured_media":786,"comment_status":"closed","ping_status":"open","sticky":false,"template":"","format":"standard","meta":{"_acf_changed":false,"footnotes":""},"categories":[9,10],"tags":[64,65,66],"istituto":[],"partner":[],"class_list":["post-785","post","type-post","status-publish","format-standard","has-post-thumbnail","hentry","category-gesuiti-educazione","category-notizie","tag-eccellenza","tag-gressoney","tag-matematica"],"acf":[],"_links":{"self":[{"href":"https:\/\/www.gesuitieducazione.it\/en\/wp-json\/wp\/v2\/posts\/785"}],"collection":[{"href":"https:\/\/www.gesuitieducazione.it\/en\/wp-json\/wp\/v2\/posts"}],"about":[{"href":"https:\/\/www.gesuitieducazione.it\/en\/wp-json\/wp\/v2\/types\/post"}],"author":[{"embeddable":true,"href":"https:\/\/www.gesuitieducazione.it\/en\/wp-json\/wp\/v2\/users\/4"}],"replies":[{"embeddable":true,"href":"https:\/\/www.gesuitieducazione.it\/en\/wp-json\/wp\/v2\/comments?post=785"}],"version-history":[{"count":0,"href":"https:\/\/www.gesuitieducazione.it\/en\/wp-json\/wp\/v2\/posts\/785\/revisions"}],"wp:featuredmedia":[{"embeddable":true,"href":"https:\/\/www.gesuitieducazione.it\/en\/wp-json\/wp\/v2\/media\/786"}],"wp:attachment":[{"href":"https:\/\/www.gesuitieducazione.it\/en\/wp-json\/wp\/v2\/media?parent=785"}],"wp:term":[{"taxonomy":"category","embeddable":true,"href":"https:\/\/www.gesuitieducazione.it\/en\/wp-json\/wp\/v2\/categories?post=785"},{"taxonomy":"post_tag","embeddable":true,"href":"https:\/\/www.gesuitieducazione.it\/en\/wp-json\/wp\/v2\/tags?post=785"},{"taxonomy":"istituto","embeddable":true,"href":"https:\/\/www.gesuitieducazione.it\/en\/wp-json\/wp\/v2\/istituto?post=785"},{"taxonomy":"partner","embeddable":true,"href":"https:\/\/www.gesuitieducazione.it\/en\/wp-json\/wp\/v2\/partner?post=785"}],"curies":[{"name":"wp","href":"https:\/\/api.w.org\/{rel}","templated":true}]}}