{"id":7612,"date":"2025-10-03T09:00:00","date_gmt":"2025-10-03T08:00:00","guid":{"rendered":"https:\/\/www.gesuitieducazione.it\/?p=7612"},"modified":"2025-10-17T08:45:31","modified_gmt":"2025-10-17T07:45:31","slug":"saint-ignatius-of-loyola-and-the-night-of-manresa-the-origin-of-ignatian-discernment","status":"publish","type":"post","link":"https:\/\/www.gesuitieducazione.it\/en\/saint-ignatius-of-loyola-and-the-night-of-manresa-the-origin-of-ignatian-discernment\/","title":{"rendered":"Saint Ignatius of Loyola and the Night of Manresa: the origin of Ignatian discernment"},"content":{"rendered":"\n<h3 class=\"wp-block-heading\"><em>L\u2019inizio del discernimento<\/em><\/h3>\n\n<p><strong>Dopo aver rinunciato agli abiti nobili e alla spada<\/strong> \u2014 simboli di una vita legata al potere e all\u2019onore cavalleresco \u2014 <strong>Ignazio di Loyola intraprese un cammino di profonda conversione<\/strong>. La sua svolta decisiva avvenne a Manresa, in Catalogna (1522-1523), luogo che ancora oggi rappresenta un punto centrale della spiritualit\u00e0 ignaziana.<\/p>\n\n<p>Durante quasi un anno di permanenza, Sant\u2019Ignazio consolid\u00f2 la sua Fede in Cristo e visse un\u2019esperienza di rivelazione spirituale che avrebbe segnato per sempre la sua vita e l\u2019intera storia della Compagnia di Ges\u00f9.<\/p>\n\n<h6 class=\"wp-block-heading\">L\u2019addio al cavaliere, la nascita del discepolo<\/h6>\n\n<p>La trasformazione ebbe inizio nel 1521, quando Ignazio fu gravemente ferito a Pamplona. Durante la lunga convalescenza, trovando a disposizione solo testi religiosi, si immerse nella lettura della vita di Cristo e dei santi. Nacque in lui il desiderio di abbandonare gli ideali cavallereschi per intraprendere un cammino di vocazione religiosa.<\/p>\n\n<p>Mosso dall\u2019intenzione di visitare la Terra Santa, pass\u00f2 da Montserrat, dove lasci\u00f2 definitivamente gli abiti eleganti per vestire panni poveri, e si diresse verso Barcellona. L\u2019epidemia di peste che colpiva la citt\u00e0 gli imped\u00ec di imbarcarsi per Gerusalemme e lo port\u00f2 a fermarsi a Manresa, una tappa imprevista che si rivel\u00f2 decisiva.<\/p>\n\n<h6 class=\"wp-block-heading\">Tra penitenza, crisi e rinascita<\/h6>\n\n<p>A Manresa Sant\u2019Ignazio visse per circa undici mesi in grande semplicit\u00e0, ospitato nell\u2019ospedale per poveri, sostenuto dal digiuno, dalla penitenza e da lunghe ore di preghiera. Amava ritirarsi nella Grotta di Manresa, oggi santuario gesuita e meta di pellegrinaggi, dove si dedicava alla meditazione e al silenzio.<\/p>\n\n<p>Accanto a questo intenso desiderio di vita ascetica, visse momenti di forte turbamento interiore, segnati da dubbi e tormenti. Da quel travaglio nacquero intuizioni che lo condussero a un processo di rinnovamento spirituale e a una profonda esperienza mistica.<\/p>\n\n<h6 class=\"wp-block-heading\">La \u201cNotte di Manresa\u201d e il fiume Cardoner<\/h6>\n\n<p>Una notte, contemplando le acque del fiume Cardoner, Ignazio ebbe una rivelazione che trasform\u00f2 la sua visione del mondo e della fede. Come egli stesso ricord\u00f2, fu un momento di conoscenza interiore unico, che mai pi\u00f9 gli sarebbe stato concesso in tale intensit\u00e0.<\/p>\n\n<p>Quell\u2019esperienza mistica, conosciuta come la \u201cNotte di Manresa\u201d, divenne simbolo della conversione di Ignazio e dell\u2019origine del discernimento ignaziano: la capacit\u00e0 di riconoscere, tra i moti interiori, quelli che avvicinano a Dio (consolazioni) da quelli che portano lontano (desolazioni).<\/p>\n\n<h6 class=\"wp-block-heading\">Dal discernimento agli Esercizi Spirituali<\/h6>\n\n<p>Da quella rivelazione nacque il metodo che avrebbe segnato la spiritualit\u00e0 gesuita: gli Esercizi Spirituali di Sant\u2019Ignazio. Non una teoria astratta, ma un\u2019esperienza concreta di ascolto e di discernimento, capace di guidare ogni persona a leggere la propria interiorit\u00e0 e a orientare le proprie scelte verso Dio.<\/p>\n\n<p>Quella che inizialmente fu un\u2019esperienza personale, maturata nella solitudine e nel silenzio di Manresa, divenne il cuore della pedagogia ignaziana, oggi patrimonio vivo della Compagnia di Ges\u00f9 e delle sue opere educative nel mondo.<\/p>\n\n<h6 class=\"wp-block-heading\">Un\u2019eredit\u00e0 sempre attuale<\/h6>\n\n<p>L\u2019esperienza di Manresa ricorda che i momenti di fragilit\u00e0 non sono solo ostacoli, ma possono diventare occasioni di crescita e trasformazione. Manresa non \u00e8 solo un episodio del passato, ma un invito sempre attuale a fermarsi, riflettere e lasciarsi guidare dalla voce interiore che conduce a Dio.<\/p>\n","protected":false},"excerpt":{"rendered":"<p>In Manresa, Saint Ignatius of Loyola lived his turning point: the Night of Manresa, origin of Ignatian discernment and the Spiritual Exercises.<\/p>\n","protected":false},"author":6,"featured_media":7610,"comment_status":"closed","ping_status":"closed","sticky":false,"template":"","format":"standard","meta":{"_acf_changed":false,"footnotes":""},"categories":[331],"tags":[],"istituto":[],"partner":[],"class_list":["post-7612","post","type-post","status-publish","format-standard","has-post-thumbnail","hentry","category-storia"],"acf":[],"_links":{"self":[{"href":"https:\/\/www.gesuitieducazione.it\/en\/wp-json\/wp\/v2\/posts\/7612"}],"collection":[{"href":"https:\/\/www.gesuitieducazione.it\/en\/wp-json\/wp\/v2\/posts"}],"about":[{"href":"https:\/\/www.gesuitieducazione.it\/en\/wp-json\/wp\/v2\/types\/post"}],"author":[{"embeddable":true,"href":"https:\/\/www.gesuitieducazione.it\/en\/wp-json\/wp\/v2\/users\/6"}],"replies":[{"embeddable":true,"href":"https:\/\/www.gesuitieducazione.it\/en\/wp-json\/wp\/v2\/comments?post=7612"}],"version-history":[{"count":3,"href":"https:\/\/www.gesuitieducazione.it\/en\/wp-json\/wp\/v2\/posts\/7612\/revisions"}],"predecessor-version":[{"id":7623,"href":"https:\/\/www.gesuitieducazione.it\/en\/wp-json\/wp\/v2\/posts\/7612\/revisions\/7623"}],"wp:featuredmedia":[{"embeddable":true,"href":"https:\/\/www.gesuitieducazione.it\/en\/wp-json\/wp\/v2\/media\/7610"}],"wp:attachment":[{"href":"https:\/\/www.gesuitieducazione.it\/en\/wp-json\/wp\/v2\/media?parent=7612"}],"wp:term":[{"taxonomy":"category","embeddable":true,"href":"https:\/\/www.gesuitieducazione.it\/en\/wp-json\/wp\/v2\/categories?post=7612"},{"taxonomy":"post_tag","embeddable":true,"href":"https:\/\/www.gesuitieducazione.it\/en\/wp-json\/wp\/v2\/tags?post=7612"},{"taxonomy":"istituto","embeddable":true,"href":"https:\/\/www.gesuitieducazione.it\/en\/wp-json\/wp\/v2\/istituto?post=7612"},{"taxonomy":"partner","embeddable":true,"href":"https:\/\/www.gesuitieducazione.it\/en\/wp-json\/wp\/v2\/partner?post=7612"}],"curies":[{"name":"wp","href":"https:\/\/api.w.org\/{rel}","templated":true}]}}