{"id":7550,"date":"2025-09-25T09:00:00","date_gmt":"2025-09-25T08:00:00","guid":{"rendered":"https:\/\/www.gesuitieducazione.it\/?p=7550"},"modified":"2025-10-02T09:11:33","modified_gmt":"2025-10-02T08:11:33","slug":"the-society-of-jesus-after-the-second-vatican-council","status":"publish","type":"post","link":"https:\/\/www.gesuitieducazione.it\/en\/the-society-of-jesus-after-the-second-vatican-council\/","title":{"rendered":"The Society of Jesus after the Second Vatican Council\u00a0"},"content":{"rendered":"\n<p><\/p>\n\n<h3 class=\"wp-block-heading\">Dall\u2019eredit\u00e0 conciliare al rinnovamento gesuita tra fede, giustizia ed educazione<\/h3>\n\n<p><strong>Inaugurato da Papa Giovanni XXIII nel 1962 e concluso tre anni dopo da Paolo VI, il Concilio Vaticano II rappresent\u00f2 una svolta epocale per la Chiesa cattolica<\/strong>. Per la Compagnia di Ges\u00f9, gi\u00e0 fortemente impegnata in ambito educativo, missionario e sociale, si apr\u00ec una fase di profondo rinnovamento e di ridefinizione del proprio ruolo. I gesuiti si trovarono davanti alla responsabilit\u00e0 di incarnare le intuizioni conciliari nella propria opera apostolica.<\/p>\n\n<p><strong>Una nuova visione di Chiesa<\/strong><br\/>Il Concilio trasform\u00f2 radicalmente il mondo cattolico introducendo la visione della Chiesa come \u00abPopolo di Dio\u00bb. Le novit\u00e0 principali riguardarono:<\/p>\n\n<ul class=\"wp-block-list\">\n<li>il rafforzamento del ruolo dei laici;<\/li>\n\n\n\n<li>l\u2019introduzione delle lingue locali nella liturgia accanto al latino;<\/li>\n\n\n\n<li>il riconoscimento della centralit\u00e0 della Parola di Dio nella vita ecclesiale.<\/li>\n<\/ul>\n\n<p>Fu anche l\u2019inizio di un dialogo pi\u00f9 ampio con il mondo contemporaneo, con le altre confessioni cristiane e con le religioni non cristiane. La Chiesa intraprese cos\u00ec un cammino di apertura e vicinanza ai fedeli, di attenzione al cambiamento e al dinamismo della societ\u00e0. La Compagnia di Ges\u00f9 accolse questa trasformazione durante la sua 31\u00aa Congregazione Generale nel 1965.<\/p>\n\n<p><strong>La 31\u00aa Congregazione e la guida di Pedro Arrupe<\/strong><br\/>La convocazione della 31\u00aa Congregazione Generale, sotto la guida del Preposito Generale Padre Pedro Arrupe (1965-1983), segn\u00f2 l\u2019inizio di un processo di rinnovamento interno e di riformulazione della missione gesuita.<\/p>\n\n<p>Arrupe divenne una guida carismatica e concreta, traducendo le linee del Vaticano II in pilastri di azione: attenzione ai poveri, inculturazione della fede (adattamento del Vangelo alle diverse culture), dialogo interreligioso e impegno per la giustizia. Il suo motto, \u201cservire la fede, promuovere la giustizia\u201d, divenne la bussola che orient\u00f2 i gesuiti nell\u2019era postconciliare.<\/p>\n\n<p><strong>Tra giustizia sociale e dialogo educativo<\/strong><br\/>Nel solco del Concilio Vaticano II, i gesuiti riaffermarono il legame tra Vangelo e giustizia sociale. In particolare in America Latina, molti religiosi appoggiarono la teologia della liberazione, scegliendo di schierarsi con i poveri e gli emarginati. Alcuni pagarono questa scelta con la vita: \u00e8 il caso dei sei gesuiti assassinati il 16 novembre 1989 all\u2019Universit\u00e0 Centroamericana di San Salvador, per il loro impegno a favore degli oppressi.<\/p>\n\n<p>Parallelamente, la missione educativa gesuita continu\u00f2 a rinnovarsi. Collegi e universit\u00e0 promossero il dialogo tra fede, scienza e progresso, diventando luoghi di formazione e innovazione culturale. Anche la rivista La Civilt\u00e0 Cattolica svolse un ruolo fondamentale come strumento di riflessione cristiana capace di interpretare il mondo contemporaneo alla luce del Vangelo.<\/p>\n\n<p><strong>Spiritualit\u00e0 ignaziana e nuovi orizzonti<\/strong><br\/>Gli Esercizi Spirituali di Sant\u2019Ignazio, cuore della formazione gesuita, vennero reinterpretati in chiave moderna: non solo pratica interna alla Compagnia, ma anche esperienza aperta ai laici, per favorire un rapporto pi\u00f9 personale con la Parola di Dio.<\/p>\n\n<p>La spiritualit\u00e0 ignaziana rimase cos\u00ec il fondamento solido della Compagnia, pur aprendosi a nuovi contesti sociali e culturali, con una rinnovata attenzione al coinvolgimento attivo dei fedeli.<\/p>\n\n<p><strong>Un\u2019eredit\u00e0 viva e in continua evoluzione<\/strong><br\/>La fedelt\u00e0 al carisma di Sant\u2019Ignazio di Loyola e agli ideali del Concilio Vaticano II \u00e8 rimasta una costante nella Compagnia di Ges\u00f9. Il binomio fede e giustizia continua a orientare la missione gesuita in tutto il mondo, insieme all\u2019impegno educativo e alla promozione del dialogo interreligioso e dei diritti umani.<\/p>\n\n<p>Questa eredit\u00e0 ha trovato piena espressione anche con l\u2019elezione di Papa Francesco, primo pontefice gesuita, nel 2013: un segno che il rinnovamento postconciliare della Compagnia \u00e8 oggi parte integrante della vita della Chiesa universale.<\/p>\n","protected":false},"excerpt":{"rendered":"<p>Dall\u2019eredit\u00e0 conciliare al rinnovamento gesuita tra fede, giustizia ed educazione Inaugurato da Papa Giovanni XXIII nel 1962 e concluso tre anni dopo da Paolo VI, il Concilio Vaticano II rappresent\u00f2 una svolta epocale per la Chiesa cattolica. Per la Compagnia di Ges\u00f9, gi\u00e0 fortemente impegnata in ambito educativo, missionario e sociale, si apr\u00ec una fase [&hellip;]<\/p>\n","protected":false},"author":7,"featured_media":7545,"comment_status":"closed","ping_status":"closed","sticky":false,"template":"","format":"standard","meta":{"_acf_changed":false,"footnotes":""},"categories":[331],"tags":[],"istituto":[],"partner":[],"class_list":["post-7550","post","type-post","status-publish","format-standard","has-post-thumbnail","hentry","category-storia"],"acf":[],"_links":{"self":[{"href":"https:\/\/www.gesuitieducazione.it\/en\/wp-json\/wp\/v2\/posts\/7550"}],"collection":[{"href":"https:\/\/www.gesuitieducazione.it\/en\/wp-json\/wp\/v2\/posts"}],"about":[{"href":"https:\/\/www.gesuitieducazione.it\/en\/wp-json\/wp\/v2\/types\/post"}],"author":[{"embeddable":true,"href":"https:\/\/www.gesuitieducazione.it\/en\/wp-json\/wp\/v2\/users\/7"}],"replies":[{"embeddable":true,"href":"https:\/\/www.gesuitieducazione.it\/en\/wp-json\/wp\/v2\/comments?post=7550"}],"version-history":[{"count":4,"href":"https:\/\/www.gesuitieducazione.it\/en\/wp-json\/wp\/v2\/posts\/7550\/revisions"}],"predecessor-version":[{"id":7607,"href":"https:\/\/www.gesuitieducazione.it\/en\/wp-json\/wp\/v2\/posts\/7550\/revisions\/7607"}],"wp:featuredmedia":[{"embeddable":true,"href":"https:\/\/www.gesuitieducazione.it\/en\/wp-json\/wp\/v2\/media\/7545"}],"wp:attachment":[{"href":"https:\/\/www.gesuitieducazione.it\/en\/wp-json\/wp\/v2\/media?parent=7550"}],"wp:term":[{"taxonomy":"category","embeddable":true,"href":"https:\/\/www.gesuitieducazione.it\/en\/wp-json\/wp\/v2\/categories?post=7550"},{"taxonomy":"post_tag","embeddable":true,"href":"https:\/\/www.gesuitieducazione.it\/en\/wp-json\/wp\/v2\/tags?post=7550"},{"taxonomy":"istituto","embeddable":true,"href":"https:\/\/www.gesuitieducazione.it\/en\/wp-json\/wp\/v2\/istituto?post=7550"},{"taxonomy":"partner","embeddable":true,"href":"https:\/\/www.gesuitieducazione.it\/en\/wp-json\/wp\/v2\/partner?post=7550"}],"curies":[{"name":"wp","href":"https:\/\/api.w.org\/{rel}","templated":true}]}}