{"id":7522,"date":"2025-09-12T11:00:00","date_gmt":"2025-09-12T10:00:00","guid":{"rendered":"https:\/\/www.gesuitieducazione.it\/?p=7522"},"modified":"2025-09-15T16:33:17","modified_gmt":"2025-09-15T15:33:17","slug":"a-bridge-to-new-opportunities-for-the-97-new-graduates-of-fe-y-alegria-milano","status":"publish","type":"post","link":"https:\/\/www.gesuitieducazione.it\/en\/a-bridge-to-new-opportunities-for-the-97-new-graduates-of-fe-y-alegria-milano\/","title":{"rendered":"A bridge to new opportunities for the 97 new graduates of Fe y Alegr\u00eda Milano"},"content":{"rendered":"\n<p><strong>Novantasette studenti latinoamericani hanno festeggiato a Milano il conseguimento del Diploma della Repubblica dell\u2019Ecuador, riconosciuto in Italia come equivalente al diploma di scuola secondaria di secondo grado.<\/strong><\/p>\n\n<p>Un traguardo importante, frutto del programma di studi IRFEYAL \u2013 <a href=\"https:\/\/www.feyalegria.org\/italia\/it\/\" target=\"_blank\" rel=\"noreferrer noopener\">Fe y Alegr\u00eda<\/a> Milano, che si rivolge a giovani e adulti desiderosi di costruire un futuro migliore attraverso l\u2019educazione.<\/p>\n\n<p>I neodiplomati \u2013 88 peruviani, 4 ecuadoregni, 2 venezuelani, 1 argentino, 1 boliviano e 1 salvadoregno \u2013 rappresentano la ricchezza di un mosaico culturale che trova nell\u2019Italia una nuova casa e nuove possibilit\u00e0 di crescita. Il 64% \u00e8 costituito da donne e l\u2019et\u00e0 media \u00e8 di 23 anni: un dato che racconta la forza e la resilienza di una generazione che affronta sacrifici e sfide con determinazione.<\/p>\n\n<p>Il percorso formativo, organizzato con un modello semi-presenziale e lezioni nei fine settimana, permette di conciliare studio, lavoro e vita familiare. Ogni diploma consegnato non segna solo la fine di un ciclo scolastico, ma apre le porte all\u2019universit\u00e0, al lavoro e a un\u2019integrazione sociale concreta.<\/p>\n\n<p><strong>La testimonianza di Ada, Mejor Egresada<\/strong><br\/>Simbolo di speranza e impegno \u00e8 la storia di Ada, ventenne peruviana residente a Torino, premiata come Mejor Egresada. Per un anno intero ha percorso ogni weekend la tratta Torino-Milano per seguire le lezioni: \u00ab<em>Ci\u00f2 che mi ha spinto \u00e8 stato il desiderio di superarmi e aprirmi un cammino pieno di opportunit\u00e0. In IRFEYAL ho trovato una vera famiglia che mi ha accolto con affetto e mi ha dato un\u2019educazione con valori che porter\u00f2 sempre con me<\/em>\u00bb.<\/p>\n\n<p>Ada sogna di iscriversi a Biologia all\u2019Universit\u00e0 di Torino per restituire alla societ\u00e0 quanto ha ricevuto. La sua esperienza \u00e8 specchio di molte altre storie: giovani che, nell\u2019educazione, riconoscono la chiave per un futuro di dignit\u00e0 e inclusione.<\/p>\n\n<p><strong>Una scuola che accoglie e trasforma<\/strong><br\/>\u00ab<em>Ogni diploma racconta una storia unica. Vedere i nostri studenti superare ostacoli e raggiungere questo traguardo \u00e8 fonte di grande orgoglio. \u00c8 un privilegio accompagnarli passo dopo passo verso il loro futuro<\/em>\u00bb afferma Kessia Chamba, coordinatrice amministrativa IRFEYAL \u2013 Fe y Alegr\u00eda Milano.<\/p>\n\n<p>Grazie a un approccio educativo accessibile, basato su fiducia, ascolto e sostegno reciproco, Fe y Alegr\u00eda Milano si conferma un potente strumento di inclusione, capace di restituire speranza a chi desidera ricominciare e riscoprire le proprie potenzialit\u00e0.<\/p>\n\n<p><strong>La rete che sostiene e moltiplica l\u2019impatto<\/strong><br\/>Alla cerimonia hanno preso parte rappresentanti delle istituzioni e della comunit\u00e0 latinoamericana, tra cui Juan Carlos Castrill\u00f3n, Console Generale dell\u2019Ecuador a Milano, Marco Casas, Console Generale del Per\u00f9 a Milano, e Diana De Marchi, Consigliera Comunale di Milano.<\/p>\n\n<p>Il valore della rete \u00e8 stato sottolineato da P. Florin Silaghi SJ, direttore nazionale di Fe y Alegr\u00eda Italia: \u00ab<em>Il successo di oggi \u00e8 frutto di un impegno condiviso tra la Fondazione Gesuiti Educazione, l\u2019Istituto Leone XIII, la Federazione Internazionale Fe y Alegr\u00eda, IRFEYAL Ecuador, le istituzioni diplomatiche, il Comune di Milano e realt\u00e0 del territorio come Fondazione Cariplo. Questa rete garantisce percorsi educativi che diventano veri ponti verso nuove opportunit\u00e0, permettendo a studenti di ogni et\u00e0 di esprimere il proprio potenziale e contribuire alla costruzione di una societ\u00e0 pi\u00f9 inclusiva, solidale e giusta<\/em>\u00bb.<\/p>\n\n<p><strong>Fe y Alegr\u00eda: educazione e promozione sociale<\/strong><br\/>Fe y Alegr\u00eda \u00e8 un Movimento di Educazione Popolare e Promozione Sociale promosso dalla Compagnia di Ges\u00f9, oggi presente in 22 Paesi. In Italia opera attraverso le sedi di Milano, Genova e Roma, con l\u2019obiettivo di offrire opportunit\u00e0 educative di qualit\u00e0 a chi vive situazioni di fragilit\u00e0, nella convinzione che l\u2019istruzione sia lo strumento pi\u00f9 efficace di promozione umana e sociale.<\/p>\n\n<figure class=\"wp-block-gallery has-nested-images columns-default is-cropped wp-block-gallery-1 is-layout-flex wp-block-gallery-is-layout-flex\">\n<figure class=\"wp-block-image size-large\"><img loading=\"lazy\" decoding=\"async\" width=\"2560\" height=\"1707\" data-id=\"7509\" src=\"https:\/\/www.gesuitieducazione.it\/wp-content\/uploads\/2025\/09\/05a2554e-d7ec-4a13-9770-e56c829515a7-scaled.jpg\" alt=\"\" class=\"wp-image-7509\" srcset=\"https:\/\/www.gesuitieducazione.it\/wp-content\/uploads\/2025\/09\/05a2554e-d7ec-4a13-9770-e56c829515a7-scaled.jpg 2560w, https:\/\/www.gesuitieducazione.it\/wp-content\/uploads\/2025\/09\/05a2554e-d7ec-4a13-9770-e56c829515a7-800x533.jpg 800w, https:\/\/www.gesuitieducazione.it\/wp-content\/uploads\/2025\/09\/05a2554e-d7ec-4a13-9770-e56c829515a7-900x600.jpg 900w, https:\/\/www.gesuitieducazione.it\/wp-content\/uploads\/2025\/09\/05a2554e-d7ec-4a13-9770-e56c829515a7-1200x800.jpg 1200w, https:\/\/www.gesuitieducazione.it\/wp-content\/uploads\/2025\/09\/05a2554e-d7ec-4a13-9770-e56c829515a7-600x400.jpg 600w\" sizes=\"(max-width: 2560px) 100vw, 2560px\" \/><\/figure>\n\n\n<figure class=\"wp-block-image size-large\"><img loading=\"lazy\" decoding=\"async\" width=\"2560\" height=\"1707\" data-id=\"7515\" src=\"https:\/\/www.gesuitieducazione.it\/wp-content\/uploads\/2025\/09\/7bf0f547-c51d-4f16-a673-9f33d23781cd-scaled.jpg\" alt=\"\" class=\"wp-image-7515\" srcset=\"https:\/\/www.gesuitieducazione.it\/wp-content\/uploads\/2025\/09\/7bf0f547-c51d-4f16-a673-9f33d23781cd-scaled.jpg 2560w, https:\/\/www.gesuitieducazione.it\/wp-content\/uploads\/2025\/09\/7bf0f547-c51d-4f16-a673-9f33d23781cd-800x533.jpg 800w, https:\/\/www.gesuitieducazione.it\/wp-content\/uploads\/2025\/09\/7bf0f547-c51d-4f16-a673-9f33d23781cd-900x600.jpg 900w, https:\/\/www.gesuitieducazione.it\/wp-content\/uploads\/2025\/09\/7bf0f547-c51d-4f16-a673-9f33d23781cd-1200x800.jpg 1200w, https:\/\/www.gesuitieducazione.it\/wp-content\/uploads\/2025\/09\/7bf0f547-c51d-4f16-a673-9f33d23781cd-600x400.jpg 600w\" sizes=\"(max-width: 2560px) 100vw, 2560px\" \/><\/figure>\n\n\n<figure class=\"wp-block-image size-full\"><img loading=\"lazy\" decoding=\"async\" width=\"2560\" height=\"1707\" data-id=\"7519\" src=\"https:\/\/www.gesuitieducazione.it\/wp-content\/uploads\/2025\/09\/e40b4289-40ed-48a4-9da9-c4c8de2af9d4-1-scaled.jpg\" alt=\"\" class=\"wp-image-7519\" srcset=\"https:\/\/www.gesuitieducazione.it\/wp-content\/uploads\/2025\/09\/e40b4289-40ed-48a4-9da9-c4c8de2af9d4-1-scaled.jpg 2560w, https:\/\/www.gesuitieducazione.it\/wp-content\/uploads\/2025\/09\/e40b4289-40ed-48a4-9da9-c4c8de2af9d4-1-800x533.jpg 800w, https:\/\/www.gesuitieducazione.it\/wp-content\/uploads\/2025\/09\/e40b4289-40ed-48a4-9da9-c4c8de2af9d4-1-900x600.jpg 900w, https:\/\/www.gesuitieducazione.it\/wp-content\/uploads\/2025\/09\/e40b4289-40ed-48a4-9da9-c4c8de2af9d4-1-1200x800.jpg 1200w, https:\/\/www.gesuitieducazione.it\/wp-content\/uploads\/2025\/09\/e40b4289-40ed-48a4-9da9-c4c8de2af9d4-1-600x400.jpg 600w\" sizes=\"(max-width: 2560px) 100vw, 2560px\" \/><\/figure>\n\n\n<figure class=\"wp-block-image size-full\"><img loading=\"lazy\" decoding=\"async\" width=\"2560\" height=\"1707\" data-id=\"7517\" src=\"https:\/\/www.gesuitieducazione.it\/wp-content\/uploads\/2025\/09\/a4394539-6188-4c25-b4c6-4fa612cb5637-1-scaled.jpg\" alt=\"\" class=\"wp-image-7517\" srcset=\"https:\/\/www.gesuitieducazione.it\/wp-content\/uploads\/2025\/09\/a4394539-6188-4c25-b4c6-4fa612cb5637-1-scaled.jpg 2560w, https:\/\/www.gesuitieducazione.it\/wp-content\/uploads\/2025\/09\/a4394539-6188-4c25-b4c6-4fa612cb5637-1-800x533.jpg 800w, https:\/\/www.gesuitieducazione.it\/wp-content\/uploads\/2025\/09\/a4394539-6188-4c25-b4c6-4fa612cb5637-1-900x600.jpg 900w, https:\/\/www.gesuitieducazione.it\/wp-content\/uploads\/2025\/09\/a4394539-6188-4c25-b4c6-4fa612cb5637-1-1200x800.jpg 1200w, https:\/\/www.gesuitieducazione.it\/wp-content\/uploads\/2025\/09\/a4394539-6188-4c25-b4c6-4fa612cb5637-1-600x400.jpg 600w\" sizes=\"(max-width: 2560px) 100vw, 2560px\" \/><\/figure><\/figure>\n","protected":false},"excerpt":{"rendered":"<p>Novantasette studenti latinoamericani hanno festeggiato a Milano il conseguimento del Diploma della Repubblica dell\u2019Ecuador, riconosciuto in Italia come equivalente al diploma di scuola secondaria di secondo grado. Un traguardo importante, frutto del programma di studi IRFEYAL \u2013 Fe y Alegr\u00eda Milano, che si rivolge a giovani e adulti desiderosi di costruire un futuro migliore attraverso [&hellip;]<\/p>\n","protected":false},"author":6,"featured_media":7508,"comment_status":"closed","ping_status":"closed","sticky":false,"template":"","format":"standard","meta":{"_acf_changed":false,"footnotes":""},"categories":[267,268],"tags":[],"istituto":[],"partner":[],"class_list":["post-7522","post","type-post","status-publish","format-standard","has-post-thumbnail","hentry","category-notizie-en","category-attivita-en"],"acf":[],"_links":{"self":[{"href":"https:\/\/www.gesuitieducazione.it\/en\/wp-json\/wp\/v2\/posts\/7522"}],"collection":[{"href":"https:\/\/www.gesuitieducazione.it\/en\/wp-json\/wp\/v2\/posts"}],"about":[{"href":"https:\/\/www.gesuitieducazione.it\/en\/wp-json\/wp\/v2\/types\/post"}],"author":[{"embeddable":true,"href":"https:\/\/www.gesuitieducazione.it\/en\/wp-json\/wp\/v2\/users\/6"}],"replies":[{"embeddable":true,"href":"https:\/\/www.gesuitieducazione.it\/en\/wp-json\/wp\/v2\/comments?post=7522"}],"version-history":[{"count":2,"href":"https:\/\/www.gesuitieducazione.it\/en\/wp-json\/wp\/v2\/posts\/7522\/revisions"}],"predecessor-version":[{"id":7525,"href":"https:\/\/www.gesuitieducazione.it\/en\/wp-json\/wp\/v2\/posts\/7522\/revisions\/7525"}],"wp:featuredmedia":[{"embeddable":true,"href":"https:\/\/www.gesuitieducazione.it\/en\/wp-json\/wp\/v2\/media\/7508"}],"wp:attachment":[{"href":"https:\/\/www.gesuitieducazione.it\/en\/wp-json\/wp\/v2\/media?parent=7522"}],"wp:term":[{"taxonomy":"category","embeddable":true,"href":"https:\/\/www.gesuitieducazione.it\/en\/wp-json\/wp\/v2\/categories?post=7522"},{"taxonomy":"post_tag","embeddable":true,"href":"https:\/\/www.gesuitieducazione.it\/en\/wp-json\/wp\/v2\/tags?post=7522"},{"taxonomy":"istituto","embeddable":true,"href":"https:\/\/www.gesuitieducazione.it\/en\/wp-json\/wp\/v2\/istituto?post=7522"},{"taxonomy":"partner","embeddable":true,"href":"https:\/\/www.gesuitieducazione.it\/en\/wp-json\/wp\/v2\/partner?post=7522"}],"curies":[{"name":"wp","href":"https:\/\/api.w.org\/{rel}","templated":true}]}}