{"id":7460,"date":"2025-08-26T09:00:00","date_gmt":"2025-08-26T08:00:00","guid":{"rendered":"https:\/\/www.gesuitieducazione.it\/?p=7460"},"modified":"2025-08-25T13:18:40","modified_gmt":"2025-08-25T12:18:40","slug":"jesuit-martyrs-the-six-faithful-killed-in-1989","status":"publish","type":"post","link":"https:\/\/www.gesuitieducazione.it\/en\/jesuit-martyrs-the-six-faithful-killed-in-1989\/","title":{"rendered":"Jesuit Martyrs: the six faithful killed in 1989"},"content":{"rendered":"\n<p><strong>On November 16th, 1989, in a San Salvador scarred by ten years of civil war, six Jesuit priests were murdered along with two innocent women \u2013 Elba Julia Ramos and her daughter Celina \u2013 inside the campus of the Central American University \u201cJos\u00e9 Sime\u00f3n Ca\u00f1as\u201d (UCA). The order came from the Salvadoran High Command with a single goal: to silence those who, through words and action, were calling for a ceasefire and national reconciliation.<\/strong><\/p>\n\n\n\n<p>Ignacio Ellacur\u00eda, rector of the UCA and philosopher of liberation, had placed the university at the service of truth, convinced that knowledge should become a tool for social transformation. At his side were Ignacio Mart\u00edn-Bar\u00f3, social psychologist; Segundo Montes, sociologist and defender of human rights; Amando L\u00f3pez and Juan Ram\u00f3n Moreno, theologians and educators; Joaqu\u00edn L\u00f3pez y L\u00f3pez, dedicated to the education of the poor. Different in their fields and personalities, they shared the same mission: to bring together academic research and justice, faith and human promotion.<\/p>\n\n\n\n<p>Their killing was not only an act of violence against individuals, but a blow dealt to the very possibility of dialogue for peace. Yet, paradoxically, their blood became a seed of reconciliation, as the international outrage that followed the massacre helped rekindle the negotiations that, three years later, would lead to the 1992 Chapultepec Peace Accords.<\/p>\n\n\n\n<p>Today, in the Rose Garden of the UCA, red and white flowers grow where the martyrs fell. Their graves speak with simplicity of a truth that is hard to forget: peace has a cost, and it is often paid by those who choose to stand with the poor and the excluded.<\/p>\n\n\n\n<p>The Society of Jesus remembers them not only as victims, but as witnesses, men who, guided by Ignatian spirituality, lived to the fullest the call to \u201cseek and find God in all things,\u201d even in the complexity of a wounded nation. Their legacy continues in classrooms, communities, and Jesuit works around the world, as an invitation to unite knowledge and service, intellect and compassion, truth and justice.<\/p>\n","protected":false},"excerpt":{"rendered":"<p>On November 16th, 1989, in a San Salvador scarred by ten years of civil war, six Jesuit priests were murdered along with two innocent women \u2013 Elba Julia Ramos and her daughter Celina \u2013 inside the campus of the Central American University \u201cJos\u00e9 Sime\u00f3n Ca\u00f1as\u201d (UCA). The order came from the Salvadoran High Command with [&hellip;]<\/p>\n","protected":false},"author":7,"featured_media":7458,"comment_status":"closed","ping_status":"closed","sticky":false,"template":"","format":"standard","meta":{"_acf_changed":false,"footnotes":""},"categories":[331],"tags":[],"istituto":[],"partner":[],"class_list":["post-7460","post","type-post","status-publish","format-standard","has-post-thumbnail","hentry","category-storia"],"acf":[],"_links":{"self":[{"href":"https:\/\/www.gesuitieducazione.it\/en\/wp-json\/wp\/v2\/posts\/7460"}],"collection":[{"href":"https:\/\/www.gesuitieducazione.it\/en\/wp-json\/wp\/v2\/posts"}],"about":[{"href":"https:\/\/www.gesuitieducazione.it\/en\/wp-json\/wp\/v2\/types\/post"}],"author":[{"embeddable":true,"href":"https:\/\/www.gesuitieducazione.it\/en\/wp-json\/wp\/v2\/users\/7"}],"replies":[{"embeddable":true,"href":"https:\/\/www.gesuitieducazione.it\/en\/wp-json\/wp\/v2\/comments?post=7460"}],"version-history":[{"count":1,"href":"https:\/\/www.gesuitieducazione.it\/en\/wp-json\/wp\/v2\/posts\/7460\/revisions"}],"predecessor-version":[{"id":7461,"href":"https:\/\/www.gesuitieducazione.it\/en\/wp-json\/wp\/v2\/posts\/7460\/revisions\/7461"}],"wp:featuredmedia":[{"embeddable":true,"href":"https:\/\/www.gesuitieducazione.it\/en\/wp-json\/wp\/v2\/media\/7458"}],"wp:attachment":[{"href":"https:\/\/www.gesuitieducazione.it\/en\/wp-json\/wp\/v2\/media?parent=7460"}],"wp:term":[{"taxonomy":"category","embeddable":true,"href":"https:\/\/www.gesuitieducazione.it\/en\/wp-json\/wp\/v2\/categories?post=7460"},{"taxonomy":"post_tag","embeddable":true,"href":"https:\/\/www.gesuitieducazione.it\/en\/wp-json\/wp\/v2\/tags?post=7460"},{"taxonomy":"istituto","embeddable":true,"href":"https:\/\/www.gesuitieducazione.it\/en\/wp-json\/wp\/v2\/istituto?post=7460"},{"taxonomy":"partner","embeddable":true,"href":"https:\/\/www.gesuitieducazione.it\/en\/wp-json\/wp\/v2\/partner?post=7460"}],"curies":[{"name":"wp","href":"https:\/\/api.w.org\/{rel}","templated":true}]}}