{"id":716,"date":"2015-11-04T23:17:47","date_gmt":"2015-11-04T22:17:47","guid":{"rendered":"http:\/\/educazione.gesuiti.it\/?p=716"},"modified":"2015-11-04T23:17:47","modified_gmt":"2015-11-04T22:17:47","slug":"scuole-padre-denora-presidente-fidae-piemonte","status":"publish","type":"post","link":"https:\/\/www.gesuitieducazione.it\/en\/scuole-padre-denora-presidente-fidae-piemonte\/","title":{"rendered":"Scuole. Padre Denora Presidente FIDAE Piemonte"},"content":{"rendered":"<p>Si \u00e8 svolta la mattina di sabato 31 ottobre a Torino a Maria Ausiliatrice l\u2019assemblea elettiva della FIDAE Interregionale del Piemonte e della Valle d\u2019Aosta.\u00a0La FIDAE (Federazione Istituti di Attivit\u00e0 Educative), fondata a Roma nel 1945, \u00e8 una federazione di Scuole Cattoliche primarie e secondarie, promossa dalla \u201cCongregazione per l\u2019Educazione Cattolica, la scuola e l\u2019universit\u00e0\u201d del Vaticano e riconosciuta dalla \u201cCommissione episcopale Italiana\u201d.<\/p>\n<p>Nuovo Presidente della FIDAE Piemonte-Valle d\u2019Aosta \u00e8 stato eletto il Padre Vitangelo Carlo Maria Denora, 46 anni, dal 2007 \u00e8 rettore dell&#8217;Istituto Sociale di Torino e dal 2011 \u00e8 gestore anche del Leone XIII di Milano. Dal 2010 \u00e8 delegato per i collegi dei gesuiti per la Provincia d\u2019Italia e di Albania, dal 2014 presidente della Fondazione Gesuiti Educazione, che unisce i sei collegi italiani e quello di Albania, e rappresentante della rete delle scuole di Fe y alegr\u00eda Italia. Nato a Napoli, da una famiglia di notai, \u00e8 cresciuto a Bari, dove ha studiato in una scuola dei Padri Gesuiti.<\/p>\n<p>Dopo la laurea in Giurisprudenza \u00e8 entrato nella Compagnia di Ges\u00f9, dove si \u00e8 fin da subito dedicato all\u2019educazione e alla formazione dei giovani, con particolare attenzione a quelli che vivono in condizioni di disagio. I suoi anni di studio \u2013 sia quelli universitari sia quelli per diventare gesuita \u2013 sono stati accompagnati dal servizio nelle periferie delle grandi citt\u00e0 (soprattutto con bambini, immigrati e persone senza fissa dimora), impegno che ha continuato anche quando ha iniziato l\u2019attivit\u00e0 di educatore: ha seguito progetti contro la dispersione scolastica a Scampia, ha coordinato e tuttora segue delle case famiglia per minori abbandonati a Sighet in Romania.<\/p>\n<p>In qualit\u00e0 di formatore degli insegnanti collabora da diversi anni con vari centri di formazione (in particolare il Cefaegi in Italia ed il CEP in Francia).<\/p>\n<p>P. Denora ha affermato che il primo impegno sar\u00e0 quello di creare in umilt\u00e0 una continuit\u00e0 con il lavoro gi\u00e0 svolto in precedenza, cercando di creare nuove sinergie e collaborazioni, per far crescere e sviluppare il ruolo delle scuole cattoliche piemontesi e valdostane.<\/p>\n<p>\u201cCi sono tante cose belle che succedono nelle nostre scuole paritarie, dobbiamo insieme riuscire a raccontarle e a far capire alle Istituzioni e alla nostra gente il grande apporto della scuola paritaria al nostro paese. Lo dobbiamo alla tradizione delle nostre scuole e lo dobbiamo ai nostri giovani e al loro futuro\u201d ha dichiarato il padre Denora.<\/p>\n<p>\u201cIl mio ringraziamento va a suor Cia per i tanti anni di sua presidenza competente e generosa della FIDAE Piemonte e Val d\u2019Aosta e al nostro caro Arcivescovo che ci sostiene nel nostro impegno di scuole ed educatori cristiani\u00a0 con determinazione e profezia, rilanciando sempre il senso di una comune missione tra scuole statali e paritarie a cui i tanti dibattiti pregiudiziali non sono di aiuto\u201d ha concluso il neo presidente della FIDAE Piemonte.<\/p>\n<p>Nell\u2019assemblea sono stati eletti i seguenti consiglieri: Fratel Vittorio Sarnico, dei Fratelli della Sacra Famiglia, Don Dante Pietrobon, dei Salesiani Don Bosco e il signor Nunzio Mongiov\u00ec (della F\u00e0a di Bruno).<\/p>\n<p>Ha chiuso i lavori dell\u2019assemblea l\u2019Arcivescovo di Torino, Monsignor Cesare Nosiglia, che ha affermato, con forza,\u00a0 quanto la scuola, l\u2019educazione e la formazione dei giovani gli stia particolarmente a cuore. L\u2019Arcivescovo ha, altres\u00ec, sottolineato quanto grande sia\u00a0 il contributo, la competenza e la passione delle scuole paritarie cattoliche alle grandi sfide del nostro paese e di un mondo sempre pi\u00f9 globale.<\/p>\n","protected":false},"excerpt":{"rendered":"<p>Si \u00e8 svolta la mattina di sabato 31 ottobre a Torino a Maria Ausiliatrice l\u2019assemblea elettiva della FIDAE Interregionale del Piemonte e della Valle d\u2019Aosta.\u00a0La FIDAE (Federazione Istituti di Attivit\u00e0 Educative), fondata a Roma nel 1945, \u00e8 una federazione di Scuole Cattoliche primarie e secondarie, promossa dalla \u201cCongregazione per l\u2019Educazione Cattolica, la scuola e l\u2019universit\u00e0\u201d [&hellip;]<\/p>\n","protected":false},"author":4,"featured_media":184,"comment_status":"closed","ping_status":"open","sticky":false,"template":"","format":"standard","meta":{"_acf_changed":false,"footnotes":""},"categories":[9,10],"tags":[],"istituto":[],"partner":[],"class_list":["post-716","post","type-post","status-publish","format-standard","has-post-thumbnail","hentry","category-gesuiti-educazione","category-notizie"],"acf":[],"_links":{"self":[{"href":"https:\/\/www.gesuitieducazione.it\/en\/wp-json\/wp\/v2\/posts\/716"}],"collection":[{"href":"https:\/\/www.gesuitieducazione.it\/en\/wp-json\/wp\/v2\/posts"}],"about":[{"href":"https:\/\/www.gesuitieducazione.it\/en\/wp-json\/wp\/v2\/types\/post"}],"author":[{"embeddable":true,"href":"https:\/\/www.gesuitieducazione.it\/en\/wp-json\/wp\/v2\/users\/4"}],"replies":[{"embeddable":true,"href":"https:\/\/www.gesuitieducazione.it\/en\/wp-json\/wp\/v2\/comments?post=716"}],"version-history":[{"count":0,"href":"https:\/\/www.gesuitieducazione.it\/en\/wp-json\/wp\/v2\/posts\/716\/revisions"}],"wp:featuredmedia":[{"embeddable":true,"href":"https:\/\/www.gesuitieducazione.it\/en\/wp-json\/wp\/v2\/media\/184"}],"wp:attachment":[{"href":"https:\/\/www.gesuitieducazione.it\/en\/wp-json\/wp\/v2\/media?parent=716"}],"wp:term":[{"taxonomy":"category","embeddable":true,"href":"https:\/\/www.gesuitieducazione.it\/en\/wp-json\/wp\/v2\/categories?post=716"},{"taxonomy":"post_tag","embeddable":true,"href":"https:\/\/www.gesuitieducazione.it\/en\/wp-json\/wp\/v2\/tags?post=716"},{"taxonomy":"istituto","embeddable":true,"href":"https:\/\/www.gesuitieducazione.it\/en\/wp-json\/wp\/v2\/istituto?post=716"},{"taxonomy":"partner","embeddable":true,"href":"https:\/\/www.gesuitieducazione.it\/en\/wp-json\/wp\/v2\/partner?post=716"}],"curies":[{"name":"wp","href":"https:\/\/api.w.org\/{rel}","templated":true}]}}