{"id":710,"date":"2015-11-03T23:27:16","date_gmt":"2015-11-03T22:27:16","guid":{"rendered":"http:\/\/educazione.gesuiti.it\/?p=710"},"modified":"2015-11-03T23:27:16","modified_gmt":"2015-11-03T22:27:16","slug":"scuole-formare-nuovi-docenti-ignaziani","status":"publish","type":"post","link":"https:\/\/www.gesuitieducazione.it\/en\/scuole-formare-nuovi-docenti-ignaziani\/","title":{"rendered":"Scuole. Formare nuovi docenti ignaziani"},"content":{"rendered":"<p>Dal 21 al 24 ottobre si \u00e8 svolta a Milano presso l\u2019Oasi S. Francesco, la prima tappa del Seminario propedeutico di formazione al modo di procedere ignaziano. Si tratta di un prezioso momento di formazione residenziale offerto ai Docenti di recente assunzione nei Collegi della Rete Gesuiti Educazione.<\/p>\n<p>Le relazioni tra Docenti dei Collegi della Rete si vanno tessendo anche attraverso i Seminari, che permettono ai nuovi docenti una progressiva conoscenza reciproca, fin dai primi anni di insegnamento in una delle nostre scuole. In questo modo, oltre che approfondendo la pedagogia ignaziana, la Rete dei Collegi si fa concreta, anche attraverso volti, nomi, esperienze condivise\u2026<\/p>\n<p>Abbiamo raccolto qualche impressione dopo il ritorno:<\/p>\n<p>\u201cE\u2019 stata un&#8217;esperienza arricchente dal punto di vista formativo, didattico ma soprattutto umano\u201d.<\/p>\n<p>\u201cPer me, che sono nuova al Leone, questo seminario \u00e8 stato utilissimo e ora che sono tornata al lavoro mi rendo conto dell&#8217;importanza di quanto ho vissuto\u00a0insieme ai colleghi\u201d.<\/p>\n<p>\u201cE mi\u00a0associo ai ringraziamenti dei colleghi a tutti i partecipanti. \u00c8 stato bello conoscere cos\u00ec tante anime belle e ricche. E condividere con voi\u00a0tempo e pensieri\u201d.<\/p>\n<p>\u201c\u00c8 stato\u00a0 interessante e utile\u00a0 soffermarsi su S. Ignazio e sulla sua proposta per noi. Cordialissimo il clima creato e portato avanti da tutti. Adesso&#8230; al lavoro\u201d.<\/p>\n<p>\u201cE\u2019 stata certamente un&#8217;esperienza utile e interessante, soprattutto grazie alla continua attenzione \u00a0a renderci protagonisti\u201d.<\/p>\n<p>\u201cCredo che il clima abbia davvero influenzato la buona riuscita dei lavori: i colleghi sono stati tutti molto positivi e collaborativi, grazie anche a loro!\u201d<\/p>\n<p>\u201cUn&#8217;esperienza di certo non solo professionale&#8230; dove umanit\u00e0, conoscenze, coinvolgimento, divertimento e apprendimento si sono perfettamente coesi\u201d.<\/p>\n<p>\u201cGrazie per le giornate e per l&#8217;esperienza umana e \u00abdidattica\u00bb fatta insieme. Auguro a tutti buon lavoro, nell&#8217;attesa di rivederci in primavera [per la seconda tappa, ndr]\u201d .<\/p>\n<p>\u201cAnche da parte mia un saluto e un ringraziamento a tutti per aver condiviso questa esperienza coinvolgente ed interessante sotto tutti i punti di vista. Alla prossima tappa\u201d<\/p>\n<p>\u201cGrazie a tutti voi per le belle giornate e serate trascorse insieme. Navigando insieme si ha pi\u00f9 fiducia, anche quando la \u201cterraferma\u201d si fa invisibile e si \u00e8 in mare aperto. Ci siamo raccontati la meta, il sogno, il desiderio. Ora siamo pronti a salpare. Buon vento a tutti!\u201d<\/p>\n<p>\u201cUn caro saluto a tutti! Esperienza molto interessante e coinvolgente, grazie all&#8217;ottimo lavoro svolto dallo staff e da tutti i gruppi. Cosa so? Che siamo forti! Cosa non so? Dove ci rivedremo (ma non importa, ci\u00f2 che conta \u00e8 che ci rivedremo!) Cosa vorrei sapere? Tante cose e insieme a voi sar\u00e0 pi\u00f9 bello saperle!<br \/>\nUn abbraccio da Napoli\u201d.<\/p>\n<p>\u201cBella esperienza! Arricchente e divertente. Io sono di nuovo in partenza per la Cina, con le mie due quinte. Che dire&#8230;mi sento una trottola, ma mi piace esserlo. Ci vediamo al secondo round, pi\u00f9 carichi che mai!&#8221;<\/p>\n","protected":false},"excerpt":{"rendered":"<p>Dal 21 al 24 ottobre si \u00e8 svolta a Milano presso l\u2019Oasi S. Francesco, la prima tappa del Seminario propedeutico, organizzata dal Cefaegi e offerta ai Docenti di recente assunzione\u00a0 della Rete dei Collegi Gesuiti Educazione.<\/p>\n","protected":false},"author":4,"featured_media":720,"comment_status":"closed","ping_status":"open","sticky":false,"template":"","format":"standard","meta":{"_acf_changed":false,"footnotes":""},"categories":[9,10],"tags":[49],"istituto":[],"partner":[],"class_list":["post-710","post","type-post","status-publish","format-standard","has-post-thumbnail","hentry","category-gesuiti-educazione","category-notizie","tag-formazione-docenti"],"acf":[],"_links":{"self":[{"href":"https:\/\/www.gesuitieducazione.it\/en\/wp-json\/wp\/v2\/posts\/710"}],"collection":[{"href":"https:\/\/www.gesuitieducazione.it\/en\/wp-json\/wp\/v2\/posts"}],"about":[{"href":"https:\/\/www.gesuitieducazione.it\/en\/wp-json\/wp\/v2\/types\/post"}],"author":[{"embeddable":true,"href":"https:\/\/www.gesuitieducazione.it\/en\/wp-json\/wp\/v2\/users\/4"}],"replies":[{"embeddable":true,"href":"https:\/\/www.gesuitieducazione.it\/en\/wp-json\/wp\/v2\/comments?post=710"}],"version-history":[{"count":0,"href":"https:\/\/www.gesuitieducazione.it\/en\/wp-json\/wp\/v2\/posts\/710\/revisions"}],"wp:featuredmedia":[{"embeddable":true,"href":"https:\/\/www.gesuitieducazione.it\/en\/wp-json\/wp\/v2\/media\/720"}],"wp:attachment":[{"href":"https:\/\/www.gesuitieducazione.it\/en\/wp-json\/wp\/v2\/media?parent=710"}],"wp:term":[{"taxonomy":"category","embeddable":true,"href":"https:\/\/www.gesuitieducazione.it\/en\/wp-json\/wp\/v2\/categories?post=710"},{"taxonomy":"post_tag","embeddable":true,"href":"https:\/\/www.gesuitieducazione.it\/en\/wp-json\/wp\/v2\/tags?post=710"},{"taxonomy":"istituto","embeddable":true,"href":"https:\/\/www.gesuitieducazione.it\/en\/wp-json\/wp\/v2\/istituto?post=710"},{"taxonomy":"partner","embeddable":true,"href":"https:\/\/www.gesuitieducazione.it\/en\/wp-json\/wp\/v2\/partner?post=710"}],"curies":[{"name":"wp","href":"https:\/\/api.w.org\/{rel}","templated":true}]}}