{"id":6868,"date":"2024-07-23T14:26:34","date_gmt":"2024-07-23T13:26:34","guid":{"rendered":"https:\/\/www.gesuitieducazione.it\/?p=6868"},"modified":"2024-09-09T16:27:10","modified_gmt":"2024-09-09T15:27:10","slug":"la-scuola-che-vorrei-dovrei-faro-al-leone-xiii-di-milano","status":"publish","type":"post","link":"https:\/\/www.gesuitieducazione.it\/en\/la-scuola-che-vorrei-dovrei-faro-al-leone-xiii-di-milano\/","title":{"rendered":"\u201cLa scuola che vorrei, dovrei, far\u00f2\u201d al Leone XIII di Milano\u00a0"},"content":{"rendered":"\n<p><strong>\u201cLa scuola che vorrei, dovrei, far\u00f2\u201d \u00e8 il titolo dell\u2019incontro che si terr\u00e0 mercoled\u00ec 4 settembre alle 21 all\u2019<\/strong><a href=\"https:\/\/www.leonexiii.it\/\" target=\"_blank\" rel=\"noreferrer noopener\"><strong>Istituto Leone XIII di Milano<\/strong><\/a><strong>. Importanti e prestigiosi gli ospiti presenti: P. Jos\u00e9 Mesa SJ, Segretario mondiale per l\u2019Educazione della Compagnia di Ges\u00f9, Agnieszka Baran, Direttore del JECSE, ed Alessandro De Nicola, avvocato ed analista e Presidente della Adam Smith Society. L\u2019incontro sar\u00e0 moderato da P. Leonardo Angius SJ, Responsabile della Pastorale dell\u2019<\/strong><a href=\"https:\/\/istitutosociale.it\/\" target=\"_blank\" rel=\"noreferrer noopener\"><strong>Istituto Sociale di Torino.<\/strong><\/a><strong><\/strong>&nbsp;<\/p>\n\n\n\n<p>L\u2019evento, organizzato dal Leone XIII in collaborazione con l\u2019Istituto Sociale di Torino, \u00e8 aperto a tutti i docenti, alle famiglie, ai ragazzi e alla cittadinanza interessata a quest\u2019importante occasione di dialogo. La serata si svolger\u00e0 all\u2019insegna di un ampio confronto sul tema della formazione e delle competenze richieste ai giovani in un tempo di cambiamenti radicali.&nbsp;<\/p>\n\n\n\n<p>I punti di vista degli ospiti saranno un prezioso strumento per riflettere sul <strong>ruolo <\/strong>e sulle <strong>potenzialit\u00e0 della scuola di oggi<\/strong>, sempre pi\u00f9 relegata ai margini delle agende politiche e comunicative. Le istituzioni educative sono in grado di interpretare i nuovi emergenti scenari globali? Quali sono i percorsi che offrono mezzi efficaci per una comprensione approfondita e necessaria di quella che \u00e8 una nuova era storica? Come possono essere accompagnati i giovani nell\u2019affrontare le complesse sfide che li attendono, aiutandoli a diventarne parte attiva?&nbsp;<\/p>\n\n\n\n<p>\u201c<em>Se, come crediamo, la formazione continua a rivestire un ruolo chiave per il nostro futuro, oggi pi\u00f9 che in passato, in un\u2019epoca sempre pi\u00f9 \u201ctattica\u201d e parcellizzata, il modello pedagogico della Compagnia di Ges\u00f9 pu\u00f2 offrire una visione strategica ed integrale del contesto, scommettendo ancora sui giovani per un cambiamento sempre pi\u00f9 orientato al bene comune<\/em>\u201d conclude cos\u00ec la lettera di invito il Prof. Vincenzo Sibillo, Direttore Generale dell\u2019Istituto Leone XIII.&nbsp;<\/p>\n\n\n\n<p>La partecipazione alla serata \u00e8 in presenza, libera e aperta a tutti, previa registrazione al seguente link: <a href=\"https:\/\/forms.gle\/9hDtkBX1P2suS1wH7\" target=\"_blank\" rel=\"noreferrer noopener\">https:\/\/forms.gle\/9hDtkBX1P2suS1wH7<\/a>.&nbsp;<\/p>\n","protected":false},"excerpt":{"rendered":"<p>\u201cLa scuola che vorrei, dovrei, far\u00f2\u201d \u00e8 il titolo dell\u2019incontro che si terr\u00e0 mercoled\u00ec 4 settembre alle 21 all\u2019Istituto Leone XIII di Milano. Importanti e prestigiosi gli ospiti presenti: P. Jos\u00e9 Mesa SJ, Segretario mondiale per l\u2019Educazione della Compagnia di Ges\u00f9, Agnieszka Baran, Direttore del JECSE, ed Alessandro De Nicola, avvocato ed analista e Presidente [&hellip;]<\/p>\n","protected":false},"author":7,"featured_media":6869,"comment_status":"closed","ping_status":"closed","sticky":false,"template":"","format":"standard","meta":{"_acf_changed":false,"footnotes":""},"categories":[258],"tags":[],"istituto":[],"partner":[],"class_list":["post-6868","post","type-post","status-publish","format-standard","has-post-thumbnail","hentry","category-attivita"],"acf":[],"_links":{"self":[{"href":"https:\/\/www.gesuitieducazione.it\/en\/wp-json\/wp\/v2\/posts\/6868"}],"collection":[{"href":"https:\/\/www.gesuitieducazione.it\/en\/wp-json\/wp\/v2\/posts"}],"about":[{"href":"https:\/\/www.gesuitieducazione.it\/en\/wp-json\/wp\/v2\/types\/post"}],"author":[{"embeddable":true,"href":"https:\/\/www.gesuitieducazione.it\/en\/wp-json\/wp\/v2\/users\/7"}],"replies":[{"embeddable":true,"href":"https:\/\/www.gesuitieducazione.it\/en\/wp-json\/wp\/v2\/comments?post=6868"}],"version-history":[{"count":1,"href":"https:\/\/www.gesuitieducazione.it\/en\/wp-json\/wp\/v2\/posts\/6868\/revisions"}],"predecessor-version":[{"id":6871,"href":"https:\/\/www.gesuitieducazione.it\/en\/wp-json\/wp\/v2\/posts\/6868\/revisions\/6871"}],"wp:featuredmedia":[{"embeddable":true,"href":"https:\/\/www.gesuitieducazione.it\/en\/wp-json\/wp\/v2\/media\/6869"}],"wp:attachment":[{"href":"https:\/\/www.gesuitieducazione.it\/en\/wp-json\/wp\/v2\/media?parent=6868"}],"wp:term":[{"taxonomy":"category","embeddable":true,"href":"https:\/\/www.gesuitieducazione.it\/en\/wp-json\/wp\/v2\/categories?post=6868"},{"taxonomy":"post_tag","embeddable":true,"href":"https:\/\/www.gesuitieducazione.it\/en\/wp-json\/wp\/v2\/tags?post=6868"},{"taxonomy":"istituto","embeddable":true,"href":"https:\/\/www.gesuitieducazione.it\/en\/wp-json\/wp\/v2\/istituto?post=6868"},{"taxonomy":"partner","embeddable":true,"href":"https:\/\/www.gesuitieducazione.it\/en\/wp-json\/wp\/v2\/partner?post=6868"}],"curies":[{"name":"wp","href":"https:\/\/api.w.org\/{rel}","templated":true}]}}