{"id":681,"date":"2015-10-17T16:34:26","date_gmt":"2015-10-17T14:34:26","guid":{"rendered":"http:\/\/educazione.gesuiti.it\/?p=681"},"modified":"2015-10-17T16:34:26","modified_gmt":"2015-10-17T14:34:26","slug":"scuole-il-cefaegi-tra-presente-e-futuro-i-referenti-dei-collegi","status":"publish","type":"post","link":"https:\/\/www.gesuitieducazione.it\/en\/scuole-il-cefaegi-tra-presente-e-futuro-i-referenti-dei-collegi\/","title":{"rendered":"Scuole. Il Cefaegi tra presente e futuro: i referenti dei Collegi"},"content":{"rendered":"<p>L\u2019esperienza ormai decennale dalla costituzione del <a href=\"http:\/\/educazione.gesuiti.it\/?bookmark=cefaegi\">Cefaegi <\/a>ha evidenziato l\u2019opportunit\u00e0 di un maggiore coinvolgimento di ogni Collegio per la <strong>continuit\u00e0<\/strong> e <strong>l\u2019integrazione<\/strong> delle iniziative formative, proposte dal Cefaegi stesso, con le iniziative che costituiscono un punto forte\u00a0 della proposta educativa offerta da ogni Istituto della rete Gesuiti Educazione.<\/p>\n<p>Si \u00e8 rilevato anche l\u2019importanza di un sempre migliore collegamento tra la proposta dei seminari nazionali di formazione e la vita della scuola nei suoi aspetti di organizzazione, aggiornamenti, elaborazione di profili e curricoli scolastici, inserimento di tecnologie e modalit\u00e0 didattiche in atto.<\/p>\n<p>Il Cefaegi, in analogia con altri centri europei, pu\u00f2 divenire cerniera di collegamento tra gli aspetti ispirativi e le modalit\u00e0 innovative in atto.<\/p>\n<p>Per questo, <strong>marted\u00ec 13 ottobre<\/strong> si \u00e8 svolto a Milano presso il <a href=\"http:\/\/educazione.gesuiti.it\/?luogo=istituto-leone-xiii-milano\">Leone XIII<\/a> il <strong>primo incontro dei Referenti Locali per il Cefaegi<\/strong> insieme con il Padre Delegato, il Direttore della Fondazione e l\u2019Equipe. Da qualche tempo si sentiva la necessit\u00e0 di un maggiore collegamento tra l\u2019Equipe centrale e le realt\u00e0 dei singoli Collegi. Durante l\u2019ultima riunione dei Rettori la proposta ha trovato un generale consenso anche come risposta alla richiesta di investire maggiori energie\u00a0 e risorse al servizio della formazione dei Docenti. Si \u00e8 partiti dalle caratteristiche del <strong>profilo del Referente<\/strong> attraverso un\u2019ampia discussione frutto di esperienze consolidate e di percorsi professionali significativi. Pur nella ricchezza e diversit\u00e0 delle Scuole della Rete, alcune di queste caratteristiche sono comuni e condivise e si concretizzano in compiti\u00a0 che possono diventare punti di forza per il Collegio Docenti.<\/p>\n<p>Compiti principali del Referente locale per il Cefaegi saranno:<br \/>\n&#8211; Raccolta delle esigenze di formazione del Collegio perch\u00e9 la formazione del Cefaegi sia sempre pi\u00f9 attenta alla realt\u00e0 e ai bisogni locali<br \/>\n&#8211; Aiutare al piano di formazione annuale del Collegio.<br \/>\n&#8211; Animazione dello spirito di formazione ignaziana anche nelle iniziative locali.<br \/>\n&#8211; All\u2019inizio dell\u2019anno presentare la proposta dei seminari ai colleghi nel Collegio Docenti.<br \/>\n&#8211; Suggerimenti dei nomi delle persone da inviare ai seminari.<br \/>\n&#8211; Avere sottocchio il percorso formativo dei vari Docenti.<br \/>\n&#8211; Ricordare che vengano fatti i seminari propedeutici all\u2019inserimento dei nuovi Docenti<br \/>\n&#8211; Raccolta delle difficolt\u00e0 pratiche che si sono riscontrate nell\u2019applicazione dei corsi.<\/p>\n<p>Questi sono i punti su cui maggiormente si \u00e8 riflettuto anche per trovare uno stile comune di realizzazione. La prima fase \u00e8 appena iniziata e l\u2019esperienza ci consentir\u00e0 di arricchire il percorso raccogliendo spunti e suggerimenti e riflettendo sulle prime tappe e sulle indicazioni che ne verranno. L\u2019agenda di tutti \u00e8 gi\u00e0 molto carica, ma ci siamo presi l\u2019impegno di due successivi incontri in febbraio e maggio per proseguire insieme in questa direzione.<\/p>\n","protected":false},"excerpt":{"rendered":"<p>L\u2019esperienza ormai decennale dalla costituzione del Cefaegi ha evidenziato l\u2019opportunit\u00e0 di un maggiore coinvolgimento di ogni Collegio per la continuit\u00e0 e l\u2019integrazione delle iniziative formative, proposte dal Cefaegi stesso, con le iniziative che costituiscono un punto forte\u00a0 della proposta educativa offerta da ogni Istituto della rete Gesuiti Educazione. Si \u00e8 rilevato anche l\u2019importanza di un [&hellip;]<\/p>\n","protected":false},"author":4,"featured_media":394,"comment_status":"closed","ping_status":"open","sticky":false,"template":"","format":"standard","meta":{"_acf_changed":false,"footnotes":""},"categories":[9,10],"tags":[58,59],"istituto":[],"partner":[],"class_list":["post-681","post","type-post","status-publish","format-standard","has-post-thumbnail","hentry","category-gesuiti-educazione","category-notizie","tag-cefaegi","tag-formazione"],"acf":[],"_links":{"self":[{"href":"https:\/\/www.gesuitieducazione.it\/en\/wp-json\/wp\/v2\/posts\/681"}],"collection":[{"href":"https:\/\/www.gesuitieducazione.it\/en\/wp-json\/wp\/v2\/posts"}],"about":[{"href":"https:\/\/www.gesuitieducazione.it\/en\/wp-json\/wp\/v2\/types\/post"}],"author":[{"embeddable":true,"href":"https:\/\/www.gesuitieducazione.it\/en\/wp-json\/wp\/v2\/users\/4"}],"replies":[{"embeddable":true,"href":"https:\/\/www.gesuitieducazione.it\/en\/wp-json\/wp\/v2\/comments?post=681"}],"version-history":[{"count":0,"href":"https:\/\/www.gesuitieducazione.it\/en\/wp-json\/wp\/v2\/posts\/681\/revisions"}],"wp:featuredmedia":[{"embeddable":true,"href":"https:\/\/www.gesuitieducazione.it\/en\/wp-json\/wp\/v2\/media\/394"}],"wp:attachment":[{"href":"https:\/\/www.gesuitieducazione.it\/en\/wp-json\/wp\/v2\/media?parent=681"}],"wp:term":[{"taxonomy":"category","embeddable":true,"href":"https:\/\/www.gesuitieducazione.it\/en\/wp-json\/wp\/v2\/categories?post=681"},{"taxonomy":"post_tag","embeddable":true,"href":"https:\/\/www.gesuitieducazione.it\/en\/wp-json\/wp\/v2\/tags?post=681"},{"taxonomy":"istituto","embeddable":true,"href":"https:\/\/www.gesuitieducazione.it\/en\/wp-json\/wp\/v2\/istituto?post=681"},{"taxonomy":"partner","embeddable":true,"href":"https:\/\/www.gesuitieducazione.it\/en\/wp-json\/wp\/v2\/partner?post=681"}],"curies":[{"name":"wp","href":"https:\/\/api.w.org\/{rel}","templated":true}]}}