{"id":6558,"date":"2024-01-01T08:00:00","date_gmt":"2024-01-01T07:00:00","guid":{"rendered":"https:\/\/www.gesuitieducazione.it\/?p=6558"},"modified":"2024-01-08T09:57:21","modified_gmt":"2024-01-08T08:57:21","slug":"greetings-from-president-father-claudio-barretta-sj","status":"publish","type":"post","link":"https:\/\/www.gesuitieducazione.it\/en\/greetings-from-president-father-claudio-barretta-sj\/","title":{"rendered":"Greetings from President Father Claudio Barretta, SJ"},"content":{"rendered":"\n<p><strong>Cari ragazzi, care famiglie, gentili docenti e personale scolastico tutto,\u00a0<br\/>l\u2019anno appena concluso ha rappresentato per la Fondazione Gesuiti Educazione e per tutta la rete di scuole un anno importante, fatto di piccole e grandi soddisfazioni, di obiettivi raggiunti e anche di qualche piccola delusione<\/strong>. L\u2019Udienza con il Santo Padre prevista per il 9 giugno scorso, purtroppo come sapete \u00e8 saltata all\u2019ultimo momento per problemi di salute di Papa Francesco, ma\u00a0nonostante questo l\u2019occasione \u00e8 stata importante per le nostre scuole per predisporre lavori, avviare riflessioni, instaurare percorsi di approfondimento relativamente al Patto Educativo Globale che senz\u2019altro rappresenteranno un ottimo punto di ripartenza\u00a0per il prossimo anno.\u00a0\u00a0<\/p>\n\n<p><strong>Le sfide che il 2024 ci pone davanti infatti sono dense di significato per una rete di scuole, quale la nostra, che fa della matrice valoriale ignaziana\u00a0il suo punto di forza<\/strong>. Il nuovo anno\u00a0si apre traghettando le guerre dell&#8217;anno precedente e le sue contraddizioni.\u00a0Le immagini dei bambini sfollati, in lacrime, feriti e delle zone bombardate sommerse di macerie sono vivide nei nostri occhi ed \u00e8 difficile guardare al futuro con speranza senza dover continuare a denunciare il mercato delle armi che ipocritamente muove i fili di decisioni belligeranti.\u00a0Mentre ci uniamo agli appelli del Papa e alla sua preghiera di intercessione, riteniamo il compito educativo ancora pi\u00f9 rilevante proprio perch\u00e8 dentro un contesto di tal fatta. Quali gli auguri possibili? Un augurio responsabile, perch\u00e9 direttamente impegnati in prassi di pace; un augurio mite, perch\u00e9 non \u00e8 il tempo di clamori; un augurio forte e resiliente, perch\u00e9 non viene meno la fede in Colui che ci vuole vedere felici.\u00a0\u00a0<\/p>\n\n<p><strong>Il tema di questo anno scolastico, Uomini e Donne per gli Altri, riporta al centro anche della nostra piccola quotidianit\u00e0 la sfida che dobbiamo porci davanti<\/strong>: in quale modo possiamo contribuire alla pacificazione dei popoli e ad un mondo pi\u00f9 giusto? Ancora di pi\u00f9 questo 2024 ci chiede di essere protagonisti del nostro tempo, incidendo nella vita di tutti i giorni per costruire tutti insieme un mondo migliore che scelga la pace e rifugga in ogni modo la guerra. <\/p>\n\n<p><strong>Con questi spunti e con questa riflessione lascio a tutti voi uno sguardo di prospettiva, di orizzonte, che \u00e8 il miglior augurio che oggi possiamo farci. Avremo ancora futuro!<\/strong>\u00a0<\/p>\n\n<p>Il Presidente FGE<br\/>Padre Claudio Barretta SJ<\/p>\n\n<p><\/p>\n","protected":false},"excerpt":{"rendered":"<p>Cari ragazzi, care famiglie, gentili docenti e personale scolastico tutto,\u00a0l\u2019anno appena concluso ha rappresentato per la Fondazione Gesuiti Educazione e per tutta la rete di scuole un anno importante, fatto di piccole e grandi soddisfazioni, di obiettivi raggiunti e anche di qualche piccola delusione. L\u2019Udienza con il Santo Padre prevista per il 9 giugno scorso, [&hellip;]<\/p>\n","protected":false},"author":7,"featured_media":6556,"comment_status":"open","ping_status":"open","sticky":false,"template":"","format":"standard","meta":{"_acf_changed":false,"footnotes":""},"categories":[304],"tags":[],"istituto":[],"partner":[],"class_list":["post-6558","post","type-post","status-publish","format-standard","has-post-thumbnail","hentry","category-jesuits-education"],"acf":[],"_links":{"self":[{"href":"https:\/\/www.gesuitieducazione.it\/en\/wp-json\/wp\/v2\/posts\/6558"}],"collection":[{"href":"https:\/\/www.gesuitieducazione.it\/en\/wp-json\/wp\/v2\/posts"}],"about":[{"href":"https:\/\/www.gesuitieducazione.it\/en\/wp-json\/wp\/v2\/types\/post"}],"author":[{"embeddable":true,"href":"https:\/\/www.gesuitieducazione.it\/en\/wp-json\/wp\/v2\/users\/7"}],"replies":[{"embeddable":true,"href":"https:\/\/www.gesuitieducazione.it\/en\/wp-json\/wp\/v2\/comments?post=6558"}],"version-history":[{"count":2,"href":"https:\/\/www.gesuitieducazione.it\/en\/wp-json\/wp\/v2\/posts\/6558\/revisions"}],"predecessor-version":[{"id":6561,"href":"https:\/\/www.gesuitieducazione.it\/en\/wp-json\/wp\/v2\/posts\/6558\/revisions\/6561"}],"wp:featuredmedia":[{"embeddable":true,"href":"https:\/\/www.gesuitieducazione.it\/en\/wp-json\/wp\/v2\/media\/6556"}],"wp:attachment":[{"href":"https:\/\/www.gesuitieducazione.it\/en\/wp-json\/wp\/v2\/media?parent=6558"}],"wp:term":[{"taxonomy":"category","embeddable":true,"href":"https:\/\/www.gesuitieducazione.it\/en\/wp-json\/wp\/v2\/categories?post=6558"},{"taxonomy":"post_tag","embeddable":true,"href":"https:\/\/www.gesuitieducazione.it\/en\/wp-json\/wp\/v2\/tags?post=6558"},{"taxonomy":"istituto","embeddable":true,"href":"https:\/\/www.gesuitieducazione.it\/en\/wp-json\/wp\/v2\/istituto?post=6558"},{"taxonomy":"partner","embeddable":true,"href":"https:\/\/www.gesuitieducazione.it\/en\/wp-json\/wp\/v2\/partner?post=6558"}],"curies":[{"name":"wp","href":"https:\/\/api.w.org\/{rel}","templated":true}]}}