{"id":635,"date":"2015-09-21T10:03:44","date_gmt":"2015-09-21T08:03:44","guid":{"rendered":"http:\/\/educazione.gesuiti.it\/?p=635"},"modified":"2015-09-21T10:03:44","modified_gmt":"2015-09-21T08:03:44","slug":"scuole-ricominciare-la-scuola-in-galles","status":"publish","type":"post","link":"https:\/\/www.gesuitieducazione.it\/en\/scuole-ricominciare-la-scuola-in-galles\/","title":{"rendered":"Scuole. Ricominciare la scuola in Galles!"},"content":{"rendered":"<p>L\u2019anno scolastico\u00a0\u00e8 appena iniziato e mentre <a href=\"http:\/\/educazione.gesuiti.it\/2015\/09\/19\/scuole-anche-i-docenti-si-preparano-per-il-nuovo-anno\">i nostri docenti si preparano alla scuola<\/a>, anche alcuni studenti delle scuole della rete Gesuiti Educazione sono gi\u00e0 in piena attivit\u00e0.<\/p>\n<p>All\u2019alba di domenica 13 settembre, infatti, un gruppo di <strong>14 studenti <\/strong>delle prossime classi terze della Secondaria di primo grado dell&#8217;<a href=\"http:\/\/www.leonexiii.it\">Istituto Leone XIII di Milano<\/a>\u00a0\u00e8 partito alla volta del <strong>Galles<\/strong> per la seconda\u00a0<strong>settimana di &#8216;<em>integration&#8217;<\/em><\/strong>.\u00a0L\u2019iniziativa, inaugurata da un primo gruppo nello scorso mese di giugno, \u00e8 andata ad arricchire l\u2019offerta formativa della scuola sul versante delle lingue straniere e dell\u2019esperienza extrascolastica ed internazionale dei nostri ragazzi.<\/p>\n<p>Il soggiorno \u00e8 durato\u00a0complessivamente otto giorni (i ragazzi sono rientrati\u00a0domenica 20 settembre) e si \u00e8 svolto\u00a0presso la <strong><a href=\"http:\/\/prep.rydalpenrhos.com\/\">Rydal Penrhos School<\/a><\/strong>, college di grande tradizione e prestigio che si trova a <strong>Colwyn Bay<\/strong>, graziosa localit\u00e0 balneare sulla costa settentrionale del Galles.<\/p>\n<p>Il college ha una struttura assai articolata e complessa, come spesso avviene per le scuole britanniche. Su una superficie di pi\u00f9 di 40 acri, si distribuiscono numerosi edifici che ospitano le aule, le strutture speciali (laboratori, palestre, piscina ecc.) e boarding house, il tutto immerso nel verde, a poche centinaia di metri da un\u2019ampia spiaggia (peccato per il clima, che ha assunto un aspetto davvero \u201cbritish\u201d sin dalla partenza dall\u2019aeroporto di Orio al Serio).<\/p>\n<p>La <strong>Rydal Penrhos School<\/strong> ospita circa 400 studenti dai 6 ai 18 anni di et\u00e0, e da anni sta sviluppando numerose collaborazioni ed esperienze di <em>integration <\/em>con moltissime scuole di tutta Europa, che vi inviano i propri studenti per una interessante esperienza scolastica e umana.<\/p>\n<p>L\u2019esperienza dell\u2019<em>integration<\/em>\u00a0prevede un periodo di pieno inserimento dei nostri ragazzi nelle attivit\u00e0 scolastiche britanniche, suddivisi nelle classi della scuola media locale per seguire in parte le medesime lezioni dei loro coetanei gallesi, in parte per svolgere <strong>attivit\u00e0 linguistiche<\/strong> con i docenti locali. Avranno perci\u00f2 l\u2019opportunit\u00e0 di sperimentare un diverso modo di fare lezione, attraverso attivit\u00e0 laboratoriali e la particolarit\u00e0 di doversi spostare ad ogni lezione per raggiungere i docenti nelle rispettive aule.<\/p>\n<p>Molte <strong>le attivit\u00e0 sportive<\/strong> previste durante la settimana (utilizzando le numerose strutture sportive di cui la Rydal School \u00e8 dotata, ma anche approfittando della vicinanza del mare), che si concluder\u00e0 con una giornata intera di escursione nell\u2019entroterra gallese, ricco di borghi antichi e di suggestivi castelli.<\/p>\n<p>Rispetto alla settimana di giugno, gli studenti saranno ospitati in una <em>boarding house <\/em>totalmente rinnovata nei pressi dell\u2019edificio principale della scuola, che inaugureranno con il proprio soggiorno e nel quale saranno seguiti da attenti e premurosi assistenti.<\/p>\n<p>E&#8217; questo davvero un bel modo per inaugurare il nuovo anno scolastico. Buon lavoro, ragazzi!<\/p>\n<p>&gt; <a href=\"http:\/\/www.leonexiii.it\">Visita il sito del Leone XIII di Milano<\/a><\/p>\n","protected":false},"excerpt":{"rendered":"<p>Un gruppo di studenti della Secondaria di primo grado del Leone XIII di Milano ha iniziato l&#8217;anno scolastico in un College del Galles per una esperienza di &#8220;integration&#8221;.<\/p>\n","protected":false},"author":4,"featured_media":638,"comment_status":"closed","ping_status":"open","sticky":false,"template":"","format":"standard","meta":{"_acf_changed":false,"footnotes":""},"categories":[9,10],"tags":[46,51,52],"istituto":[],"partner":[],"class_list":["post-635","post","type-post","status-publish","format-standard","has-post-thumbnail","hentry","category-gesuiti-educazione","category-notizie","tag-leone-xiii","tag-internazionalita","tag-rydal-penrhos-school"],"acf":[],"_links":{"self":[{"href":"https:\/\/www.gesuitieducazione.it\/en\/wp-json\/wp\/v2\/posts\/635"}],"collection":[{"href":"https:\/\/www.gesuitieducazione.it\/en\/wp-json\/wp\/v2\/posts"}],"about":[{"href":"https:\/\/www.gesuitieducazione.it\/en\/wp-json\/wp\/v2\/types\/post"}],"author":[{"embeddable":true,"href":"https:\/\/www.gesuitieducazione.it\/en\/wp-json\/wp\/v2\/users\/4"}],"replies":[{"embeddable":true,"href":"https:\/\/www.gesuitieducazione.it\/en\/wp-json\/wp\/v2\/comments?post=635"}],"version-history":[{"count":0,"href":"https:\/\/www.gesuitieducazione.it\/en\/wp-json\/wp\/v2\/posts\/635\/revisions"}],"wp:featuredmedia":[{"embeddable":true,"href":"https:\/\/www.gesuitieducazione.it\/en\/wp-json\/wp\/v2\/media\/638"}],"wp:attachment":[{"href":"https:\/\/www.gesuitieducazione.it\/en\/wp-json\/wp\/v2\/media?parent=635"}],"wp:term":[{"taxonomy":"category","embeddable":true,"href":"https:\/\/www.gesuitieducazione.it\/en\/wp-json\/wp\/v2\/categories?post=635"},{"taxonomy":"post_tag","embeddable":true,"href":"https:\/\/www.gesuitieducazione.it\/en\/wp-json\/wp\/v2\/tags?post=635"},{"taxonomy":"istituto","embeddable":true,"href":"https:\/\/www.gesuitieducazione.it\/en\/wp-json\/wp\/v2\/istituto?post=635"},{"taxonomy":"partner","embeddable":true,"href":"https:\/\/www.gesuitieducazione.it\/en\/wp-json\/wp\/v2\/partner?post=635"}],"curies":[{"name":"wp","href":"https:\/\/api.w.org\/{rel}","templated":true}]}}