{"id":628,"date":"2015-09-19T18:09:28","date_gmt":"2015-09-19T16:09:28","guid":{"rendered":"http:\/\/educazione.gesuiti.it\/?p=628"},"modified":"2023-12-07T22:33:48","modified_gmt":"2023-12-07T21:33:48","slug":"scuole-anche-i-docenti-si-preparano-per-il-nuovo-anno","status":"publish","type":"post","link":"https:\/\/www.gesuitieducazione.it\/en\/scuole-anche-i-docenti-si-preparano-per-il-nuovo-anno\/","title":{"rendered":"Scuole. Anche i Docenti si preparano per il nuovo anno."},"content":{"rendered":"<p>Nonostante le scuole siano iniziate a met\u00e0\u00a0settembre, gi\u00e0 dall&#8217;inizio del mese tutti i Docenti delle scuole hanno iniziato una intensa attivit\u00e0 di programmazione e formazione per avviare al meglio il <strong>nuovo anno scolastico<\/strong>. In tutte le scuole della <strong>rete Gesuiti Educazione<\/strong> si sono succeduti incontri di programmazione, collegi docenti, dipartimenti e anche attivit\u00e0 spirituali e formative.<\/p>\n<p>La <strong>programmazione<\/strong> di un nuovo anno richiede intraprendenza, originalit\u00e0, capacit\u00e0 progettuali e organizzative. Non pu\u00f2 essere lasciata all&#8217;improvvisazione. Per questo \u00e8 fondamentale operare, seguendo la <strong>pedagogia e il carisma ignaziano<\/strong> che caratterizza le nostre scuole, anche secondo le linee guida e i cosiddetti &#8220;cantieri&#8221; individuati a livello di rete dalle Direzioni delle nostre scuole. In particolare, i principali cantieri su cui si innesteranno le principali attivit\u00e0 delle nostre scuole sono: il <strong>curriculum verticale<\/strong>, le <strong>tecnologie<\/strong>, la <strong>pastorale<\/strong> e <strong>l&#8217;internazionalit\u00e0<\/strong>.<\/p>\n<p>Accanto alle attivit\u00e0 di programmazione, i nostri docenti hanno anche trascorso alcuni <strong>momenti di formazione e di spiritualit\u00e0<\/strong>. Ad esempio, il 9 e il 10 settembre tutti i\u00a0docenti dell\u2019<strong><a href=\"http:\/\/www.istitutosociale.it\">Istituto Sociale di Torino<\/a><\/strong> sono stati\u00a0a Gressoney (AO) nella splendida cornice di Villa Belvedere. Il primo giorno, supportati e guidati\u00a0da p. Angelo Schettini S.I., hanno riflettuto\u00a0singolarmente e\u00a0in piccoli sul <strong>tema del silenzio<\/strong>: come lo viviamo, lo percepiamo e a volte lo temiamo.<\/p>\n<p>Il secondo giorno, invece, sotto la guida di p.\u00a0Vitangelo\u00a0Denora e p. Teresio Gianuzzi, si \u00e8\u00a0lavorato sulla figura del docente ignaziano, sulle qualit\u00e0 e sulle risorse che un insegnante delle scuole della Compagnia di Ges\u00f9 dovrebbe possedere. Come negli anni passati si \u00e8 lavorato a lungo al\u00a0&#8220;<strong>profilo dello studente ignaziano<\/strong>&#8220;, quest\u2019anno ci si \u00e8 concentrati invece\u00a0sul profilo del &#8220;<strong>docente ignaziano<\/strong>&#8220;.<\/p>\n<p>&#8220;Sono stati due giorni molto ricchi, intensi, colmi di spunti di riflessioni e occasioni di confronto &#8211; dichiara Ilaria, una docente del Sociale &#8211; dove \u00e8 stato possibile lavorare con i docenti di tutti i plessi e abbiamo anche avuto l\u2019opportunit\u00e0 di conoscerci meglio tra di noi e con i nuovi insegnanti che a partire da quest\u2019anno lavoreranno al Sociale&#8221;.<\/p>\n","protected":false},"excerpt":{"rendered":"<p>Nonostante le scuole siano iniziate a met\u00e0\u00a0settembre, gi\u00e0 dall&#8217;inizio del mese tutti i Docenti delle scuole hanno iniziato una intensa attivit\u00e0 di programmazione e formazione per avviare al meglio il nuovo anno scolastico. In tutte le scuole della rete Gesuiti Educazione si sono succeduti incontri di programmazione, collegi docenti, dipartimenti e anche attivit\u00e0 spirituali e [&hellip;]<\/p>\n","protected":false},"author":4,"featured_media":631,"comment_status":"closed","ping_status":"open","sticky":false,"template":"","format":"standard","meta":{"_acf_changed":false,"footnotes":""},"categories":[9,10],"tags":[26,49,50],"istituto":[],"partner":[],"class_list":["post-628","post","type-post","status-publish","format-standard","has-post-thumbnail","hentry","category-gesuiti-educazione","category-notizie","tag-scuole","tag-formazione-docenti","tag-istituto-sociale"],"acf":[],"_links":{"self":[{"href":"https:\/\/www.gesuitieducazione.it\/en\/wp-json\/wp\/v2\/posts\/628"}],"collection":[{"href":"https:\/\/www.gesuitieducazione.it\/en\/wp-json\/wp\/v2\/posts"}],"about":[{"href":"https:\/\/www.gesuitieducazione.it\/en\/wp-json\/wp\/v2\/types\/post"}],"author":[{"embeddable":true,"href":"https:\/\/www.gesuitieducazione.it\/en\/wp-json\/wp\/v2\/users\/4"}],"replies":[{"embeddable":true,"href":"https:\/\/www.gesuitieducazione.it\/en\/wp-json\/wp\/v2\/comments?post=628"}],"version-history":[{"count":2,"href":"https:\/\/www.gesuitieducazione.it\/en\/wp-json\/wp\/v2\/posts\/628\/revisions"}],"predecessor-version":[{"id":6502,"href":"https:\/\/www.gesuitieducazione.it\/en\/wp-json\/wp\/v2\/posts\/628\/revisions\/6502"}],"wp:featuredmedia":[{"embeddable":true,"href":"https:\/\/www.gesuitieducazione.it\/en\/wp-json\/wp\/v2\/media\/631"}],"wp:attachment":[{"href":"https:\/\/www.gesuitieducazione.it\/en\/wp-json\/wp\/v2\/media?parent=628"}],"wp:term":[{"taxonomy":"category","embeddable":true,"href":"https:\/\/www.gesuitieducazione.it\/en\/wp-json\/wp\/v2\/categories?post=628"},{"taxonomy":"post_tag","embeddable":true,"href":"https:\/\/www.gesuitieducazione.it\/en\/wp-json\/wp\/v2\/tags?post=628"},{"taxonomy":"istituto","embeddable":true,"href":"https:\/\/www.gesuitieducazione.it\/en\/wp-json\/wp\/v2\/istituto?post=628"},{"taxonomy":"partner","embeddable":true,"href":"https:\/\/www.gesuitieducazione.it\/en\/wp-json\/wp\/v2\/partner?post=628"}],"curies":[{"name":"wp","href":"https:\/\/api.w.org\/{rel}","templated":true}]}}