{"id":5027,"date":"2022-07-30T19:34:50","date_gmt":"2022-07-30T18:34:50","guid":{"rendered":"https:\/\/www.gesuitieducazione.it\/?p=5027"},"modified":"2022-07-30T19:35:15","modified_gmt":"2022-07-30T18:35:15","slug":"diplomati-54-giovani-e-adulti-latinoamericani-di-fe-y-alegria","status":"publish","type":"post","link":"https:\/\/www.gesuitieducazione.it\/en\/diplomati-54-giovani-e-adulti-latinoamericani-di-fe-y-alegria\/","title":{"rendered":"Diplomati 54 giovani e adulti latinoamericani di Fe y Alegr\u00eda"},"content":{"rendered":"\n<p>Sabato 23 Luglio 2022 a Milano 54 giovani e adulti latinoamericani si sono diplomati presso l\u2019Istituto IRFEYAL di Fe y Alegria Milano, raggiungendo un importante traguardo che aprir\u00e0 loro le porte dell&#8217;Universit\u00e0 in Italia. <\/p>\n\n\n\n<p>I 54 diplomati provengono da Per\u00f9, Ecuador, El Salvador, Colombia, Bolivia e Honduras.<\/p>\n\n\n\n<p>L., 36 anni, dell\u2019Ecuador, madre single di due bambine di 9 e 11 anni, racconta quanto stia riuscendo<br>con costanza a realizzare i propri sogni: \u201cnon \u00e8 facile lavorare, prendersi cura delle bambine, della casa e dello studio, ma l&#8217;Istituto mi ha aiutato e ha facilitato la mia partecipazione, permettendomi anche di portare le bambine quando non avevo nessuno a cui lasciarle. Le mie figlie sono orgogliose dell&#8217;esempio che do loro. Con questo titolo potr\u00f2 iscrivermi alla Facolt\u00e0 di Diritto e diventare avvocato per tutelare le donne che soffrono la violenza.\u201d<\/p>\n\n\n\n<p>S., 20 anni, del Peru, condivide la sua storia: \u201cho 20 anni, sono venuto in Italia per cercare un futuro<br>migliore con mia madre e il mio fratellino. Nessuna scuola era compatibile con il mio lavoro. Pensavo che non avrei potuto studiare fino a quando ho scoperto l&#8217; Istituto Irfeyal Mil\u00e1n di Fe y Alegria Milano.<br>Quest&#8217;anno \u00e8 stata un&#8217;esperienza unica con i compagni, tante risate e mutuo supporto. Ora il prossimo passo \u00e8 iscrivermi a Economia all&#8217;Universit\u00e0 in Italia&#8221;.<\/p>\n\n\n\n<p>Fe y Alegria Milano, con sede presso l\u2019<a href=\"http:\/\/www.leonexiii.it\">Istituto Leone XIII<\/a>, offre in collaborazione con IRFEYAL Ecuador, un programma scolastico per giovani e adulti latinoamericani a Milano con percorsi di studio incompleti di primaria e secondaria o con diplomi non equipollenti all\u2019italiano. In questi ventun anni di attivit\u00e0, pi\u00f9 di 1000 persone sono riuscite ad ottenere il titolo \u201cBachiller T\u00e9cnico en Servicios Informatica\u201d del Ministero di Educazione dell\u2019Ecuador, equipollente al diploma Italiano di istruzione secondaria superiore.<\/p>\n\n\n\n<p>Fe y Alegr\u00eda \u00e8 un Opera Globale della Compagnia di Ges\u00f9 che promuove l\u2019educazione popolare integrale e di promozione sociale senza fine di lucro. La rete educativa pi\u00f9 grande al mondo, fondata in Venezuela nel 1955 da P. Jos\u00e9 Mar\u00eda V\u00e9laz SJ, \u00e8 attualmente presente in 22 paesi. La missione di Fe y Alegr\u00eda \u00e8 di garantire un\u2019educazione integrale di qualit\u00e0 per giovani e adulti in situazioni di vulnerabilit\u00e0 ai quali consente di convertirsi in attori della costruzione di sistemi sociali pi\u00f9 giusti per tutti.<\/p>\n\n\n\n<p>Fe y Alegria Milano, Roma e Genova formano &#8220;Fe y Alegria Italia&#8221;, aderiscono alla Fondazione Gesuiti Educazione e fanno parte della Federacion Internacional Fe y Alegr\u00eda.<\/p>\n\n\n\n<p>Alla consegna dei Diplomi hanno assistito il Console Generale dell&#8217; Ecuador a Milano, Ministro Jos\u00e9 Antonio Carranza Barona, il Console Generale del Per\u00fa a Milano, Ambasciatore Augusto Salamanca, il Console di El Salvador a Milano, Julio C\u00e9sar Humberto Mart\u00ednez. Inoltre hanno partecipato famiglie, ex alunni, collaboratori come Informatici Senza Frontiere, benefattori e associazioni legati alla comunit\u00e0 latinoamericana in Italia, tra cui ASSAL- Associazione Salvadoregna in Lombardia.<\/p>\n\n\n\n<p>Il Direttore Nazionale di Irfeyal Ecuador, Dr. Edwin Beltran e la Rettore, Magister Alicia Gualavasi, hanno salutato tutti i presenti all&#8217;inizio della cerimonia di consegna dei Diplomi. Successivamente, la Dottoressa Kessia Chamba, direttrice di Fe y Alegria Milano e coordinatrice amministrativa di Irfeyal Milano, si \u00e8 rivolta ai presenti: \u201cmi congratulo con voi tutti neo diplomati, con le vostre famiglie e i vostri amici. Per ciascuno, abbandonare il proprio paese di origine non \u00e8 stato facile. Non vi siete scoraggiati e avete portato a termine con determinazione il vostro percorso formativo. Ringraziamo la Fondazione Gesuiti Educazione e l\u2019Istituto Leone XIII per il loro supporto. Per Fe y Alegria Italia \u00e8 motivo di orgoglio essere al vostro fianco durante questo cammino\u201d.<\/p>\n","protected":false},"excerpt":{"rendered":"<p>Sabato 23 Luglio 2022 a Milano 54 giovani e adulti latinoamericani si sono diplomati presso l\u2019Istituto IRFEYAL di Fe y Alegria Milano, raggiungendo un importante traguardo che aprir\u00e0 loro le porte dell&#8217;Universit\u00e0 in Italia.<\/p>\n","protected":false},"author":4,"featured_media":5028,"comment_status":"open","ping_status":"open","sticky":false,"template":"","format":"standard","meta":{"_acf_changed":false,"footnotes":""},"categories":[10,96,186],"tags":[69,285],"istituto":[],"partner":[],"class_list":["post-5027","post","type-post","status-publish","format-standard","has-post-thumbnail","hentry","category-notizie","category-fe-y-alegria","category-in-primo-piano","tag-fe-y-alegria","tag-diplomi"],"acf":[],"_links":{"self":[{"href":"https:\/\/www.gesuitieducazione.it\/en\/wp-json\/wp\/v2\/posts\/5027"}],"collection":[{"href":"https:\/\/www.gesuitieducazione.it\/en\/wp-json\/wp\/v2\/posts"}],"about":[{"href":"https:\/\/www.gesuitieducazione.it\/en\/wp-json\/wp\/v2\/types\/post"}],"author":[{"embeddable":true,"href":"https:\/\/www.gesuitieducazione.it\/en\/wp-json\/wp\/v2\/users\/4"}],"replies":[{"embeddable":true,"href":"https:\/\/www.gesuitieducazione.it\/en\/wp-json\/wp\/v2\/comments?post=5027"}],"version-history":[{"count":2,"href":"https:\/\/www.gesuitieducazione.it\/en\/wp-json\/wp\/v2\/posts\/5027\/revisions"}],"predecessor-version":[{"id":5031,"href":"https:\/\/www.gesuitieducazione.it\/en\/wp-json\/wp\/v2\/posts\/5027\/revisions\/5031"}],"wp:featuredmedia":[{"embeddable":true,"href":"https:\/\/www.gesuitieducazione.it\/en\/wp-json\/wp\/v2\/media\/5028"}],"wp:attachment":[{"href":"https:\/\/www.gesuitieducazione.it\/en\/wp-json\/wp\/v2\/media?parent=5027"}],"wp:term":[{"taxonomy":"category","embeddable":true,"href":"https:\/\/www.gesuitieducazione.it\/en\/wp-json\/wp\/v2\/categories?post=5027"},{"taxonomy":"post_tag","embeddable":true,"href":"https:\/\/www.gesuitieducazione.it\/en\/wp-json\/wp\/v2\/tags?post=5027"},{"taxonomy":"istituto","embeddable":true,"href":"https:\/\/www.gesuitieducazione.it\/en\/wp-json\/wp\/v2\/istituto?post=5027"},{"taxonomy":"partner","embeddable":true,"href":"https:\/\/www.gesuitieducazione.it\/en\/wp-json\/wp\/v2\/partner?post=5027"}],"curies":[{"name":"wp","href":"https:\/\/api.w.org\/{rel}","templated":true}]}}