{"id":493,"date":"2015-06-18T19:58:23","date_gmt":"2015-06-18T17:58:23","guid":{"rendered":"http:\/\/educazione.gesuiti.it\/?p=493"},"modified":"2023-12-07T22:33:17","modified_gmt":"2023-12-07T21:33:17","slug":"siamo-stati-tutti-in-missione-in-kenya","status":"publish","type":"post","link":"https:\/\/www.gesuitieducazione.it\/en\/siamo-stati-tutti-in-missione-in-kenya\/","title":{"rendered":"Kenya. Siamo stati tutti in missione in Kenya con p. Vitangelo"},"content":{"rendered":"<p>Sta per concludersi tra pochi giorni il periodo di formazione (il cosiddetto &#8220;Terz&#8217;anno&#8221;) in Kenya del &#8220;nostro&#8221; P. Vitangelo Denora, Delegato per i Collegi e Presidente della Fondazione GesuitiEducazione. Dalla sua partenza non ha mai mancato di farci sentire la sua vicinanza e il suo affetto mandandoci spesso messaggi, foto, testi, anche\u00a0grazie alla tecnologia, facendoci cos\u00ec conoscere e incontrare la realt\u00e0 in cui lui stava vivendo e operando.<\/p>\n<p>In noi e in lui,\u00a0con il passare\u00a0dei giorni, \u00e8 cresciuta\u00a0una consapevolezza nuova: in quella missione eravamo presenti con lui tutti noi della rete Gesuiti Educazione. Anche per noi \u00e8 stata una conoscenza che \u00e8 cresciuta nel tempo, attraverso i racconti e le foto che p. Vitangelo ci inviava. Grazie a questo contatto\u00a0abbiamo potuto reciprocamente\u00a0conoscere e incontrare altri bambini, ragazzi, giovani e crescere insieme.<\/p>\n<p>&#8220;In questo ultimo periodo &#8211; racconta P. Vitangelo dal Kenya &#8211; ho vissuto l\u2019ultima fase del mio terz\u2019anno che \u00e8 quella dell\u2019esperimento apostolico. In questo tempo veniamo inviati in contesti in cui poterci immergere nella vita della gente, specie quella pi\u00f9 povera, provando a testimoniare la vicinanza e la cura del Signore.<\/p>\n<p><a href=\"http:\/\/educazione.gesuiti.it\/wp-content\/uploads\/sites\/9\/2015\/06\/57_kenya4.jpg\"><img loading=\"lazy\" decoding=\"async\" class=\"alignnone size-medium wp-image-499\" src=\"http:\/\/educazione.gesuiti.it\/wp-content\/uploads\/sites\/9\/2015\/06\/57_kenya4-300x300.jpg\" alt=\"57_kenya4\" width=\"300\" height=\"300\" srcset=\"https:\/\/www.gesuitieducazione.it\/wp-content\/uploads\/2015\/06\/57_kenya4-300x300.jpg 300w, https:\/\/www.gesuitieducazione.it\/wp-content\/uploads\/2015\/06\/57_kenya4-150x150.jpg 150w, https:\/\/www.gesuitieducazione.it\/wp-content\/uploads\/2015\/06\/57_kenya4.jpg 440w\" sizes=\"(max-width: 300px) 100vw, 300px\" \/><\/a><\/p>\n<p>Sono stato ad Ongata Rongai presso le Evangelizing Sisters of Mary. Abbiamo\u00a0lavoriamo all\u2019incrocio di tre slums intorno a Nairobi (Kware, Gataka, Bangladesh\u2026) dove\u00a0le suore hanno pian piano affiancato al lavoro con i bambini e con le famiglie pi\u00f9 povere e vulnerabili la costruzione di due scuole (una scuola dell\u2019infanzia ed un liceo), anche con l\u2019aiuto di alcuni nostri amici italiani (appartenenti alla Giacomo Giacomo onlus e alla Lega Missionaria Studenti).\u00a0Mi ha molto colpito la grande energia e gioia dei bambini che pure vivono in contesti di povert\u00e0 estrema (non hanno molto spesso un letto nella casa in cui abitano, dove molte volte entra l\u2019acqua dal tetto o anche dalla strada in questa stagione delle piogge\u2026.\u00a0 e non sempre hanno un pasto caldo per poter crescere in modo sano).\u00a0Io ho cercato di passare del tempo con loro, di dare qualche aiuto alle suore e al loro staff e di giocare anche con i pi\u00f9 piccoli.<\/p>\n<p><img loading=\"lazy\" decoding=\"async\" class=\"alignnone size-medium wp-image-495\" src=\"http:\/\/educazione.gesuiti.it\/wp-content\/uploads\/sites\/9\/2015\/06\/57_Kenya2-300x300.jpg\" alt=\"57_Kenya2\" width=\"300\" height=\"300\" srcset=\"https:\/\/www.gesuitieducazione.it\/wp-content\/uploads\/2015\/06\/57_Kenya2-300x300.jpg 300w, https:\/\/www.gesuitieducazione.it\/wp-content\/uploads\/2015\/06\/57_Kenya2-150x150.jpg 150w, https:\/\/www.gesuitieducazione.it\/wp-content\/uploads\/2015\/06\/57_Kenya2.jpg 440w\" sizes=\"(max-width: 300px) 100vw, 300px\" \/><\/p>\n<p>Sono stato in realt\u00e0 facilitato dal fatto di essere straniero e bianco (qui si dice &#8216;<em>musungu&#8217;<\/em>) e quando arrivavo nello slum i bambini cominciavano a gridare \u201cmusungu, musungu\u2026\u201d ed in pochi minuti mi ritrovato circondato, stringevo loro la mano e\u00a0diventavamo subito amici.\u00a0Mi ha colpito molto anche la solidariet\u00e0 tra di loro: i pi\u00f9 grandi si occupano dei pi\u00f9 piccoli (li portano in braccio, li accompagnano mano nella mano a scuola, dopo aver giocato un poco con me, me li presentano perch\u00e9 possa giocare anche con il loro fratellino o la loro sorellina pi\u00f9 piccoli).\u00a0Mi ha colpito il loro sorriso e la loro felicit\u00e0 nel divertirsi con poco (oltre la loro passione per la musica e la danza) ed il coraggio, la forza, la fede di tutta questa gente nel vivere in queste situazioni che sono spesso disumane.<\/p>\n<p>Stando qui in Kenya ho pensato spesso e molto ai nostri bambini e ai nostri giovani e a come sia importante aiutare le giovani generazioni a crescere bene e a fare questo nostro mondo pi\u00f9 giusto e pi\u00f9 bello.\u00a0L\u2019educazione \u00e8 importante in tutti i paesi per un futuro di maggiore umanit\u00e0 e mi ritornano in mente le parole profetiche dei primi gesuiti: educare \u00e8 rinnovare il mondo.<\/p>\n<p>Devo dirvi che in questi mesi in molti momenti mi sono sentito in missione non solo a titolo personale, ma anche a nome delle nostre scuole della rete Gesuiti Eduazione e di tutti i nostri giovani.\u00a0E\u2019 importante oggi essere vicino ai giovani, credere in loro, dare loro gli strumenti per essere protagonisti della loro vita e aiutarli a crescere nella consapevolezza delle ferite del mondo, ma soprattutto nell\u2019apertura e nella solidariet\u00e0 che pu\u00f2 proprio nascere dai pi\u00f9 piccoli.\u00a0E\u2019 quello che stiamo anche nel nostro piccolo provando a fare, allargando sempre di pi\u00f9 il nostro orizzonte\u2026 oggi in qualche modo, anche attraverso questa mia esperienza, a nuovi piccoli e giovani amici del Kenya.<\/p>\n<p>&nbsp;<\/p>\n","protected":false},"excerpt":{"rendered":"<p>Sta per concludersi tra pochi giorni il periodo di formazione (il cosiddetto &#8220;Terz&#8217;anno&#8221;) in Kenya del &#8220;nostro&#8221; P. Vitangelo Denora, Delegato per i Collegi e Presidente della Fondazione GesuitiEducazione. Dalla sua partenza non ha mai mancato di farci sentire la sua vicinanza e il suo affetto mandandoci spesso messaggi, foto, testi, anche\u00a0grazie alla tecnologia, facendoci [&hellip;]<\/p>\n","protected":false},"author":4,"featured_media":494,"comment_status":"closed","ping_status":"open","sticky":false,"template":"","format":"standard","meta":{"_acf_changed":false,"footnotes":""},"categories":[9,10],"tags":[],"istituto":[],"partner":[],"class_list":["post-493","post","type-post","status-publish","format-standard","has-post-thumbnail","hentry","category-gesuiti-educazione","category-notizie"],"acf":[],"_links":{"self":[{"href":"https:\/\/www.gesuitieducazione.it\/en\/wp-json\/wp\/v2\/posts\/493"}],"collection":[{"href":"https:\/\/www.gesuitieducazione.it\/en\/wp-json\/wp\/v2\/posts"}],"about":[{"href":"https:\/\/www.gesuitieducazione.it\/en\/wp-json\/wp\/v2\/types\/post"}],"author":[{"embeddable":true,"href":"https:\/\/www.gesuitieducazione.it\/en\/wp-json\/wp\/v2\/users\/4"}],"replies":[{"embeddable":true,"href":"https:\/\/www.gesuitieducazione.it\/en\/wp-json\/wp\/v2\/comments?post=493"}],"version-history":[{"count":2,"href":"https:\/\/www.gesuitieducazione.it\/en\/wp-json\/wp\/v2\/posts\/493\/revisions"}],"predecessor-version":[{"id":6494,"href":"https:\/\/www.gesuitieducazione.it\/en\/wp-json\/wp\/v2\/posts\/493\/revisions\/6494"}],"wp:featuredmedia":[{"embeddable":true,"href":"https:\/\/www.gesuitieducazione.it\/en\/wp-json\/wp\/v2\/media\/494"}],"wp:attachment":[{"href":"https:\/\/www.gesuitieducazione.it\/en\/wp-json\/wp\/v2\/media?parent=493"}],"wp:term":[{"taxonomy":"category","embeddable":true,"href":"https:\/\/www.gesuitieducazione.it\/en\/wp-json\/wp\/v2\/categories?post=493"},{"taxonomy":"post_tag","embeddable":true,"href":"https:\/\/www.gesuitieducazione.it\/en\/wp-json\/wp\/v2\/tags?post=493"},{"taxonomy":"istituto","embeddable":true,"href":"https:\/\/www.gesuitieducazione.it\/en\/wp-json\/wp\/v2\/istituto?post=493"},{"taxonomy":"partner","embeddable":true,"href":"https:\/\/www.gesuitieducazione.it\/en\/wp-json\/wp\/v2\/partner?post=493"}],"curies":[{"name":"wp","href":"https:\/\/api.w.org\/{rel}","templated":true}]}}