{"id":491,"date":"2015-06-12T10:27:27","date_gmt":"2015-06-12T08:27:27","guid":{"rendered":"http:\/\/educazione.gesuiti.it\/?p=491"},"modified":"2023-12-07T22:33:10","modified_gmt":"2023-12-07T21:33:10","slug":"la-nostra-scuola-di-scutari-in-un-paese-in-crisi","status":"publish","type":"post","link":"https:\/\/www.gesuitieducazione.it\/en\/la-nostra-scuola-di-scutari-in-un-paese-in-crisi\/","title":{"rendered":"Albania. La nostra scuola di Scutari in un Paese in crisi"},"content":{"rendered":"<p>La crisi economica in Albania tocca inevitabilmente (e non solo) la scuola At\u00eb\u00a0Pjet\u00ebr Meshkalla (<em>abbreviato <\/em>APM) dei Gesuiti a Scutari. Si tratta di una crisi profonda che si concretizza nel calo delle natalit\u00e0, nell\u2019emigrazione e provoca non poche situazioni di disperazione, ma che\u00a0si scontra anche con i progetti di apostolato della Compagnia di Ges\u00f9, talvolta ambiziosi.<\/p>\n<p>&#8220;Mi sono convinto &#8211; dichiara P. Ronny Alesso S.I., rettore della scuola &#8211; che \u00e8 bene condividere la fatica che fanno molti italiani, fatica che rimette in questione l\u2019Albania e i nostri progetti, in quanto la crisi economica che attraversa l\u2019occidente ha ovvie ripercussioni anche nel mondo orientale e nelle nazioni di confine, diventando motivo di lamentela, di malcontento, addirittura di rabbia quando tocca persone o zone del mondo gi\u00e0 povere e provate, diventando destabilizzante e provocando esodi di massa e disperazione!\u00a0Anche se sono a Scutari da poco, avevo alcune convinzioni, tra cui quella che l\u2019Albania fosse\u00a0un paese in crescita. Ne ero convinto, cos\u00ec come lo erano molti qui, ma \u00e8 bastato poco, qualche azienda chiusa, un aumento delle tasse fino al 40% nel solo mese di febbraio, ed ecco che tra marzo e giugno di quest\u2019anno si \u00e8 registrata una emigrazione dall\u2019Albania pari a quella degli anni \u201890, come ha denunciato l\u2019INSTAT in aprile del 2015 e come hanno dichiarato molti giornali nazionali albanesi&#8221;.<\/p>\n<p>La zona pi\u00f9 colpita \u00e8 stata proprio il nord dell\u2019Albania, dove si trova Scutari con la nostra scuola At\u00eb\u00a0Pjet\u00ebr Meshkalla. La crisi economica va a braccetto con la modernit\u00e0 e quindi con il calo delle natalit\u00e0. Tutto questo ci interroga profondamente come scuola, giacch\u00e9 le iscrizioni hanno registrato un inevitabile\u00a0ribasso, nonostante\u00a0il forte e rinnovato impegno della Compagnia di Ges\u00f9 in questa scuola, rappresentato emblematicamente\u00a0nella costruzione del nuovo edificio scolastico, moderno, efficiente, funzionale e soprattutto pensato per innalzare\u00a0la capienza da 400 a 600 alunni, e quindi alla possibilit\u00e0 di accogliere fino a 200 studenti al primo anno.<\/p>\n<p>&#8220;La scuola At\u00eb\u00a0Pjet\u00ebr Meshkalla ha un livello di qualit\u00e0 nota a tutti in Albania &#8211; continua p. Ronny &#8211; ed \u00e8 riconosciuta come scuola selettiva con livello di insegnamento esemplare. Malgrado questi riconoscimenti, io come direttore didattico e il corpo docente ci siamo cominciati a porre\u00a0delle domande su come aumentare ulteriormente la qualit\u00e0 dell\u2019insegnamento, ma anche la qualit\u00e0 della comunicazione tra di noi, migliorando l\u2019organizzazione scolastica. Ci interroghiamo inoltre sulla nostra reale conoscenza del contesto in cui operiamo; infatti, \u00e8 un contesto che ha visto aumentare di netto le scuole \u201cliceo\u201d come la nostra: nel 2007 a Scutari erano 4, mentre oggi sono presenti ben 18 \u201clicei\u201d (tra scuole Turche, Islamiche, Cattoliche, Private e Pubbliche): un numero davvero elevato\u00a0in rapporto alle dimensioni della piccola Scutari, che conta meno di centomila abitanti&#8221;.<\/p>\n<p>Oltre al calo di inscritti, un altro problema sostanzialmente segnato dalla crisi e, pi\u00f9 specificatamente, dalla povert\u00e0 culturale \u00e8 che il livello formativo\u00a0delle scuole elementari e medie sta calando notevolmente\u00a0e, con esso,\u00a0anche quello delle Universit\u00e0 albanesi, e quindi dei futuri docenti. Per questo ci troviamo sempre pi\u00f9 spesso ad accogliere alunni con grandi lacune formative di base che la nostra scuola triennale difficilmente riesce a\u00a0colmare.<\/p>\n<p>&#8220;Con queste brevi osservazioni &#8211; conclude il Rettore &#8211; desidero sottolineare come la crisi economica, la riduzione delle natalit\u00e0, l\u2019impoverimento culturale, possano\u00a0mettere\u00a0in crisi i nostri progetti. Credo che tutto questo possa essere condiviso in molte parti del mondo e spero venga\u00a0letto come una nuova sfida e un cammino da compiere, magari assieme&#8221;.<\/p>\n","protected":false},"excerpt":{"rendered":"<p>La crisi economica in Albania tocca inevitabilmente (e non solo) la scuola At\u00eb\u00a0Pjet\u00ebr Meshkalla (abbreviato APM) dei Gesuiti a Scutari. Si tratta di una crisi profonda che si concretizza nel calo delle natalit\u00e0, nell\u2019emigrazione e provoca non poche situazioni di disperazione, ma che\u00a0si scontra anche con i progetti di apostolato della Compagnia di Ges\u00f9, talvolta [&hellip;]<\/p>\n","protected":false},"author":4,"featured_media":561,"comment_status":"closed","ping_status":"open","sticky":false,"template":"","format":"standard","meta":{"_acf_changed":false,"footnotes":""},"categories":[9,10],"tags":[25,27,47],"istituto":[],"partner":[],"class_list":["post-491","post","type-post","status-publish","format-standard","has-post-thumbnail","hentry","category-gesuiti-educazione","category-notizie","tag-ate-pjeter-meshkalla","tag-scutari","tag-albania"],"acf":[],"_links":{"self":[{"href":"https:\/\/www.gesuitieducazione.it\/en\/wp-json\/wp\/v2\/posts\/491"}],"collection":[{"href":"https:\/\/www.gesuitieducazione.it\/en\/wp-json\/wp\/v2\/posts"}],"about":[{"href":"https:\/\/www.gesuitieducazione.it\/en\/wp-json\/wp\/v2\/types\/post"}],"author":[{"embeddable":true,"href":"https:\/\/www.gesuitieducazione.it\/en\/wp-json\/wp\/v2\/users\/4"}],"replies":[{"embeddable":true,"href":"https:\/\/www.gesuitieducazione.it\/en\/wp-json\/wp\/v2\/comments?post=491"}],"version-history":[{"count":2,"href":"https:\/\/www.gesuitieducazione.it\/en\/wp-json\/wp\/v2\/posts\/491\/revisions"}],"predecessor-version":[{"id":6492,"href":"https:\/\/www.gesuitieducazione.it\/en\/wp-json\/wp\/v2\/posts\/491\/revisions\/6492"}],"wp:featuredmedia":[{"embeddable":true,"href":"https:\/\/www.gesuitieducazione.it\/en\/wp-json\/wp\/v2\/media\/561"}],"wp:attachment":[{"href":"https:\/\/www.gesuitieducazione.it\/en\/wp-json\/wp\/v2\/media?parent=491"}],"wp:term":[{"taxonomy":"category","embeddable":true,"href":"https:\/\/www.gesuitieducazione.it\/en\/wp-json\/wp\/v2\/categories?post=491"},{"taxonomy":"post_tag","embeddable":true,"href":"https:\/\/www.gesuitieducazione.it\/en\/wp-json\/wp\/v2\/tags?post=491"},{"taxonomy":"istituto","embeddable":true,"href":"https:\/\/www.gesuitieducazione.it\/en\/wp-json\/wp\/v2\/istituto?post=491"},{"taxonomy":"partner","embeddable":true,"href":"https:\/\/www.gesuitieducazione.it\/en\/wp-json\/wp\/v2\/partner?post=491"}],"curies":[{"name":"wp","href":"https:\/\/api.w.org\/{rel}","templated":true}]}}