{"id":4889,"date":"2022-04-06T23:16:50","date_gmt":"2022-04-06T22:16:50","guid":{"rendered":"https:\/\/www.gesuitieducazione.it\/?p=4889"},"modified":"2022-06-26T19:11:43","modified_gmt":"2022-06-26T18:11:43","slug":"educare-allenando-un-percorso-formativo-per-educatori-sportivi-ignaziani","status":"publish","type":"post","link":"https:\/\/www.gesuitieducazione.it\/en\/educare-allenando-un-percorso-formativo-per-educatori-sportivi-ignaziani\/","title":{"rendered":"Educare Allenando: un percorso formativo per educatori sportivi ignaziani"},"content":{"rendered":"\n<p>La Fondazione Gesuiti Educazione, insieme ai Centri Sportivi che sono parte della rete, organizza per maggio\/giugno 2022 un seminario di approfondimento del Paradigma Pedagogico Ignaziano applicato alla attivit\u00e0 sportiva dal titolo &#8220;Educare Allenando: un percorso formativo per educatori sportivi ignaziani&#8221;.<\/p>\n\n\n\n<p>Questo seminario rappresenta in realt\u00e0 il secondo step nel percorso di formazione ignaziana degli Educatori Sportivi che era gi\u00e0 stato avviato l&#8217;anno scorso. Il seminario sar\u00e0 pensato su almeno due moduli che, alternati, consentono ai partecipanti di completare il percorso in due anni, avendo un tempo di pratica di campo abbastanza significativo per una elaborazione personale riflessiva rispetto al proprio percorso.<\/p>\n\n\n\n<p>Questo primo modulo lavora molto sulla consapevolezza personale e la conoscenza dei propri valori. Il secondo \u00e8 invece pi\u00f9 rivolto alla relazione dell\u2019educatore con gli altri e alla qualit\u00e0 di queste relazioni.<\/p>\n\n\n\n<p>Gli obiettivi formativi che &#8220;Educare Allenando&#8221; si pone sono da un lato il condividere i valori fondanti per gli Educatori Sportivi Ignaziani e comprenderne la loro importanza profonda nella nostra attivit\u00e0, dall&#8217;altro l&#8217;acquisire gli strumenti necessari per attivare un processo continuo affinch\u00e9 tali valori si trasformino in azioni concrete nei nostri centri sportivi.<\/p>\n\n\n\n<p>Il seminario &#8220;Educare Allenando&#8221; \u00e8 quindi indirizzato a Educatori (allenatori) che abbiano maturato una esperienza in uno dei nostri Centri Sportivi piuttosto significativa (3-5 stagioni), includendo in questa valutazione sulla esperienza trascorsa anche quella da atleta. Il numero di partecipanti \u00e8 limitato a un massimo di 18-20 persone).<\/p>\n\n\n\n<p>La modalit\u00e0 di svolgimento del seminario sar\u00e0 mista, combinando momenti in \u00abpresenza\u00bb e \u00abdidattica a distanza\u00bb per cogliere le molte opportunit\u00e0 dello scambio sociale \u00abdi persona\u00bb, ma allo stesso tempo non volendo pesare troppo sui trasferimenti o sulla permanenza fuori dalla propria residenza. <\/p>\n\n\n\n<p>La &#8220;partenza&#8221; \u00e8 prevista a Milano per la giornata di sabato 4 maggio 2022.<\/p>\n\n\n\n<p>La realizzazione di questo percorso formativo rappresenta l&#8217;evoluzione e l&#8217;attuazione del documento di lavoro che, nel 2021, ha tracciato e definito le linee generali di lavoro per la formazione degli Educatori Sportivi della Rete Gesuiti Educazione, frutto della condivisione di un gruppo di persone provenienti dai Centri Sportivi pi\u00f9 radicati nella tradizione ignaziana.<\/p>\n\n\n\n<p>Per informazioni, contattare la segreteria della Fondazione: <a href=\"mailto:segreteria@gesuitieducazione.it\">segreteria@gesuitieducazione.it<\/a> <\/p>\n\n\n\n<p>Scarica la brochure:<\/p>\n\n\n\n<div data-wp-interactive=\"core\/file\" class=\"wp-block-file\"><object data-wp-bind--hidden=\"!state.hasPdfPreview\"  class=\"wp-block-file__embed\" data=\"https:\/\/www.gesuitieducazione.it\/wp-content\/uploads\/2022\/04\/brochure-Educare-Allenando.pdf\" type=\"application\/pdf\" style=\"width:100%;height:600px\" aria-label=\"Embed of Incorporamento di brochure-Educare-Allenando..\"><\/object><a id=\"wp-block-file--media-2f794f2e-9939-4dbe-96a7-f2c11a8d6d1f\" href=\"https:\/\/www.gesuitieducazione.it\/wp-content\/uploads\/2022\/04\/brochure-Educare-Allenando.pdf\">brochure-Educare-Allenando<\/a><a href=\"https:\/\/www.gesuitieducazione.it\/wp-content\/uploads\/2022\/04\/brochure-Educare-Allenando.pdf\" class=\"wp-block-file__button\" download aria-describedby=\"wp-block-file--media-2f794f2e-9939-4dbe-96a7-f2c11a8d6d1f\">Download<\/a><\/div>\n","protected":false},"excerpt":{"rendered":"<p>La Fondazione Gesuiti Educazione, insieme ai Centri Sportivi che sono parte della rete, organizza per maggio\/giugno 2022 un seminario di approfondimento del Paradigma Pedagogico Ignaziano applicato alla attivit\u00e0 sportiva dal titolo &#8220;Educare Allenando: un percorso formativo per educatori sportivi ignaziani&#8221;. Questo seminario rappresenta in realt\u00e0 il secondo step nel percorso di formazione ignaziana degli Educatori [&hellip;]<\/p>\n","protected":false},"author":4,"featured_media":4892,"comment_status":"open","ping_status":"open","sticky":false,"template":"","format":"standard","meta":{"_acf_changed":false,"footnotes":""},"categories":[10,186,258,275],"tags":[106],"istituto":[],"partner":[],"class_list":["post-4889","post","type-post","status-publish","format-standard","has-post-thumbnail","hentry","category-notizie","category-in-primo-piano","category-attivita","category-sport","tag-sport"],"acf":[],"_links":{"self":[{"href":"https:\/\/www.gesuitieducazione.it\/en\/wp-json\/wp\/v2\/posts\/4889"}],"collection":[{"href":"https:\/\/www.gesuitieducazione.it\/en\/wp-json\/wp\/v2\/posts"}],"about":[{"href":"https:\/\/www.gesuitieducazione.it\/en\/wp-json\/wp\/v2\/types\/post"}],"author":[{"embeddable":true,"href":"https:\/\/www.gesuitieducazione.it\/en\/wp-json\/wp\/v2\/users\/4"}],"replies":[{"embeddable":true,"href":"https:\/\/www.gesuitieducazione.it\/en\/wp-json\/wp\/v2\/comments?post=4889"}],"version-history":[{"count":3,"href":"https:\/\/www.gesuitieducazione.it\/en\/wp-json\/wp\/v2\/posts\/4889\/revisions"}],"predecessor-version":[{"id":5011,"href":"https:\/\/www.gesuitieducazione.it\/en\/wp-json\/wp\/v2\/posts\/4889\/revisions\/5011"}],"wp:featuredmedia":[{"embeddable":true,"href":"https:\/\/www.gesuitieducazione.it\/en\/wp-json\/wp\/v2\/media\/4892"}],"wp:attachment":[{"href":"https:\/\/www.gesuitieducazione.it\/en\/wp-json\/wp\/v2\/media?parent=4889"}],"wp:term":[{"taxonomy":"category","embeddable":true,"href":"https:\/\/www.gesuitieducazione.it\/en\/wp-json\/wp\/v2\/categories?post=4889"},{"taxonomy":"post_tag","embeddable":true,"href":"https:\/\/www.gesuitieducazione.it\/en\/wp-json\/wp\/v2\/tags?post=4889"},{"taxonomy":"istituto","embeddable":true,"href":"https:\/\/www.gesuitieducazione.it\/en\/wp-json\/wp\/v2\/istituto?post=4889"},{"taxonomy":"partner","embeddable":true,"href":"https:\/\/www.gesuitieducazione.it\/en\/wp-json\/wp\/v2\/partner?post=4889"}],"curies":[{"name":"wp","href":"https:\/\/api.w.org\/{rel}","templated":true}]}}