{"id":4180,"date":"2021-09-27T11:45:00","date_gmt":"2021-09-27T09:45:00","guid":{"rendered":"https:\/\/www.gesuitieducazione.it\/?p=4180"},"modified":"2023-02-28T19:38:26","modified_gmt":"2023-02-28T18:38:26","slug":"cerimonia-dei-diplomi-fe-y-alegria-genova-irfeyal","status":"publish","type":"post","link":"https:\/\/www.gesuitieducazione.it\/en\/cerimonia-dei-diplomi-fe-y-alegria-genova-irfeyal\/","title":{"rendered":"Cerimonia dei Diplomi Fe y Alegria Genova-Irfeyal"},"content":{"rendered":"\n<p>Sabato 18 settembre a Genova, a Sampierdarena, 23 giovani e adulti latinoamericani si sono diplomati all\u2019Istituto Irfeyal di Fe y Alegria Genova.<\/p>\n\n\n\n<p>\u201cGli studenti hanno un\u2019 et\u00e0 media di 32 anni e oltre l\u2019 80% sono donne. Provengono dall\u2019 Ecuador, Per\u00f9, Colombia ed El Salvador\u201d dichiara Mercy Mera, Direttore di Fe y Alegria Genova.<\/p>\n\n\n\n<p>Fe y Alegria \u00e8 un Movimento globale di Educazione Popolare e Promozione Sociale presente in 22 paesi. Fe y Alegria Italia, membro della Fondazione Gesuiti Educazione, \u00e8 la rete formata dalle cooperative sociali Fe y Alegria Genova , Fe y Alegria Milano e Fe y Alegria Roma, la cui attivit\u00e0 principale, da vent\u2019anni, \u00e8 l\u2019educazione e la formazione umana.<\/p>\n\n\n\n<p>Alla Cerimonia di consegna dei diplomi sono intervenute numerose personalit\u00e0: don Sergio Pellini, Direttore dell\u2019Opera Don Bosco in Sampierdarena, don Claudio Paolocci, Presidente della Fondazione Franzoni, l\u2019avvocato Monica Russo, assessore del municipio Ovest del Comune di Genova, il Ministro Alejandro Ugarte, Console Generale del Per\u00f9 a Genova, il Dott. Winter Vera, Viceconsole dell\u2019 Ecuador a Genova e la dott.ssa Emy Diaz, Presidente della Rete multidisciplinare di Indagine per lo sviluppo dell\u2019 America Latina e dei Caraibi.<\/p>\n\n\n\n<figure class=\"wp-block-image size-full\"><img loading=\"lazy\" decoding=\"async\" width=\"968\" height=\"631\" src=\"https:\/\/www.gesuitieducazione.it\/wp-content\/uploads\/2021\/10\/2021-09-26-FeYAlegria-Genova-Autoridades-Olga-Perez-Monica-Russo-Aljeandro-Ugartedon-Sergio-Pellini-Winter-Vera-Mercy-Mera.png\" alt=\"\" class=\"wp-image-4181\" srcset=\"https:\/\/www.gesuitieducazione.it\/wp-content\/uploads\/2021\/10\/2021-09-26-FeYAlegria-Genova-Autoridades-Olga-Perez-Monica-Russo-Aljeandro-Ugartedon-Sergio-Pellini-Winter-Vera-Mercy-Mera.png 968w, https:\/\/www.gesuitieducazione.it\/wp-content\/uploads\/2021\/10\/2021-09-26-FeYAlegria-Genova-Autoridades-Olga-Perez-Monica-Russo-Aljeandro-Ugartedon-Sergio-Pellini-Winter-Vera-Mercy-Mera-800x521.png 800w, https:\/\/www.gesuitieducazione.it\/wp-content\/uploads\/2021\/10\/2021-09-26-FeYAlegria-Genova-Autoridades-Olga-Perez-Monica-Russo-Aljeandro-Ugartedon-Sergio-Pellini-Winter-Vera-Mercy-Mera-920x600.png 920w, https:\/\/www.gesuitieducazione.it\/wp-content\/uploads\/2021\/10\/2021-09-26-FeYAlegria-Genova-Autoridades-Olga-Perez-Monica-Russo-Aljeandro-Ugartedon-Sergio-Pellini-Winter-Vera-Mercy-Mera-600x391.png 600w\" sizes=\"(max-width: 968px) 100vw, 968px\" \/><\/figure>\n\n\n\n<p>P. Florin Silaghi SJ, Rappresentante Comune della rete Fe y Alegria Italia, ha espresso la sua convinzione che il processo educativo trasforma i cuori, riconcilia e ci rende pi\u00f9 capaci di essere responsabili gli uni verso gli altri. Inoltre ha incoraggiato le autorit\u00e0 civili e religiose, le missioni diplomatiche, le fondazioni, le aziende, i media e gli ex studenti ad essere partecipanti attivi in questo progetto di educazione e formazione inclusiva.<\/p>\n\n\n\n<p>Il Direttore Nazionale di IRFEYAL Ecuador, Dott. Edwin Beltr\u00e1n, collegato online ha proceduto all\u2019apertura della Cerimonia seguito dal Rettore Alicia Gualavis\u00ed Llor\u00e9 dell\u2019Unit\u00e0 Educativa Jose Mar\u00eda V\u00e9laz che si \u00e8 occupata di conferire i diplomi di Tecnico dei servizi informatici ai 23 studenti.<\/p>\n\n\n\n<figure class=\"wp-block-image size-full\"><img loading=\"lazy\" decoding=\"async\" width=\"968\" height=\"631\" src=\"https:\/\/www.gesuitieducazione.it\/wp-content\/uploads\/2021\/10\/2021-09-26-FeYAlegria-Genova-Autoridades-Mercy-Mera-p.Florin-Silaghi-s.j.-don-Sergio-Pellini-e-don-Claudio-Paolocci.png\" alt=\"\" class=\"wp-image-4183\" srcset=\"https:\/\/www.gesuitieducazione.it\/wp-content\/uploads\/2021\/10\/2021-09-26-FeYAlegria-Genova-Autoridades-Mercy-Mera-p.Florin-Silaghi-s.j.-don-Sergio-Pellini-e-don-Claudio-Paolocci.png 968w, https:\/\/www.gesuitieducazione.it\/wp-content\/uploads\/2021\/10\/2021-09-26-FeYAlegria-Genova-Autoridades-Mercy-Mera-p.Florin-Silaghi-s.j.-don-Sergio-Pellini-e-don-Claudio-Paolocci-800x521.png 800w, https:\/\/www.gesuitieducazione.it\/wp-content\/uploads\/2021\/10\/2021-09-26-FeYAlegria-Genova-Autoridades-Mercy-Mera-p.Florin-Silaghi-s.j.-don-Sergio-Pellini-e-don-Claudio-Paolocci-920x600.png 920w, https:\/\/www.gesuitieducazione.it\/wp-content\/uploads\/2021\/10\/2021-09-26-FeYAlegria-Genova-Autoridades-Mercy-Mera-p.Florin-Silaghi-s.j.-don-Sergio-Pellini-e-don-Claudio-Paolocci-600x391.png 600w\" sizes=\"(max-width: 968px) 100vw, 968px\" \/><\/figure>\n\n\n\n<p>La Dott.ssa Olga P\u00e9rez Sastre, Responsabile Comunicazione e Fundraising di Fe y Alegria Italia ha annunciato che il Consolato della Colombia a Roma col Programma \u201cColombia nos une\u201d collaborer\u00e0 nel prossimo anno accademico 2021\/2022 con borse di studio a favore degli studenti colombiani in situazione di vulnerabilit\u00e0.<\/p>\n\n\n\n<p>Don Sergio Pellini ha ricordato che \u201cla libert\u00e0 interiore nasce dalla cultura e dall\u2019apertura a Dio; questo ci permette non solo di arrivare al diploma ma anche alla santit\u00e0\u201d.<\/p>\n\n\n\n<figure class=\"wp-block-image size-full\"><img loading=\"lazy\" decoding=\"async\" width=\"935\" height=\"338\" src=\"https:\/\/www.gesuitieducazione.it\/wp-content\/uploads\/2021\/10\/2021-09-26-FeYAlegria-Genova-UNADJUSTEDNONRAW_thumb_66d.jpg\" alt=\"\" class=\"wp-image-4185\" srcset=\"https:\/\/www.gesuitieducazione.it\/wp-content\/uploads\/2021\/10\/2021-09-26-FeYAlegria-Genova-UNADJUSTEDNONRAW_thumb_66d.jpg 935w, https:\/\/www.gesuitieducazione.it\/wp-content\/uploads\/2021\/10\/2021-09-26-FeYAlegria-Genova-UNADJUSTEDNONRAW_thumb_66d-800x289.jpg 800w, https:\/\/www.gesuitieducazione.it\/wp-content\/uploads\/2021\/10\/2021-09-26-FeYAlegria-Genova-UNADJUSTEDNONRAW_thumb_66d-600x217.jpg 600w\" sizes=\"(max-width: 935px) 100vw, 935px\" \/><\/figure>\n\n\n\n<p>L\u2019istituto ha conferito agli studenti diversi riconoscimenti, tra cui quello di \u201cmiglior diplomata\u201d alla giovane italo-colombiana Luisa Mar\u00eda Giordano. Gli studenti hanno inoltre consegnato una targa alla coordinatrice accademica, prof.ssa Ketty Zamora, in riconoscimento della professionalit\u00e0 e dedizione dei docenti durante la pandemia.<\/p>\n","protected":false},"excerpt":{"rendered":"<p>Sabato 18 settembre a Genova, a Sampierdarena, 23 giovani e adulti latinoamericani si sono diplomati all\u2019Istituto Irfeyal di Fe y Alegria Genova. \u201cGli studenti hanno un\u2019 et\u00e0 media di 32 anni e oltre l\u2019 80% sono donne. Provengono dall\u2019 Ecuador, Per\u00f9, Colombia ed El Salvador\u201d dichiara Mercy Mera, Direttore di Fe y Alegria Genova. Fe [&hellip;]<\/p>\n","protected":false},"author":4,"featured_media":4185,"comment_status":"open","ping_status":"open","sticky":false,"template":"","format":"standard","meta":{"_acf_changed":false,"footnotes":""},"categories":[10],"tags":[],"istituto":[],"partner":[],"class_list":["post-4180","post","type-post","status-publish","format-standard","has-post-thumbnail","hentry","category-notizie"],"acf":[],"_links":{"self":[{"href":"https:\/\/www.gesuitieducazione.it\/en\/wp-json\/wp\/v2\/posts\/4180"}],"collection":[{"href":"https:\/\/www.gesuitieducazione.it\/en\/wp-json\/wp\/v2\/posts"}],"about":[{"href":"https:\/\/www.gesuitieducazione.it\/en\/wp-json\/wp\/v2\/types\/post"}],"author":[{"embeddable":true,"href":"https:\/\/www.gesuitieducazione.it\/en\/wp-json\/wp\/v2\/users\/4"}],"replies":[{"embeddable":true,"href":"https:\/\/www.gesuitieducazione.it\/en\/wp-json\/wp\/v2\/comments?post=4180"}],"version-history":[{"count":1,"href":"https:\/\/www.gesuitieducazione.it\/en\/wp-json\/wp\/v2\/posts\/4180\/revisions"}],"predecessor-version":[{"id":4187,"href":"https:\/\/www.gesuitieducazione.it\/en\/wp-json\/wp\/v2\/posts\/4180\/revisions\/4187"}],"wp:featuredmedia":[{"embeddable":true,"href":"https:\/\/www.gesuitieducazione.it\/en\/wp-json\/wp\/v2\/media\/4185"}],"wp:attachment":[{"href":"https:\/\/www.gesuitieducazione.it\/en\/wp-json\/wp\/v2\/media?parent=4180"}],"wp:term":[{"taxonomy":"category","embeddable":true,"href":"https:\/\/www.gesuitieducazione.it\/en\/wp-json\/wp\/v2\/categories?post=4180"},{"taxonomy":"post_tag","embeddable":true,"href":"https:\/\/www.gesuitieducazione.it\/en\/wp-json\/wp\/v2\/tags?post=4180"},{"taxonomy":"istituto","embeddable":true,"href":"https:\/\/www.gesuitieducazione.it\/en\/wp-json\/wp\/v2\/istituto?post=4180"},{"taxonomy":"partner","embeddable":true,"href":"https:\/\/www.gesuitieducazione.it\/en\/wp-json\/wp\/v2\/partner?post=4180"}],"curies":[{"name":"wp","href":"https:\/\/api.w.org\/{rel}","templated":true}]}}