{"id":361,"date":"2015-05-25T23:24:04","date_gmt":"2015-05-25T21:24:04","guid":{"rendered":"http:\/\/educazione.gesuiti.it\/?p=361"},"modified":"2023-12-07T22:32:32","modified_gmt":"2023-12-07T21:32:32","slug":"scuole-studiare-scienze-alle-isole-eolie","status":"publish","type":"post","link":"https:\/\/www.gesuitieducazione.it\/en\/scuole-studiare-scienze-alle-isole-eolie\/","title":{"rendered":"Scuole. Studiare scienze alle Isole Eolie"},"content":{"rendered":"<p><em>&#8220;Praecepta pauca, exempla multa, exercitatio plurima&#8221;<\/em> pare amasse ripetere <strong>S. Ignazio di Loyola<\/strong>. Questo certamente avviene nelle scuole della rete Gesuiti Educazione quando l&#8217;apprendimento e le competenze degli studenti vengono acquisiti attraverso l&#8217;esperienza e la pratica, l&#8217;osservazione e lo studio in loco dei fenomeni naturali, lezioni e laboratori in spiaggia, alternati a escursioni, salite sui vulcani alla scoperta di eruzioni e fenomeni naturali.<\/p>\n<p>Anche quest\u2019anno, infatti, come \u00e8 ormai consuetudine, due classi dell\u2019<a href=\"http:\/\/www.istitutosociale.it\" target=\"_blank\" rel=\"noopener\">Istituto Sociale di Torino<\/a>, gemellate con due classi del <a href=\"http:\/\/www.leonexiii.it\" target=\"_blank\" rel=\"noopener\">Leone XIII di Milano<\/a>, hanno intrapreso dal 17 al 22 maggio un <strong>soggiorno-studio di vulcanologia e biologia marina alle isole Eolie<\/strong>, patrimonio mondiale dell\u2019umanit\u00e0 per la bellezza del paesaggio e per le diverse tipologie di vulcanismo, concentrate in un territorio circoscritto.<\/p>\n<p>Le giornate sono state intensissime: due escursioni ogni\u00a0giorno, intervallate da lezioni (anche la sera) di vulcanologia e biologia, laboratori, incontri con guide ed esperti. Il tutto nella magnifica cornice di Lipari, ammirando Vulcano e Stromboli!<\/p>\n<p>&#8220;Come spiegare le <strong>emozioni<\/strong> che si provano visitando le isole Eolie? &#8211; racconta la prof.ssa Ghiggia, una docente accompagnatrice &#8211; Proviamoci partendo da Vulcano. Mare, sole, il turchese del cielo che ti avvolge, il vento che ti accarezza la pelle, lo sguardo che spazia in un magico susseguirsi di isole nate come per miracolo dalla superficie cristallina del mare. Poi alzi gli occhi e la natura potente e selvaggia del vulcano ti rapisce tra il giallo allegro delle ginestre e la terra prima nera, poi rossa, poi grigia, sempre mutevole. Ma quando arrivi in cima alla vetta, non vorresti pi\u00f9 staccare lo sguardo dal cratere del vulcano, vivo e palpitante nei suoi pennacchi gialli di zolfo, lontano presagio di una futura eruzione&#8221;.<\/p>\n<p>&#8220;Svegliati da una fresca brezza marina &#8211; raccontano due studenti partecipanti\u00a0&#8211; abbiamo\u00a0appena il tempo per guardare l&#8217;intenso programma della giornata, armarci di penna, fogli e costume ed eccoci pronti per una nuova giornata. Come ci mettiamo in marcia, alla bellezza del paesaggio mozzafiato si accompagna l\u2019intensit\u00e0 del sole siciliano a perseguitarci per prati, strade, spiagge e montagne fino a sciogliersi nel tiepido mare di Lipari. Accaldati, stanchi e affamati, abbiamo avuto soste in spiaggia e, tra un tuffo e l\u2019altro, l\u2019opportunit\u00e0 di gustare la celebre cucina siciliana. Nuovamente in marcia abbiamo potuto ammirare lo splendore e l\u2019unicit\u00e0 del paesaggio che si \u00e8 aperto ai nostri occhi una volta raggiunta la sommit\u00e0 dell\u2019osservatorio di Lipari. Tornati in albergo, tuffo in piscina, doccia e lezione preparatoria per\u00a0il giorno successivo!&#8221;.<\/p>\n<p>Che bella lezione di geologia questa: studiare\u00a0sul campo, vedere ed interpretare ci\u00f2 che ci circonda. Come\u00a0gi\u00e0 diceva il naturalista David Orr, <strong>\u201c<\/strong><strong>t<\/strong><strong>utta\u00a0l\u2019educazione \u00e8 educazione ambientale\u201d<\/strong>. Noi siamo parte di un sistema e questa\u00a0esperienza non \u00e8 stata solo uno scatto della regolare attivit\u00e0 didattica, ma \u00e8 gi\u00e0 diventata patrimonio della nostra persona.<\/p>\n<p>&#8220;Questi giorni intensi sono volati\u2026 &#8211; concludono i docenti accompagnatori &#8211;\u00a0Al tramonto della sera della partenza, quando siamo andati\u00a0al porto per imbarcarci sul traghetto per\u00a0Napoli, gi\u00e0 sentivamo la nostalgia di quei\u00a0luoghi. Appena imbarcati molti dei ragazzi sono subito crollati addormentati. Troppe emozioni? Troppa fatica? Troppe poche ore di sonno? Non vogliamo sapere, ma siamo contenti di averli visti allegri, affiatati, disponibili ad affrontare le difficolt\u00e0, interessati. Inoltre siamo certi che\u00a0ritornano a casa molto pi\u00f9 &#8220;ricchi&#8221; di prima e questo\u00a0ci basta&#8221;.<\/p>\n","protected":false},"excerpt":{"rendered":"<p>Dal 17 al 22 maggio due classi del Sociale di Torino e due del Leone XIII di Milano sono state alle Isole Eolie per un intenso stage di vulcanologia e biologia marina.<\/p>\n","protected":false},"author":4,"featured_media":362,"comment_status":"closed","ping_status":"open","sticky":false,"template":"","format":"standard","meta":{"_acf_changed":false,"footnotes":""},"categories":[10,9],"tags":[41,42,26],"istituto":[],"partner":[],"class_list":["post-361","post","type-post","status-publish","format-standard","has-post-thumbnail","hentry","category-notizie","category-gesuiti-educazione","tag-isole-eolie","tag-stage","tag-scuole"],"acf":[],"_links":{"self":[{"href":"https:\/\/www.gesuitieducazione.it\/en\/wp-json\/wp\/v2\/posts\/361"}],"collection":[{"href":"https:\/\/www.gesuitieducazione.it\/en\/wp-json\/wp\/v2\/posts"}],"about":[{"href":"https:\/\/www.gesuitieducazione.it\/en\/wp-json\/wp\/v2\/types\/post"}],"author":[{"embeddable":true,"href":"https:\/\/www.gesuitieducazione.it\/en\/wp-json\/wp\/v2\/users\/4"}],"replies":[{"embeddable":true,"href":"https:\/\/www.gesuitieducazione.it\/en\/wp-json\/wp\/v2\/comments?post=361"}],"version-history":[{"count":2,"href":"https:\/\/www.gesuitieducazione.it\/en\/wp-json\/wp\/v2\/posts\/361\/revisions"}],"predecessor-version":[{"id":6482,"href":"https:\/\/www.gesuitieducazione.it\/en\/wp-json\/wp\/v2\/posts\/361\/revisions\/6482"}],"wp:featuredmedia":[{"embeddable":true,"href":"https:\/\/www.gesuitieducazione.it\/en\/wp-json\/wp\/v2\/media\/362"}],"wp:attachment":[{"href":"https:\/\/www.gesuitieducazione.it\/en\/wp-json\/wp\/v2\/media?parent=361"}],"wp:term":[{"taxonomy":"category","embeddable":true,"href":"https:\/\/www.gesuitieducazione.it\/en\/wp-json\/wp\/v2\/categories?post=361"},{"taxonomy":"post_tag","embeddable":true,"href":"https:\/\/www.gesuitieducazione.it\/en\/wp-json\/wp\/v2\/tags?post=361"},{"taxonomy":"istituto","embeddable":true,"href":"https:\/\/www.gesuitieducazione.it\/en\/wp-json\/wp\/v2\/istituto?post=361"},{"taxonomy":"partner","embeddable":true,"href":"https:\/\/www.gesuitieducazione.it\/en\/wp-json\/wp\/v2\/partner?post=361"}],"curies":[{"name":"wp","href":"https:\/\/api.w.org\/{rel}","templated":true}]}}