{"id":324,"date":"2015-05-11T23:32:29","date_gmt":"2015-05-11T21:32:29","guid":{"rendered":"http:\/\/educazione.gesuiti.it\/?p=324"},"modified":"2023-12-07T22:32:17","modified_gmt":"2023-12-07T21:32:17","slug":"la-sostenibilita-nasce-dal-cuore-al-convegno-internazionale-i-gesuiti-e-la-storia","status":"publish","type":"post","link":"https:\/\/www.gesuitieducazione.it\/en\/la-sostenibilita-nasce-dal-cuore-al-convegno-internazionale-i-gesuiti-e-la-storia\/","title":{"rendered":"Milano. \u201cLa sostenibilit\u00e0 nasce dal cuore\u201d: convegno internazionale &#8220;I Gesuiti e la storia&#8221;"},"content":{"rendered":"<p>Sabato 9 maggio, giornata della Festa dell\u2019Europa, si \u00e8 conclusa con una visita all&#8217;EXPO la XXXII edizione del convegno internazionale &#8220;<strong>I Gesuiti e la storia<\/strong>&#8220;, che si era aperto mercoled\u00ec 6 maggio con l\u2019accredito all&#8217;Istituto Leone XIII di Milano, scuola ospitante l&#8217;edizione 2015, delle delegazioni delle dieci scuole partecipanti, provenienti da <strong>Gdynia (Polonia), Miskolc (Ungheria), Scutari (Albania), Malta, Palermo, Messina, Napoli, Roma, Torino e Milano. <\/strong><\/p>\n<p>Il tema dell\u2019edizione di quest\u2019anno,\u00a0<a title=\"manifesto JH 2015\" href=\"http:\/\/www.leonexiii.it\/wp-content\/uploads\/2015\/05\/manifesto.pdf\"><strong>\u201cI Gesuiti e la sostenibilit\u00e0\u201d<\/strong><\/a>, si lega perfettamente ai contenuti di EXPO 2015.\u00a0Il Convegno prevedeva la presentazione di un lavoro di ricerca e di studio sul tema scelto, anche se, per la prima volta, gli Istituti non hanno presentato ciascuno una relazione singola: nei mesi scorsi, infatti, erano stati abbinati a due a due e dunque ogni intervento \u00e8 scaturito dall\u2019intesa, dalla collaborazione e dall\u2019impegno congiunto di due scuole. I ragazzi hanno lavorato tenendosi in contatto mediante le moderne tecnologie.<\/p>\n<p>La mattina di gioved\u00ec 7 maggio \u00e8 stata dedicata alla sistemazione dei lavori preparati a distanza, mentre nel pomeriggio i convegnisti hanno goduto di una visita guidata alla basilica di Sant\u2019Ambrogio. E&#8217; seguita anche un\u2019esperienza concreta di<em> sostenibilit\u00e0<\/em> (in quanto tema del convegno) presso cinque supermercati <strong>Esselunga<\/strong>, dove ragazzi e docenti hanno svolto una colletta alimentare raccogliendo carrelli pieni di alimenti e prodotti\u00a0 destinati alla <strong>mensa dei poveri del Corpus Domini<\/strong>. Dopo la S. Messa internazionale per le vittime del terremoto in Nepal, la serata conviviale e la festa delle delegazioni ha concluso la prima giornata.<\/p>\n<p>Il venerd\u00ec 8 maggio, in sala Martini, alla presenza dell\u2019<strong>on. Stefano Dambruoso<\/strong>, Questore della Camera dei Deputati, dopo la lectio magistralis di <strong>padre Giacomo Costa S.I. <\/strong>sul &#8220;cuore della <em>sostenibilit\u00e0&#8221;<\/em>, \u00e8 toccato\u00a0 alle delegazioni mostrare il frutto del proprio lavoro: i cinque interventi hanno messo in luce tutto <strong>l\u2019impegno dei Gesuiti e dei loro collaboratori laici per sostenere situazioni di disagio e di difficolt\u00e0, per favorire una vita pi\u00f9 giusta e solidale, dunque pi\u00f9 sostenibile<\/strong>. I ragazzi hanno presentato ovviamente in Inglese i loro lavori, accompagnati da presentazioni multimediali.<\/p>\n<p>&#8220;Questa nostra terra, cos\u00ec diversa e colorata &#8211; ha scritto P. Vitangelo Denora nel messaggio che ha inviato dal Kenya &#8211; \u00e8 un dono preziosissimo che va custodito! Contemplate la bellezza di questo mondo, affidato alle nostre mani di uomini, alla nostra cura\u2026 come avvenne il primo giorno del mondo quando Dio pose l\u2019uomo in mezzo al giardino e disse \u201cche bello!\u201d. Sentite oggi questa bellezza affidata a voi e sentite in questo la grandezza della dignit\u00e0 dell\u2019uomo, chiamato a custodire con rispetto ed amore&#8221;.<\/p>\n<p>Al termine della mattinata, prima della visita all&#8217;EXPO, la <strong>prof.ssa Anna Sireci<\/strong>, responsabile del convegno, ha concluso i lavori annunciando la sede della XXXIII edizione del 2016: <strong>Torino e dunque <a title=\"istituto sociale di torino\" href=\"http:\/\/www.istitutosociale.it\/#sthash.3Bxl104O.dpbs\">l\u2019Istituto Sociale<\/a>!<\/strong><\/p>\n<p>&nbsp;<\/p>\n","protected":false},"excerpt":{"rendered":"<p>Delegazioni di studenti e docenti di 10 collegi europei dei gesuiti si sono incontrati a Milano dal 6 al 9 maggio per il convegno internazionale &#8220;I gesuiti e la storia&#8221;, che quest&#8217;anno aveva come tema &#8220;La sostenibilit\u00e0&#8221;.<\/p>\n","protected":false},"author":4,"featured_media":326,"comment_status":"closed","ping_status":"open","sticky":false,"template":"","format":"standard","meta":{"_acf_changed":false,"footnotes":""},"categories":[9,10],"tags":[37,38,39],"istituto":[],"partner":[],"class_list":["post-324","post","type-post","status-publish","format-standard","has-post-thumbnail","hentry","category-gesuiti-educazione","category-notizie","tag-convegno-internazionale","tag-i-gesuiti-e-la-storia","tag-sostenibilita"],"acf":[],"_links":{"self":[{"href":"https:\/\/www.gesuitieducazione.it\/en\/wp-json\/wp\/v2\/posts\/324"}],"collection":[{"href":"https:\/\/www.gesuitieducazione.it\/en\/wp-json\/wp\/v2\/posts"}],"about":[{"href":"https:\/\/www.gesuitieducazione.it\/en\/wp-json\/wp\/v2\/types\/post"}],"author":[{"embeddable":true,"href":"https:\/\/www.gesuitieducazione.it\/en\/wp-json\/wp\/v2\/users\/4"}],"replies":[{"embeddable":true,"href":"https:\/\/www.gesuitieducazione.it\/en\/wp-json\/wp\/v2\/comments?post=324"}],"version-history":[{"count":2,"href":"https:\/\/www.gesuitieducazione.it\/en\/wp-json\/wp\/v2\/posts\/324\/revisions"}],"predecessor-version":[{"id":6478,"href":"https:\/\/www.gesuitieducazione.it\/en\/wp-json\/wp\/v2\/posts\/324\/revisions\/6478"}],"wp:featuredmedia":[{"embeddable":true,"href":"https:\/\/www.gesuitieducazione.it\/en\/wp-json\/wp\/v2\/media\/326"}],"wp:attachment":[{"href":"https:\/\/www.gesuitieducazione.it\/en\/wp-json\/wp\/v2\/media?parent=324"}],"wp:term":[{"taxonomy":"category","embeddable":true,"href":"https:\/\/www.gesuitieducazione.it\/en\/wp-json\/wp\/v2\/categories?post=324"},{"taxonomy":"post_tag","embeddable":true,"href":"https:\/\/www.gesuitieducazione.it\/en\/wp-json\/wp\/v2\/tags?post=324"},{"taxonomy":"istituto","embeddable":true,"href":"https:\/\/www.gesuitieducazione.it\/en\/wp-json\/wp\/v2\/istituto?post=324"},{"taxonomy":"partner","embeddable":true,"href":"https:\/\/www.gesuitieducazione.it\/en\/wp-json\/wp\/v2\/partner?post=324"}],"curies":[{"name":"wp","href":"https:\/\/api.w.org\/{rel}","templated":true}]}}