{"id":2582,"date":"2015-03-06T11:06:20","date_gmt":"2015-03-06T10:06:20","guid":{"rendered":"http:\/\/educazione.gesuiti.it\/?p=69"},"modified":"2023-12-07T22:30:16","modified_gmt":"2023-12-07T21:30:16","slug":"making-drones","status":"publish","type":"post","link":"https:\/\/www.gesuitieducazione.it\/en\/making-drones\/","title":{"rendered":"Making drones"},"content":{"rendered":"<p>Making Drones \u00e8 un corso\u00a0open source, in programma all&#8217;<strong>Istituto Massimiliano Massimo<\/strong> (Roma), nel quale 60 studenti di et\u00e0 compresa tra gli 8 e i 17 anni progettano, costruiscono e pilotano droni professionali. I\u00a055 droni costruiti finora sono basati sul modello\u00a0DJI &#8211; \u00a0F450 ARF, con\u00a0NAZA e\u00a0GPS. Il materiale didattico \u00e8 reperibile <a href=\"https:\/\/sites.google.com\/site\/makingdrones\/\" target=\"_blank\" rel=\"noopener\">sul sito del progetto<\/a>, che pu\u00f2 essere replicato in scuole interessate.<\/p>\n<p>Da novembre 2014 a maggio 2015, i ragazzi (spesso accompagnati dai propri genitori, con i quali condividono la passione) hanno frequentato le lezioni con frequenza quindicinale, il sabato mattina. Hanno fatto volare i propri droni sul monumento di Cecilia Metella, uno dei pi\u00f9 antichi della Capitale, e hanno poi partecipato al\u00a0Rome Drone Expo Airshow 2015, dove hanno stabilito un nuovo record mondiale: quello del maggior numero di ragazzi\u00a0(50)\u00a0in grado di pilotare\u00a0droni\u00a0simultaneamente.<\/p>\n<p>Making drones \u00e8 un progetto unico al mondo, tenuto conto dell&#8217;et\u00e0 degli studenti, dei contenuti del corso e dell&#8217;approccio didattico. Il corso \u00e8 organizzato come una gara tra squadre, durante la quale i partecipanti imparano concetti di elettronica e aerodinamica: i risultati raggiunti in questo primo anno di attivit\u00e0 sono stati eccellenti, con un risultato medio\u00a0di 9,2\/10 su oltre 490\u00a0valutazioni, raccolte tutte in forma anonima.<br \/>\nUna volta allenatisi sui simulatori, gli studenti iniziano poi a pilotare, sia da soli che in squadra.<\/p>\n<p>Making drones ha avuto grande visibilit\u00e0\u00a0sui mass media nazionali e internazionali, quando &#8211; il 30 aprile 2015, in occasione dell&#8217;incontro tra <strong>Papa Francesco<\/strong>, le Comunit\u00e0 di vita cristiana e la Lega Missionaria Studenti &#8211; i ragazzi del Massimo hanno regalato al Santo Padre un drone personalizzato, con lo stemma della Citt\u00e0 del Vaticano. Nel video, il servizio del Tg1 delle 20 del 3 maggio 2015.<\/p>\n<p>&nbsp;<\/p>\n<div dir=\"ltr\">\n<p><iframe loading=\"lazy\" width=\"500\" height=\"281\" src=\"https:\/\/www.youtube.com\/embed\/3LhPEe5EVw0?feature=oembed\" frameborder=\"0\" allowfullscreen><\/iframe><\/p>\n<\/div>\n","protected":false},"excerpt":{"rendered":"<p>Making Drones \u00e8 un corso\u00a0open source, in programma all&#8217;Istituto Massimiliano Massimo (Roma), nel quale 60 studenti di et\u00e0 compresa tra gli 8 e i 17 anni progettano, costruiscono e pilotano droni professionali. I\u00a055 droni costruiti finora sono basati sul modello\u00a0DJI &#8211; \u00a0F450 ARF, con\u00a0NAZA e\u00a0GPS. Il materiale didattico \u00e8 reperibile sul sito del progetto, che [&hellip;]<\/p>\n","protected":false},"author":4,"featured_media":530,"comment_status":"closed","ping_status":"open","sticky":false,"template":"","format":"standard","meta":{"_acf_changed":false,"footnotes":""},"categories":[258],"tags":[],"istituto":[],"partner":[],"class_list":["post-2582","post","type-post","status-publish","format-standard","has-post-thumbnail","hentry","category-attivita"],"acf":[],"_links":{"self":[{"href":"https:\/\/www.gesuitieducazione.it\/en\/wp-json\/wp\/v2\/posts\/2582"}],"collection":[{"href":"https:\/\/www.gesuitieducazione.it\/en\/wp-json\/wp\/v2\/posts"}],"about":[{"href":"https:\/\/www.gesuitieducazione.it\/en\/wp-json\/wp\/v2\/types\/post"}],"author":[{"embeddable":true,"href":"https:\/\/www.gesuitieducazione.it\/en\/wp-json\/wp\/v2\/users\/4"}],"replies":[{"embeddable":true,"href":"https:\/\/www.gesuitieducazione.it\/en\/wp-json\/wp\/v2\/comments?post=2582"}],"version-history":[{"count":3,"href":"https:\/\/www.gesuitieducazione.it\/en\/wp-json\/wp\/v2\/posts\/2582\/revisions"}],"predecessor-version":[{"id":6446,"href":"https:\/\/www.gesuitieducazione.it\/en\/wp-json\/wp\/v2\/posts\/2582\/revisions\/6446"}],"wp:featuredmedia":[{"embeddable":true,"href":"https:\/\/www.gesuitieducazione.it\/en\/wp-json\/wp\/v2\/media\/530"}],"wp:attachment":[{"href":"https:\/\/www.gesuitieducazione.it\/en\/wp-json\/wp\/v2\/media?parent=2582"}],"wp:term":[{"taxonomy":"category","embeddable":true,"href":"https:\/\/www.gesuitieducazione.it\/en\/wp-json\/wp\/v2\/categories?post=2582"},{"taxonomy":"post_tag","embeddable":true,"href":"https:\/\/www.gesuitieducazione.it\/en\/wp-json\/wp\/v2\/tags?post=2582"},{"taxonomy":"istituto","embeddable":true,"href":"https:\/\/www.gesuitieducazione.it\/en\/wp-json\/wp\/v2\/istituto?post=2582"},{"taxonomy":"partner","embeddable":true,"href":"https:\/\/www.gesuitieducazione.it\/en\/wp-json\/wp\/v2\/partner?post=2582"}],"curies":[{"name":"wp","href":"https:\/\/api.w.org\/{rel}","templated":true}]}}