{"id":2486,"date":"2020-12-12T09:53:44","date_gmt":"2020-12-12T08:53:44","guid":{"rendered":"https:\/\/educazione.gesuiti.it\/?p=2486"},"modified":"2021-05-29T19:27:52","modified_gmt":"2021-05-29T17:27:52","slug":"roma-padre-del-riccio-nuovo-provinciale-eum","status":"publish","type":"post","link":"https:\/\/www.gesuitieducazione.it\/en\/roma-padre-del-riccio-nuovo-provinciale-eum\/","title":{"rendered":"Roma. Padre Del Riccio nuovo Provinciale EUM"},"content":{"rendered":"\n<p>&#8220;Siamo felici di ricevere la bella notizia che il P. Generale ha nominato P. Roberto Del Riccio come nuovo Provinciale della nostra Provincia EUM &#8211; ha dichiarato P. Jimmy Bartolo SJ, Presidente della Fondazione Gesuiti Educazione &#8211; La nostra rete sar\u00e0 molto felice di collaborare strettamente con lui per realizzare la missione della Compagnia attraverso le nostre istituzioni educative, il CeFAEGI e i centri sportivi. Essere in contatto con circa 6000 studenti e le loro famiglie \u00e8 un&#8217;opportunit\u00e0 unica per l&#8217;evangelizzazione. Continueremo a concentrarci sulle preferenze apostoliche indicate dalla Compagnia e sul piano apostolico della Provincia, accompagnati dalla guida del nuovo Provinciale. Al P. Gianfranco Matarazzo, che ha guidato la nostra Provincia e sostenuto la nostra rete in questi anni, va la nostra riconoscenza e il nostro ringraziamento. Preghiamo che lo Spirito Santo dia tutte le grazie di cui P Del Riccio ha bisogno per compiere la sua impegnativa missione.<\/p>\n\n\n\n<p><strong>Auguroni P. Roberto!<\/strong><\/p>\n\n\n\n<p>Padre Del Riccio nasce il 17 giugno 1960 a Bologna. Dopo aver conseguito la laurea in Filosofia presso l\u2019Universit\u00e0 degli studi di Bologna e aver lavorato tre anni alla casa editrice Cappelli della stessa citt\u00e0, entra nella Compagnia di Ges\u00f9 il 5 novembre 1989, compiendo il lungo iter formativo proprio dei gesuiti. Dal 2002 ad oggi \u00e8 stato a Napoli-Posillipo, dove, tra i vari incarichi di responsabilit\u00e0 e di governo, insegna anche Teologia dogmatica alla Pontificia Facolt\u00e0 Teologica dell\u2019Italia Meridionale (PFTIM), di cui \u00e8 stato recentemente nominato Preside.<\/p>\n\n\n\n<p>Dopo l&#8217;annuncio della nomina, il P. Del Riccio ha diffuso il suo primo videomessaggio:<\/p>\n\n\n\n<figure class=\"wp-block-embed is-type-video is-provider-youtube wp-block-embed-youtube wp-embed-aspect-16-9 wp-has-aspect-ratio\"><div class=\"wp-block-embed__wrapper\">\n<iframe loading=\"lazy\" title=\"A servizio, con l&#039;aiuto di Dio\" width=\"500\" height=\"281\" src=\"https:\/\/www.youtube.com\/embed\/C4H3Y_5idWU?feature=oembed\" frameborder=\"0\" allow=\"accelerometer; autoplay; clipboard-write; encrypted-media; gyroscope; picture-in-picture; web-share\" referrerpolicy=\"strict-origin-when-cross-origin\" allowfullscreen><\/iframe>\n<\/div><\/figure>\n\n\n\n<p><\/p>\n","protected":false},"excerpt":{"rendered":"<p>Il Padre Generale, Arturo Sosa SJ,\u00a0ha nominato\u00a0padre\u00a0Roberto Del Riccio SJ come prossimo Provinciale della Provincia Euro-Mediterranea\u00a0della Compagnia di Ges\u00f9.<\/p>\n","protected":false},"author":4,"featured_media":2488,"comment_status":"closed","ping_status":"open","sticky":false,"template":"","format":"standard","meta":{"_acf_changed":false,"footnotes":""},"categories":[10],"tags":[],"istituto":[],"partner":[],"class_list":["post-2486","post","type-post","status-publish","format-standard","has-post-thumbnail","hentry","category-notizie"],"acf":[],"_links":{"self":[{"href":"https:\/\/www.gesuitieducazione.it\/en\/wp-json\/wp\/v2\/posts\/2486"}],"collection":[{"href":"https:\/\/www.gesuitieducazione.it\/en\/wp-json\/wp\/v2\/posts"}],"about":[{"href":"https:\/\/www.gesuitieducazione.it\/en\/wp-json\/wp\/v2\/types\/post"}],"author":[{"embeddable":true,"href":"https:\/\/www.gesuitieducazione.it\/en\/wp-json\/wp\/v2\/users\/4"}],"replies":[{"embeddable":true,"href":"https:\/\/www.gesuitieducazione.it\/en\/wp-json\/wp\/v2\/comments?post=2486"}],"version-history":[{"count":1,"href":"https:\/\/www.gesuitieducazione.it\/en\/wp-json\/wp\/v2\/posts\/2486\/revisions"}],"predecessor-version":[{"id":2589,"href":"https:\/\/www.gesuitieducazione.it\/en\/wp-json\/wp\/v2\/posts\/2486\/revisions\/2589"}],"wp:featuredmedia":[{"embeddable":true,"href":"https:\/\/www.gesuitieducazione.it\/en\/wp-json\/wp\/v2\/media\/2488"}],"wp:attachment":[{"href":"https:\/\/www.gesuitieducazione.it\/en\/wp-json\/wp\/v2\/media?parent=2486"}],"wp:term":[{"taxonomy":"category","embeddable":true,"href":"https:\/\/www.gesuitieducazione.it\/en\/wp-json\/wp\/v2\/categories?post=2486"},{"taxonomy":"post_tag","embeddable":true,"href":"https:\/\/www.gesuitieducazione.it\/en\/wp-json\/wp\/v2\/tags?post=2486"},{"taxonomy":"istituto","embeddable":true,"href":"https:\/\/www.gesuitieducazione.it\/en\/wp-json\/wp\/v2\/istituto?post=2486"},{"taxonomy":"partner","embeddable":true,"href":"https:\/\/www.gesuitieducazione.it\/en\/wp-json\/wp\/v2\/partner?post=2486"}],"curies":[{"name":"wp","href":"https:\/\/api.w.org\/{rel}","templated":true}]}}