{"id":2467,"date":"2020-10-23T21:50:49","date_gmt":"2020-10-23T19:50:49","guid":{"rendered":"https:\/\/educazione.gesuiti.it\/?p=2467"},"modified":"2020-10-23T21:50:49","modified_gmt":"2020-10-23T19:50:49","slug":"roma-il-messaggio-di-p-sosa-a-tutte-le-scuole-dei-gesuiti","status":"publish","type":"post","link":"https:\/\/www.gesuitieducazione.it\/en\/roma-il-messaggio-di-p-sosa-a-tutte-le-scuole-dei-gesuiti\/","title":{"rendered":"Roma. Il messaggio di P. Sosa a tutte le scuole dei gesuiti"},"content":{"rendered":"<p>Nel primo videomessaggio, il Delegato del Padre Generale per l&#8217;istruzione secondaria e pre-secondaria, p. Jos\u00e9 Alberto Mesa SJ, presenta e introduce il messaggio del Padre Generale. Sottolineando quanto l&#8217;attuale pandemia abbia messo alla prova i sistemi educativi, \u00e8 felice di vedere come le scuole della Compagnia hanno fatto tutto il possibile per continuare la loro missione di formazione. Esorta tutti a rimanere fiduciosi e speranzosi, facendo riferimento alle esortazioni di Papa Francesco, in modo da fare della pandemia COVID-19 un&#8217;opportunit\u00e0 per servire, nel campo dell&#8217;educazione, ci\u00f2 che la tradizione ignaziana ci lascia in eredit\u00e0.<\/p>\n<p>Guarda il suo messaggio: &#8220;La pandemia richiede fiducia e speranza&#8221;<\/p>\n<p><a href=\"https:\/\/youtu.be\/sHfv8As9gbo\"><img loading=\"lazy\" decoding=\"async\" class=\"alignnone size-full wp-image-2471\" src=\"https:\/\/educazione.gesuiti.it\/wp-content\/uploads\/sites\/9\/2020\/10\/Fr-Jose-message-on-Pandemic.jpg\" alt=\"\" width=\"702\" height=\"394\" srcset=\"https:\/\/www.gesuitieducazione.it\/wp-content\/uploads\/2020\/10\/Fr-Jose-message-on-Pandemic.jpg 702w, https:\/\/www.gesuitieducazione.it\/wp-content\/uploads\/2020\/10\/Fr-Jose-message-on-Pandemic-300x168.jpg 300w\" sizes=\"(max-width: 702px) 100vw, 702px\" \/><\/a><\/p>\n<p>Jos\u00e9 Alberto Mesa SJ, Segretario per l&#8217;Educazione dei Gesuiti, afferma: &#8220;Le scuole dei gesuiti hanno mostrato molta creativit\u00e0. \u00c8 possibile servire i giovani in tutte le circostanze&#8221;.<\/p>\n<p>Quanto al Padre Generale, egli osserva, prima di tutto, come, di fronte all&#8217;immensa sorpresa provocata dall&#8217;inatteso coronavirus, le istituzioni dei Gesuiti hanno saputo adattarsi alla nuova realt\u00e0 e hanno cercato di accompagnare le comunit\u00e0 di studenti nel mezzo della crisi.<\/p>\n<p>Soprattutto, \u00e8 grato a tutti coloro che hanno saputo vivere con generosit\u00e0 questa trasformazione &#8220;imposta&#8221;, genitori e studenti compresi. Per lui, ci\u00f2 che conta e ci\u00f2 che \u00e8 stato ottenuto in molti ambienti \u00e8 riuscire a fornire servizi di qualit\u00e0 e allo stesso tempo prendersi cura del benessere delle persone. La vocazione dell&#8217;educatore ignaziano, ci ricorda, \u00e8 di accompagnare, incoraggiare e motivare, anche in circostanze difficili.<\/p>\n<p>Esprimendo pubblicamente il suo ringraziamento ai membri delle \u00e9quipe educative di ciascuna delle scuole, invoca su di loro la benedizione del Signore. Anche lui si riferisce a Papa Francesco nella speranza che, paradossalmente, l&#8217;attuale pandemia crei un&#8217;opportunit\u00e0 per andare verso un futuro pieno di speranza che possa contribuire alla fraternit\u00e0 universale a cui il Santo Padre ci invita.<\/p>\n<p>Guarda il messaggio del Padre Generale:<\/p>\n<p><a href=\"https:\/\/youtu.be\/hTRr6T20rjo\"><img loading=\"lazy\" decoding=\"async\" class=\"alignnone size-full wp-image-2468\" src=\"https:\/\/educazione.gesuiti.it\/wp-content\/uploads\/sites\/9\/2020\/10\/Fr-General-message-on-pandemic.jpg\" alt=\"\" width=\"704\" height=\"395\" srcset=\"https:\/\/www.gesuitieducazione.it\/wp-content\/uploads\/2020\/10\/Fr-General-message-on-pandemic.jpg 704w, https:\/\/www.gesuitieducazione.it\/wp-content\/uploads\/2020\/10\/Fr-General-message-on-pandemic-300x168.jpg 300w\" sizes=\"(max-width: 704px) 100vw, 704px\" \/><\/a><\/p>\n","protected":false},"excerpt":{"rendered":"<p>La Curia Generalizia della Compagnia di Ges\u00f9 ha pubblicato due videomessaggi, collegati tra loro, rivolti a tutte le istituzioni educative legate alla Compagnia di Ges\u00f9 nel mondo. Questi messaggi esprimono gratitudine e incoraggiamento per le attivit\u00e0 svolte da tantissimi educatori e personale scolastico in questo periodo difficilissimo di pandemia.<\/p>\n","protected":false},"author":4,"featured_media":2468,"comment_status":"closed","ping_status":"open","sticky":false,"template":"","format":"standard","meta":{"_acf_changed":false,"footnotes":""},"categories":[10],"tags":[215],"istituto":[],"partner":[],"class_list":["post-2467","post","type-post","status-publish","format-standard","has-post-thumbnail","hentry","category-notizie","tag-p-sosa"],"acf":[],"_links":{"self":[{"href":"https:\/\/www.gesuitieducazione.it\/en\/wp-json\/wp\/v2\/posts\/2467"}],"collection":[{"href":"https:\/\/www.gesuitieducazione.it\/en\/wp-json\/wp\/v2\/posts"}],"about":[{"href":"https:\/\/www.gesuitieducazione.it\/en\/wp-json\/wp\/v2\/types\/post"}],"author":[{"embeddable":true,"href":"https:\/\/www.gesuitieducazione.it\/en\/wp-json\/wp\/v2\/users\/4"}],"replies":[{"embeddable":true,"href":"https:\/\/www.gesuitieducazione.it\/en\/wp-json\/wp\/v2\/comments?post=2467"}],"version-history":[{"count":0,"href":"https:\/\/www.gesuitieducazione.it\/en\/wp-json\/wp\/v2\/posts\/2467\/revisions"}],"wp:featuredmedia":[{"embeddable":true,"href":"https:\/\/www.gesuitieducazione.it\/en\/wp-json\/wp\/v2\/media\/2468"}],"wp:attachment":[{"href":"https:\/\/www.gesuitieducazione.it\/en\/wp-json\/wp\/v2\/media?parent=2467"}],"wp:term":[{"taxonomy":"category","embeddable":true,"href":"https:\/\/www.gesuitieducazione.it\/en\/wp-json\/wp\/v2\/categories?post=2467"},{"taxonomy":"post_tag","embeddable":true,"href":"https:\/\/www.gesuitieducazione.it\/en\/wp-json\/wp\/v2\/tags?post=2467"},{"taxonomy":"istituto","embeddable":true,"href":"https:\/\/www.gesuitieducazione.it\/en\/wp-json\/wp\/v2\/istituto?post=2467"},{"taxonomy":"partner","embeddable":true,"href":"https:\/\/www.gesuitieducazione.it\/en\/wp-json\/wp\/v2\/partner?post=2467"}],"curies":[{"name":"wp","href":"https:\/\/api.w.org\/{rel}","templated":true}]}}