{"id":2445,"date":"2020-10-04T21:01:01","date_gmt":"2020-10-04T19:01:01","guid":{"rendered":"https:\/\/educazione.gesuiti.it\/?p=2445"},"modified":"2021-10-09T15:43:12","modified_gmt":"2021-10-09T13:43:12","slug":"assisi-tutti-nasciamo-originali-molti-moriamo-fotocopie","status":"publish","type":"post","link":"https:\/\/www.gesuitieducazione.it\/en\/assisi-tutti-nasciamo-originali-molti-moriamo-fotocopie\/","title":{"rendered":"Assisi. \u201cTutti nasciamo originali, molti moriamo fotocopie\u201d"},"content":{"rendered":"<p>Era un ragazzo simpatico, estroverso e allegro che si sentiva a suo agio con i suoi coetanei. La differenza tra lui e i suoi amici era che lui andava a Messa ogni giorno, credeva nell\u2019importanza dell\u2019Eucarestia e della connessione con Dio.<\/p>\n<p>\u201cEucarestia, la mia autostrada per il cielo\u201d \u00e8 una delle sue frasi pi\u00f9 celebri che ci fa intuire la profondit\u00e0 della sua fede e la forza della sua comunione con Dio. Ogni volta che Carlo riceveva l\u2019Eucarestia\u00a0 ripeteva \u201cGes\u00f9, accomodati pure! Fai come se fossi a casa tua!\u201d.<\/p>\n<p>Il motto di Carlo Acutis era \u201cTutti nascono originali ma molti muoiono come fotocopie\u201d, frase che ha un significato straordinario. Pensando al conformismo prevalente, all\u2019ossessione per la moda, a come le persone si adattano alla societ\u00e0 di massa e\u00a0 a come siamo tormentati dalla paura di essere giudicati dagli altri, ci rendiamo conto della notevole rilevanza che hanno queste parole.<\/p>\n<p>Anche Papa Francesco, il 3 agosto 2019, ha espresso la sua opinione riguardo alla diversit\u00e0: \u201cNella voglia di avere, nell\u2019alienarsi per avere le cose, tu perdi la tua originalit\u00e0 e diventerai una fotocopia. Ma Dio ci ha creato ognuno originale: non facciamo della nostra originalit\u00e0 una fotocopia!\u201d. Carlo Acutis ha ispirato un pensiero al futuro Papa a soli quindici anni, ecco un altro segnale del suo prodigio.<\/p>\n<p>Pensieri filosofici e pi\u00f9 profondi di quelli della media dei suoi coetanei caratterizzavano questo ragazzino: spesso Carlo si domandava: \u201cPerch\u00e9 gli uomini si preoccupano tanto della bellezza del proprio corpo e non si preoccupano invece della bellezza della propria anima?\u201d.<\/p>\n<p>Carlo Acutis era pronto ad accettare ogni persona senza preoccuparsi del suo aspetto fisico o della loro reputazione. Carlo svolgeva molte attivit\u00e0 di volontariato in cui si prendeva cura di disabili e li accoglieva a braccia aperte. Rallegrava le persone che parlavano con lui con il suo umorismo e positivit\u00e0. Desiderava vivere ogni momento con felicit\u00e0 ed eliminare il pi\u00f9 possibile la tristezza. Ripeteva spesso \u201cLa tristezza \u00e8 lo sguardo rivolto verso se stessi, la felicit\u00e0 \u00e8 lo sguardo rivolto verso Dio\u201d.<\/p>\n<p>Sofia Benvenuti<\/p>\n<h3>LEGGI ANCHE<\/h3>\n<ul>\n<li><a href=\"https:\/\/educazione.gesuiti.it\/2020\/09\/29\/assisi-in-cammino-verso-la-beatificazione-di-carlo-acutis\/\">In cammino verso la Beatificazione di Carlo Acutis<\/a><\/li>\n<li><a href=\"https:\/\/educazione.gesuiti.it\/2020\/10\/01\/assisi-carlo-acutis-il-patrono-del-web\/\">Carlo Acutis, patrono del web<\/a><\/li>\n<\/ul>\n<p><img loading=\"lazy\" decoding=\"async\" class=\"alignnone size-full wp-image-2447\" src=\"https:\/\/educazione.gesuiti.it\/wp-content\/uploads\/sites\/9\/2020\/10\/acutis-post-fb.jpg\" alt=\"\" width=\"1200\" height=\"630\" srcset=\"https:\/\/www.gesuitieducazione.it\/wp-content\/uploads\/2020\/10\/acutis-post-fb.jpg 1200w, https:\/\/www.gesuitieducazione.it\/wp-content\/uploads\/2020\/10\/acutis-post-fb-300x158.jpg 300w, https:\/\/www.gesuitieducazione.it\/wp-content\/uploads\/2020\/10\/acutis-post-fb-1024x538.jpg 1024w, https:\/\/www.gesuitieducazione.it\/wp-content\/uploads\/2020\/10\/acutis-post-fb-768x403.jpg 768w\" sizes=\"(max-width: 1200px) 100vw, 1200px\" \/><\/p>\n","protected":false},"excerpt":{"rendered":"<p>Carlo Acutis era estremamente saggio per la sua et\u00e0. Desiderava vivere nel credo e nella religione e per questo ripeteva frequentemente \u201cNon io, ma Dio\u201d.<\/p>\n","protected":false},"author":4,"featured_media":2446,"comment_status":"closed","ping_status":"open","sticky":false,"template":"","format":"standard","meta":{"_acf_changed":false,"footnotes":""},"categories":[10],"tags":[179],"istituto":[],"partner":[],"class_list":["post-2445","post","type-post","status-publish","format-standard","has-post-thumbnail","hentry","category-notizie","tag-carlo-acutis"],"acf":[],"_links":{"self":[{"href":"https:\/\/www.gesuitieducazione.it\/en\/wp-json\/wp\/v2\/posts\/2445"}],"collection":[{"href":"https:\/\/www.gesuitieducazione.it\/en\/wp-json\/wp\/v2\/posts"}],"about":[{"href":"https:\/\/www.gesuitieducazione.it\/en\/wp-json\/wp\/v2\/types\/post"}],"author":[{"embeddable":true,"href":"https:\/\/www.gesuitieducazione.it\/en\/wp-json\/wp\/v2\/users\/4"}],"replies":[{"embeddable":true,"href":"https:\/\/www.gesuitieducazione.it\/en\/wp-json\/wp\/v2\/comments?post=2445"}],"version-history":[{"count":1,"href":"https:\/\/www.gesuitieducazione.it\/en\/wp-json\/wp\/v2\/posts\/2445\/revisions"}],"predecessor-version":[{"id":4264,"href":"https:\/\/www.gesuitieducazione.it\/en\/wp-json\/wp\/v2\/posts\/2445\/revisions\/4264"}],"wp:featuredmedia":[{"embeddable":true,"href":"https:\/\/www.gesuitieducazione.it\/en\/wp-json\/wp\/v2\/media\/2446"}],"wp:attachment":[{"href":"https:\/\/www.gesuitieducazione.it\/en\/wp-json\/wp\/v2\/media?parent=2445"}],"wp:term":[{"taxonomy":"category","embeddable":true,"href":"https:\/\/www.gesuitieducazione.it\/en\/wp-json\/wp\/v2\/categories?post=2445"},{"taxonomy":"post_tag","embeddable":true,"href":"https:\/\/www.gesuitieducazione.it\/en\/wp-json\/wp\/v2\/tags?post=2445"},{"taxonomy":"istituto","embeddable":true,"href":"https:\/\/www.gesuitieducazione.it\/en\/wp-json\/wp\/v2\/istituto?post=2445"},{"taxonomy":"partner","embeddable":true,"href":"https:\/\/www.gesuitieducazione.it\/en\/wp-json\/wp\/v2\/partner?post=2445"}],"curies":[{"name":"wp","href":"https:\/\/api.w.org\/{rel}","templated":true}]}}