{"id":2443,"date":"2020-10-06T12:49:56","date_gmt":"2020-10-06T10:49:56","guid":{"rendered":"https:\/\/educazione.gesuiti.it\/?p=2443"},"modified":"2021-10-09T15:43:02","modified_gmt":"2021-10-09T13:43:02","slug":"assisi-carlo-acutis-un-ragazzo-stra-ordinario","status":"publish","type":"post","link":"https:\/\/www.gesuitieducazione.it\/en\/assisi-carlo-acutis-un-ragazzo-stra-ordinario\/","title":{"rendered":"Assisi. Carlo Acutis, un ragazzo stra-ordinario"},"content":{"rendered":"<p>Un ragazzo \u201cnormale\u201d, che giocava a pallone nella piazzetta sotto casa, amava la playstation e usciva con gli amici.<\/p>\n<p>Nel <strong><a href=\"https:\/\/www.youtube.com\/watch?v=B694EHGonbg\">VIDEO INEDITO<\/a><\/strong> a promozione del volontariato da lui ideato e realizzato mentre era all\u2019<a href=\"http:\/\/www.leonexiii.it\">Istituto Leone XIII<\/a> lo vediamo allegro e rumoroso in classe assieme ai suoi compagni, prima dell&#8217;inizio delle lezioni. Ancora oggi, rivedendo quelle immagini, la sua risata, la sua gioia, ci rallegra, \u00e8 contagiosa.<\/p>\n<p><a href=\"https:\/\/www.youtube.com\/watch?v=B694EHGonbg\">Clicca qui per vedere il VIDEO INEDITO &#8220;Con gli occhi di Carlo&#8221;<\/a>.<\/p>\n<p>Ci\u00f2 che lo contraddistingueva era la capacit\u00e0 di sapersi divertire, ridere e scherzare con tutti, anche e soprattutto con le persone messe ai margini dalla societ\u00e0: la sua era una \u201cgioia inclusiva\u201d.<\/p>\n<p>Alcuni conoscenti di Carlo, che erano portinai dei condomini nella zona del Leone XIII, lo ricordano con una straordinaria malinconia, poich\u00e9 Carlo andava a quotidianamente a salutarli e li trattava come veri e propri amici. Anche i suoi ex compagni di classe lo cercavano sempre perch\u00e9 era un ragazzo solare e straordinario nella sua semplicit\u00e0.<\/p>\n<p>\u00c8 proprio questo suo essere se stesso che lo rende santo. Vorrei arrivare a una conclusione dicendo che Carlo \u00e8 il tipico \u201csanto della porta accanto\u201d, come viene definito da Papa Francesco. Io sono d\u2019accordo con quanto dice Papa Francesco: Carlo \u00e8 il santo della porta accanto perch\u00e9 \u00e8 santo nella sua ordinariet\u00e0, nel quotidiano. Carlo elargisce il bene tutti i giorni vivendo la sua vita come un ragazzo normale.<\/p>\n<p>Ora lo immagino mentre con le sue sneakers, la sua felpa e i suoi jeans passeggia sorridendo in paradiso, ma mi piace ricordare che quelle stesse sneakers hanno camminato sulla terra, lasciando un segno nella quotidianit\u00e0 delle sue giornate.<\/p>\n<p>Federico De Nicolo<\/p>\n<h3>LINK UTILI<\/h3>\n<ul>\n<li><a href=\"https:\/\/www.youtube.com\/watch?v=B694EHGonbg\">VIDEO INEDITO &#8220;Con gli occhi di Carlo&#8221;<\/a><\/li>\n<li><a href=\"https:\/\/educazione.gesuiti.it\/2020\/10\/08\/carlo-acutis-a-scuola-di-santita\/\">Carlo Acutis, a scuola di santit\u00e0<\/a><\/li>\n<li><a href=\"https:\/\/educazione.gesuiti.it\/2020\/10\/04\/assisi-tutti-nasciamo-originali-molti-moriamo-fotocopie\/\">\u201cTutti nasciamo originali, molti moriamo fotocopie\u201d<\/a><\/li>\n<li><a href=\"https:\/\/educazione.gesuiti.it\/2020\/10\/01\/assisi-carlo-acutis-il-patrono-del-web\/\">Carlo Acutis, il patrono del web<\/a><\/li>\n<li><a href=\"https:\/\/educazione.gesuiti.it\/2020\/09\/29\/assisi-in-cammino-verso-la-beatificazione-di-carlo-acutis\/\">In cammino verso la Beatificazione di Carlo Acutis<\/a><\/li>\n<\/ul>\n","protected":false},"excerpt":{"rendered":"<p>Carlo, oltre ad essere come lo conosciamo un ragazzo straordinario, era innanzitutto un ragazzo \u201cordinario\u201d: a quindici anni sapeva divertirsi, ridere e scherzare, come ogni ragazzo della sua et\u00e0 dovrebbe fare.<\/p>\n","protected":false},"author":4,"featured_media":2457,"comment_status":"closed","ping_status":"open","sticky":false,"template":"","format":"standard","meta":{"_acf_changed":false,"footnotes":""},"categories":[10],"tags":[179],"istituto":[],"partner":[],"class_list":["post-2443","post","type-post","status-publish","format-standard","has-post-thumbnail","hentry","category-notizie","tag-carlo-acutis"],"acf":[],"_links":{"self":[{"href":"https:\/\/www.gesuitieducazione.it\/en\/wp-json\/wp\/v2\/posts\/2443"}],"collection":[{"href":"https:\/\/www.gesuitieducazione.it\/en\/wp-json\/wp\/v2\/posts"}],"about":[{"href":"https:\/\/www.gesuitieducazione.it\/en\/wp-json\/wp\/v2\/types\/post"}],"author":[{"embeddable":true,"href":"https:\/\/www.gesuitieducazione.it\/en\/wp-json\/wp\/v2\/users\/4"}],"replies":[{"embeddable":true,"href":"https:\/\/www.gesuitieducazione.it\/en\/wp-json\/wp\/v2\/comments?post=2443"}],"version-history":[{"count":1,"href":"https:\/\/www.gesuitieducazione.it\/en\/wp-json\/wp\/v2\/posts\/2443\/revisions"}],"predecessor-version":[{"id":4263,"href":"https:\/\/www.gesuitieducazione.it\/en\/wp-json\/wp\/v2\/posts\/2443\/revisions\/4263"}],"wp:featuredmedia":[{"embeddable":true,"href":"https:\/\/www.gesuitieducazione.it\/en\/wp-json\/wp\/v2\/media\/2457"}],"wp:attachment":[{"href":"https:\/\/www.gesuitieducazione.it\/en\/wp-json\/wp\/v2\/media?parent=2443"}],"wp:term":[{"taxonomy":"category","embeddable":true,"href":"https:\/\/www.gesuitieducazione.it\/en\/wp-json\/wp\/v2\/categories?post=2443"},{"taxonomy":"post_tag","embeddable":true,"href":"https:\/\/www.gesuitieducazione.it\/en\/wp-json\/wp\/v2\/tags?post=2443"},{"taxonomy":"istituto","embeddable":true,"href":"https:\/\/www.gesuitieducazione.it\/en\/wp-json\/wp\/v2\/istituto?post=2443"},{"taxonomy":"partner","embeddable":true,"href":"https:\/\/www.gesuitieducazione.it\/en\/wp-json\/wp\/v2\/partner?post=2443"}],"curies":[{"name":"wp","href":"https:\/\/api.w.org\/{rel}","templated":true}]}}