{"id":2432,"date":"2020-09-29T10:46:25","date_gmt":"2020-09-29T08:46:25","guid":{"rendered":"https:\/\/educazione.gesuiti.it\/?p=2432"},"modified":"2020-09-29T10:46:25","modified_gmt":"2020-09-29T08:46:25","slug":"assisi-in-cammino-verso-la-beatificazione-di-carlo-acutis","status":"publish","type":"post","link":"https:\/\/www.gesuitieducazione.it\/en\/assisi-in-cammino-verso-la-beatificazione-di-carlo-acutis\/","title":{"rendered":"Assisi. In cammino verso la Beatificazione di Carlo Acutis"},"content":{"rendered":"<p>Una tragedia che infranse tutti i suoi sogni, spezz\u00f2 una giovane vita e spazz\u00f2 via repentinamente progetti e prospettive. Tuttavia, \u201cla sua fama di santit\u00e0 \u00e8 subito esplosa a livello mondiale, in modo misterioso \u2013 ha spiegato qualche tempo fa monsignor Ennio Apeciti, responsabile dell\u2019Ufficio delle cause dei santi dell\u2019arcidiocesi di Milano &#8211; come se Qualcuno, con la \u201cQ\u201d maiuscola, volesse farlo conoscere e proporlo come modello ai giovani. Attorno alla sua vita \u00e8 successo qualcosa di grande, di fronte a cui mi inchino\u201d.<\/p>\n<p>L\u2019evento della beatificazione di Carlo Acutis \u00e8 quindi una occasione di grande gioia e di festa per tutta la nostra rete Gesuiti Educazione. Tra i molti eventi in programma ad Assisi, due saranno i momenti pi\u00f9 importanti e significativi: la grande veglia a Santa Maria degli Angeli la sera di venerd\u00ec 9 ottobre e la cerimonia solenne della Beatificazione, il giorno successivo, sabato 10 ottobre alle ore 16. I link per seguire l\u2019evento in diretta saranno pubblicati sul sito internet della Fondazione Gesuiti Educazione, sulla sua pagina Facebook e su Twitter.<\/p>\n<p>Vi invitiamo quindi a unirvi e a partecipare a questi momenti a distanza, attraverso i canali di comunicazione e le opportunit\u00e0 che la tecnologia ci offre. Sui canali ufficiali della Fondazione Gesuiti Educazione pubblicheremo, oltre ai link, anche materiali e informazioni su Carlo e sullo svolgersi dei vari eventi e dei diversi momenti, per consentire a tutti non solo di conoscere meglio la figura di Carlo e la sua testimonianza per i giovani di oggi, ma anche per vivere tutti insieme, come rete, questa festa.<\/p>\n<p>Una rappresentanza di genitori, docenti ed ex-alunni del <a href=\"http:\/\/www.leonexiii.it\">Leone XIII<\/a> parteciper\u00e0 di persona ad Assisi e un gruppo di studenti svolger\u00e0 l\u2019attivit\u00e0 di \u201ccronisti\u201d e \u201cinviati speciali\u201d a servizio della comunicazione per la nostra rete.<\/p>\n<p>Carlo Acutis \u00e8, per tutti i giovani di oggi, un punto di riferimento, in quanto incarna la santit\u00e0 nell\u2019ordinario. E\u2019 un santo \u201cvicino\u201d, che ha camminato e vissuto fino a pochi anni fa tra le mura e nelle aule di una delle nostre scuole, stando su quegli stessi banchi su cui siedono i nostri ragazzi ogni giorno.<\/p>\n<p>Carlo era nato a Londra nel 1991, dove i genitori si trovavano per lavoro. Fece la Prima Comunione, con un permesso speciale, a soli sette anni. Sportivo e appassionato di computer, come tanti suoi coetanei e compagni di Liceo al Leone XIII, Carlo era un modello di \u201csantit\u00e0 nella quotidianit\u00e0\u201d. Papa Francesco, nella sua\u00a0lettera Christus vivit\u00a0rivolta a tutti i giovani del mondo, lo ha presentato, insieme ad altre figure (tra cui anche il beato Piergiorgio Frassati, ex-alunno dell\u2019Istituto Sociale di Torino), come modello di santit\u00e0 giovanile. Inoltre, Carlo aveva uno speciale talento per la comunicazione e per il web, tanto da essere proposto come \u201cpatrono di internet\u201d, in quanto ha saputo coglierne la positivit\u00e0 e dimostrare come questo strumento potente pu\u00f2 essere efficacemente utilizzato per il bene e per la crescita delle persone.<\/p>\n<p>Sono molto noti alcuni i suoi &#8220;slogan&#8221;, quali \u201cNon io ma Dio\u201d, &#8220;Tutti nasciamo originali, molti moriamo fotocopie\u201d. \u201cL\u2019Eucaristia \u00e8 la mia autostrada per il cielo\u201d.<\/p>\n<p>Padre Roberto Gazzaniga, che a quel tempo era responsabile della pastorale del Leone XIII, ricorda cos\u00ec l\u2019eccezionale normalit\u00e0 di Acutis, che aveva iniziato il liceo classico, nel 2005: \u00abL\u2019essere presente e far sentire l\u2019altro presente \u00e8 stata una nota che mi ha presto colpito di lui\u00bb. Allo stesso tempo era \u00abcos\u00ec bravo, cos\u00ec dotato da essere riconosciuto tale da tutti, ma senza suscitare invidie, gelosie, risentimenti. La bont\u00e0 e l\u2019autenticit\u00e0 della persona di Carlo hanno vinto rispetto ai giochi di rivalsa tendenti ad abbassare il profilo di coloro che sono dotati di spiccate qualit\u00e0\u00bb.<\/p>\n<p>Carlo inoltre \u00abnon ha mai celato la sua scelta di fede e anche in colloqui e incontri-scontri verbali con i compagni di classe si \u00e8 posto rispettoso delle posizioni altrui, ma senza rinunciare alla chiarezza di dire e testimoniare i principi ispiratori della sua vita cristiana\u00bb. Il suo era \u00abil flusso di un\u2019interiorit\u00e0 cristallina e festante che univa l\u2019amore a Dio e alle persone in una scorrevolezza gioiosa e vera. Lo si poteva additare e dire: ecco un giovane e un cristiano felice e autentico\u00bb.<\/p>\n<p>Per tutti questi motivi, desideriamo far conoscere meglio la figura di Carlo Acutis ai nostri ragazzi, alle famiglie, nelle nostre scuole, nella nostra rete. Come diceva San Paolo VI, l\u2019uomo contemporaneo ascolta pi\u00f9 volentieri i testimoni che i maestri. Diamo quindi voce a Carlo e ascoltiamo la sua testimonianza!<\/p>\n<p><img loading=\"lazy\" decoding=\"async\" class=\"alignnone size-full wp-image-2434\" src=\"https:\/\/educazione.gesuiti.it\/wp-content\/uploads\/sites\/9\/2020\/09\/banner-ACUTIS.jpg\" alt=\"Carlo Acutis\" width=\"1280\" height=\"720\" srcset=\"https:\/\/www.gesuitieducazione.it\/wp-content\/uploads\/2020\/09\/banner-ACUTIS.jpg 1280w, https:\/\/www.gesuitieducazione.it\/wp-content\/uploads\/2020\/09\/banner-ACUTIS-300x169.jpg 300w, https:\/\/www.gesuitieducazione.it\/wp-content\/uploads\/2020\/09\/banner-ACUTIS-1024x576.jpg 1024w, https:\/\/www.gesuitieducazione.it\/wp-content\/uploads\/2020\/09\/banner-ACUTIS-768x432.jpg 768w\" sizes=\"(max-width: 1280px) 100vw, 1280px\" \/><\/p>\n<h2>APPUNTAMENTI PRINCIPALI<br \/>\nDELLA BEATIFICAZIONE<\/h2>\n<p>Visibili tramite i link che saranno pubblicati sulla pagina Facebook della Fondazione Gesuiti Educazione e sul nostro sito internet, nonch\u00e8 su TV2000.<\/p>\n<p>\u00b7 VENERD\u00cc 2 OTTOBRE 2020<\/p>\n<p>Ore 21.30 &#8211; Evento on line dedicato ai giovani \u201cBeato Te: a scuola di felicit\u00e0 con Carlo Acutis\u201d, a cura della Pastorale giovanile regionale umbra<\/p>\n<p>\u00b7 VENERD\u00cc 9 OTTOBRE 2020<\/p>\n<p>Ore 21,30 \u2013 Sagrato della Basilica Santa Maria degli Angeli<\/p>\n<p>Veglia di preghiera dedicata ai giovani \u201cLa mia autostrada per il cielo\u201d intervengono: monsignor Paolo Martinelli, vescovo ausiliare di Milano\u00a0e monsignor Renato Boccardo, Presidente Conferenza Episcopale Umbra<\/p>\n<p>\u00b7 SABATO 10 OTTOBRE 2020<\/p>\n<p>Ore 16,30 \u2013 Basilica superiore di San Francesco<\/p>\n<p>Celebrazione di Beatificazione del venerabile Carlo Acutis.<\/p>\n<h2>LINK UTILI<\/h2>\n<p><a href=\"http:\/\/www.assisisantuariospogliazione.com\/beatificazione-di-carlo-acutis\/\">http:\/\/www.assisisantuariospogliazione.com\/beatificazione-di-carlo-acutis\/<\/a><\/p>\n<p><a href=\"http:\/\/www.carloacutis.com\/it\/association\">http:\/\/www.carloacutis.com\/it\/association<\/a><\/p>\n<p>&nbsp;<\/p>\n<h2>LEGGGI ANCHE<\/h2>\n<ul>\n<li><a href=\"https:\/\/educazione.gesuiti.it\/2020\/10\/01\/assisi-carlo-acutis-il-patrono-del-web\/\">Carlo Acutis, il patrono del web<\/a><\/li>\n<li><a href=\"https:\/\/educazione.gesuiti.it\/2020\/10\/04\/assisi-tutti-nasciamo-originali-molti-moriamo-fotocopie\/\">\u201cTutti nasciamo originali, molti moriamo fotocopie\u201d<\/a><\/li>\n<li><a href=\"https:\/\/educazione.gesuiti.it\/2020\/10\/08\/carlo-acutis-a-scuola-di-santita\/\">Carlo Acutis, a scuola di santit\u00e0<\/a><\/li>\n<li><a href=\"https:\/\/educazione.gesuiti.it\/2020\/10\/06\/assisi-carlo-acutis-un-ragazzo-stra-ordinario\/\" target=\"_self\" rel=\"noopener noreferrer\">Carlo Acutis, un ragazzo stra-ordinario<\/a><\/li>\n<li><a href=\"https:\/\/www.youtube.com\/watch?v=B694EHGonbg\" target=\"_blank\" rel=\"noopener noreferrer\">VIDEO INEDITO \u201cCon gli occhi di Carlo\u201d<\/a><\/li>\n<li><\/li>\n<\/ul>\n","protected":false},"excerpt":{"rendered":"<p>Sabato 10 ottobre, alle ore 16, Carlo Acutis verr\u00e0 beatificato ad Assisi nella basilica di San Francesco. Carlo Acutis \u00e8 un giovane liceale del nostro Istituto Leone XIII di Milano, morto il 12 ottobre 2006 alla giovane et\u00e0 di 15 anni a causa di una leucemia fulminante.<\/p>\n","protected":false},"author":4,"featured_media":2433,"comment_status":"closed","ping_status":"open","sticky":false,"template":"","format":"standard","meta":{"_acf_changed":false,"footnotes":""},"categories":[10],"tags":[179,214],"istituto":[],"partner":[],"class_list":["post-2432","post","type-post","status-publish","format-standard","has-post-thumbnail","hentry","category-notizie","tag-carlo-acutis","tag-beatificazione"],"acf":[],"_links":{"self":[{"href":"https:\/\/www.gesuitieducazione.it\/en\/wp-json\/wp\/v2\/posts\/2432"}],"collection":[{"href":"https:\/\/www.gesuitieducazione.it\/en\/wp-json\/wp\/v2\/posts"}],"about":[{"href":"https:\/\/www.gesuitieducazione.it\/en\/wp-json\/wp\/v2\/types\/post"}],"author":[{"embeddable":true,"href":"https:\/\/www.gesuitieducazione.it\/en\/wp-json\/wp\/v2\/users\/4"}],"replies":[{"embeddable":true,"href":"https:\/\/www.gesuitieducazione.it\/en\/wp-json\/wp\/v2\/comments?post=2432"}],"version-history":[{"count":0,"href":"https:\/\/www.gesuitieducazione.it\/en\/wp-json\/wp\/v2\/posts\/2432\/revisions"}],"wp:featuredmedia":[{"embeddable":true,"href":"https:\/\/www.gesuitieducazione.it\/en\/wp-json\/wp\/v2\/media\/2433"}],"wp:attachment":[{"href":"https:\/\/www.gesuitieducazione.it\/en\/wp-json\/wp\/v2\/media?parent=2432"}],"wp:term":[{"taxonomy":"category","embeddable":true,"href":"https:\/\/www.gesuitieducazione.it\/en\/wp-json\/wp\/v2\/categories?post=2432"},{"taxonomy":"post_tag","embeddable":true,"href":"https:\/\/www.gesuitieducazione.it\/en\/wp-json\/wp\/v2\/tags?post=2432"},{"taxonomy":"istituto","embeddable":true,"href":"https:\/\/www.gesuitieducazione.it\/en\/wp-json\/wp\/v2\/istituto?post=2432"},{"taxonomy":"partner","embeddable":true,"href":"https:\/\/www.gesuitieducazione.it\/en\/wp-json\/wp\/v2\/partner?post=2432"}],"curies":[{"name":"wp","href":"https:\/\/api.w.org\/{rel}","templated":true}]}}