{"id":2298,"date":"2020-05-29T15:54:48","date_gmt":"2020-05-29T13:54:48","guid":{"rendered":"https:\/\/educazione.gesuiti.it\/?p=2298"},"modified":"2021-12-21T14:10:02","modified_gmt":"2021-12-21T12:10:02","slug":"gressoney-walk-of-life-esperienza-immersiva-in-montagna","status":"publish","type":"post","link":"https:\/\/www.gesuitieducazione.it\/en\/gressoney-walk-of-life-esperienza-immersiva-in-montagna\/","title":{"rendered":"Gressoney. &#8220;WALK OF LIFE&#8221; &#8211; Proposta di esperienza immersiva in montagna per l&#8217;estate 2020"},"content":{"rendered":"<p><strong>EXTENDED DEADLINE: 30 GIUGNO\u00a0 2020!!!<\/strong><\/p>\n<p>Dopo l\u2019esperienza della quarantena sentiamo tutti il bisogno di riappropriarci degli spazi e delle relazioni.<\/p>\n<p>In questi mesi di reclusione forzata le nostre relazioni sono state messe a dura prova, certamente la tecnologia ci \u00e8 venuta in aiuto, ma al tempo stesso ha rivelato quanto sia importante la presenza dell\u2019altro nella nostra vita e quanto il contatto con la natura e gli spazi aperti rimanga una dimensione costitutiva dell\u2019essere umano.<\/p>\n<p>Si tratta oggi di riprendere a camminare come persone e come comunit\u00e0 con un passo diverso, certamente cambiati nel profondo da tutta questa esperienza.<\/p>\n<p>La Fondazione Gesuiti Educazione propone a tutti gli studenti maggiorenni dei collegi della Rete, e agli ex-alunni ai primi anni di Universit\u00e0, un\u2019opportunit\u00e0 per riprendere il proprio \u201ccammino di vita\u201d che faccia tesoro del vissuto di questi mesi per aprire nuove prospettive sul futuro non solo personale ma del nostro Paese.<\/p>\n<p>L\u2019esperienza si articola in diverse dimensioni, secondo l\u2019approccio dell\u2019ecologia integrale della Laudato S\u00ec di Papa Francesco, di cui quest\u2019anno ricorre il quinto anniversario.<\/p>\n<p><strong>1. La dimensione AMBIENTALE: <b><i>la riscoperta della bellezza della natura come principio di una ecologia integrale<\/i><\/b><\/strong><\/p>\n<p>Il cammino di ognuno di noi si svolge in un ambiente che troviamo gi\u00e0 \u201cdato\u201d, con tutte le sue ferite, le sue contraddizioni, e le sue bellezze. A ciascuno \u00e8 data la possibilit\u00e0 di accogliere tutto questo come un dono da ammirare e da custodire.<\/p>\n<p>La possibilit\u00e0 di trascorrere alcuni giorni immersi nella natura della Valle d\u2019Aosta camminando tra i sentieri della Valle del Lys alle pendici del Monte Rosa \u00e8 l\u2019ambiente ideale per riscoprirci ancora destinatari di tanta bellezza, da cui ripartire dopo l\u2019esperienza di Covid-19.<\/p>\n<p><strong>2. <b>La dimensione SOCIALE: <\/b><b><i>camminare insieme sui sentieri della condivisione e della ricerca personale e comunitaria<\/i><\/b><\/strong><\/p>\n<p>Abbiamo imparato in questi mesi l\u2019importanza della solidariet\u00e0 tra di noi, ci siamo accorti di essere capaci di fare un passo indietro in favore dei pi\u00f9 deboli.<\/p>\n<p>Abbiamo imparato che ritrovarsi tutti sulla stessa barca, come ci ha ricordato Papa Francesco durante la preghiera di quel venerd\u00ec 27 marzo da una piazza San Pietro deserta, certamente \u00e8 un dato di fatto, ma altres\u00ec la migliore risorsa che abbiamo per affrontare le tempeste della vita.<\/p>\n<p>Camminare insieme, alla ricerca dello stesso passo, che ci permetta di affrontare i pendii pi\u00f9 difficili \u00e8 un\u2019esperienza comunitaria e al tempo stesso di grande valore sociale e politico.<\/p>\n<p><strong>3. La dimensione SPIRITUALE:<b><i>\u00a0aprirsi al dialogo con Dio come ispirazione per la crescita e il cambiamento<\/i><\/b><\/strong><\/p>\n<p>Durante i mesi di quarantena, tutti abbiamo fatto esperienza dei desideri profondi del nostro cuore, abbiamo capito molto della nostra vita e della direzione verso cui \u00e8 orientata e forse abbiamo anche intravisto qualche possibile <i><span style=\"font-weight: 400\">cambiamento<\/span><\/i><span style=\"font-weight: 400\"> di prospettiva.<\/span><\/p>\n<p>Camminare in montagna insieme \u00e8 darsi la possibilit\u00e0 di riprendere tutti quei cammini interrotti e che forse nascondono inedite prospettive di vita.<\/p>\n<p style=\"text-align: center\"><strong><img loading=\"lazy\" decoding=\"async\" class=\"aligncenter size-full wp-image-2299\" src=\"https:\/\/educazione.gesuiti.it\/wp-content\/uploads\/sites\/9\/2020\/05\/walk-of-life.jpg\" alt=\"\" width=\"410\" height=\"320\" srcset=\"https:\/\/www.gesuitieducazione.it\/wp-content\/uploads\/2020\/05\/walk-of-life.jpg 410w, https:\/\/www.gesuitieducazione.it\/wp-content\/uploads\/2020\/05\/walk-of-life-300x234.jpg 300w\" sizes=\"(max-width: 410px) 100vw, 410px\" \/><br \/>\n\u201cWALK OF LIFE\u201d<\/strong><br \/>\n<strong>Il cammino dell\u2019uomo dopo Covid-19<\/strong><\/p>\n<p style=\"text-align: center\"><strong>Esperienza immersiva in montagna<\/strong><br \/>\n<strong>per la formazione integrale della persona<\/strong><\/p>\n<p>Queste tre dimensioni vengono integrate insieme nella proposta WALK OF LIFE, una metafora di quanto vissuto nei mesi scorsi ed una finestra sul futuro di ognuno di noi.<\/p>\n<p>Ciascuna di queste dimensioni trover\u00e0 il suo spazio e la sua integrazione nelle altre durante le giornate di cammino, di condivisione e di riflessione personale che desideriamo proporre ai nostri studenti maggiorenni e ai nostri giovani ex-alunni che si affacciano su di un Paese da ricostruire.<br \/>\n&amp;nbsp<\/p>\n<p style=\"text-align: center\"><strong>INFORMAZIONI UTILI<\/strong><\/p>\n<p><strong>NUMERO MASSIMO e MINIMO DI ISCRITTI<\/strong><\/p>\n<p>L\u2019esperienza prevede un numero massimo di 20 partecipanti ed \u00e8 riservata ai maggiorenni.<br \/>\nLe attivit\u00e0 partiranno una volta raggiunta la quota minima di 10 di iscritti.<\/p>\n<p><strong>PERIODO<\/strong><\/p>\n<table style=\"background-color: #b3c6ff\">\n<tbody>\n<tr>\n<th style=\"text-align: center\"><strong>TERZO TURNO<\/strong><br \/>\n13\/7-18\/7 per liceali maggiorenni e maturati (max 20)<br \/>\n<strong>QUARTO TURNO<\/strong><br \/>\n27\/7-1\/8 per universitari (max 20)<\/th>\n<\/tr>\n<\/tbody>\n<\/table>\n<p>&nbsp;<\/p>\n<p><strong>DOVE<\/strong><\/p>\n<p>Villa Belvedere, Gressoney S.Jean (AO) \/ sentieri del Monte Rosa<br \/>\n&gt; <a href=\"https:\/\/www.leonexiii.it\/strutture\/casa-vacanze-gressoney\/\">Sito di Villa Belvedere<\/a><\/p>\n<p><strong>PROGRAMMA<\/strong><\/p>\n<p>I giorno<br \/>\nArrivo a Gressoney entro le 15:30.<br \/>\nTriage. Introduzione all\u2019esperienza.<br \/>\nPrima passeggiata breve sotto le stelle (\u201coasi dello Spirito\u201d).<\/p>\n<p>II giorno<br \/>\nUscita in giornata al Rifugio Sottile \/ Vallone di Loo.<\/p>\n<p>III giorno<br \/>\nAscensione in giornata sul Testa Grigia (3300 m slm) o altra vetta.<br \/>\nSera: ascolto testimonianza di \u201cascensione\u201d in alta montagna (A. Squinobal)*<\/p>\n<p>IV giorno<br \/>\nGiornata di relax\/preparazione del materiale per la montagna.<br \/>\nSalita in notturna al Rif. Quintino Sella o escursione in tenda.<\/p>\n<p>V giorno<br \/>\nRientro a Villa Belvedere. Grande condivisione e tempo di silenzio personale.<\/p>\n<p>VI giorno<br \/>\nRevisione dell\u2019esperienza e valutazione. Partenza da Gressoney dopo il pranzo.<\/p>\n<table>\n<tbody>\n<tr>\n<th>\n<p style=\"color: #944dff\"><i>* A. Squinobal: alpinista, ha compiuto ascese storiche come la \u201cprima invernale del Monte Bianco\u201d ed \u00e8 stato membro della prima spedizione italiana sull\u2019Himalaya. Protagonista del libro \u201cDue Montanari: Arturo e Oreste Squinobal dalle Alpi all\u2019Himalaya\u201d (Corbaccio, 2019)<\/i><\/p>\n<\/th>\n<\/tr>\n<\/tbody>\n<\/table>\n<p>&nbsp;<\/p>\n<p><strong>COORDINATORI DELL\u2019ESPERIENZA<\/strong><\/p>\n<p>P. Eraldo Cacchione SJ<br \/>\nP. Nicola Bordogna SJ<br \/>\nProf. Paolo Biscardini<br \/>\nProf. Andrea Castelli<br \/>\nProf.ssa Ilaria Tosi<\/p>\n<p>Per le escursioni in montagna \u00e8 previsto l\u2019accompagnamento di una guida.<br \/>\nI ragazzi saranno tutti assicurati per gli incidenti in montagna, oltre che per l\u2019ordinario.<\/p>\n<p><strong>COSA PORTARE<\/strong><\/p>\n<p>Materiale per camminare in montagna: giacche a strati per temperature fino a 0 gradi. Scarpe da montagna adatte (devono essere sopra la caviglia). Zaino buono.<\/p>\n<p><strong>MATERIALE DI LAVORO<\/strong><\/p>\n<p>Il testo che seguiremo come traccia per il cammino spirituale \u00e8 \u201cIl cammino dell\u2019uomo\u201d, di Martin Buber, Edizioni Qiqajon. Chi pu\u00f2, se ne doti di una copia (cartacea o kindle). Per gli altri, forniremo fotocopie.<br \/>\nIl resto del materiale sar\u00e0 fornito dall\u2019organizzazione: a tutti i partecipanti verr\u00e0 dato un quaderno personale \u201cWalk of Life\u201d su cui appuntare riflessioni, disegni e ogni altra annotazione importante, e una maglietta \u201cWalk of Life\u201d.<\/p>\n<p><strong>PROTOCOLLO DI SICUREZZA SANITARIA<\/strong><\/p>\n<p>Tutta l\u2019esperienza prevede l\u2019adesione a un protocollo operativo di sicurezza sanitaria. Il protocollo verr\u00e0 inviato al partecipante all\u2019atto dell\u2019iscrizione, deve essere controfirmato e consegnato all\u2019arrivo a Villa Belvedere. Esso contiene tutte le disposizioni, previste a norma di legge, su triage e tracciamento degli spostamenti, norme di distanziamento e igienizzazione degli ambienti e della persona, presenza di un medico reperibile 24h per ogni necessit\u00e0, e ogni altra disposizione necessaria per lo svolgimento dell\u2019esperienza in piena sicurezza.<\/p>\n<p><strong>COSTI<\/strong><\/p>\n<p>La quota di partecipazione (che include la presenza di uno o due gesuiti; due insegnanti; vitto e alloggio; guide per le escursioni; materiale cartaceo; assicurazione medica anche per le passeggiate in montagna) \u00e8 di 400 EURO.<\/p>\n<p>NB: La quota di partecipazione NON include il viaggio di A\/R per Gressoney, da organizzarsi in proprio.<br \/>\nNBB: Chi avesse difficolt\u00e0 a sostenere tutta la quota di partecipazione non esiti a contattare padre Eraldo Cacchione SJ: <a href=\"mailto:cacchione.e@gesuiti.it\">cacchione.e@gesuiti.it<\/a> o padre Nicola Bordogna SJ: <a href=\"mailto:bordogna.n@gesuiti.it\">bordogna.n@gesuiti.it<\/a><\/p>\n<p><img loading=\"lazy\" decoding=\"async\" class=\"alignnone  wp-image-2418\" src=\"https:\/\/educazione.gesuiti.it\/wp-content\/uploads\/sites\/9\/2020\/05\/deadline-extended.png\" alt=\"\" width=\"269\" height=\"269\" srcset=\"https:\/\/www.gesuitieducazione.it\/wp-content\/uploads\/2020\/05\/deadline-extended.png 512w, https:\/\/www.gesuitieducazione.it\/wp-content\/uploads\/2020\/05\/deadline-extended-300x300.png 300w, https:\/\/www.gesuitieducazione.it\/wp-content\/uploads\/2020\/05\/deadline-extended-150x150.png 150w\" sizes=\"(max-width: 269px) 100vw, 269px\" \/><\/p>\n<p><strong>ISCRIZIONI<\/strong><\/p>\n<p>Iscrizioni entro il <del>21 giugno 2020<\/del> <strong>30 giugno 2020 (EXTENDED DEADLINE)<\/strong>. L\u2019iscrizione si intende completata al momento del versamento della quota di partecipazione.<\/p>\n<p style=\"text-align: center\"><a href=\"https:\/\/forms.gle\/Uri3UFt8mwc887KP6\"><strong>Per iscriverti CLICCA QUI<\/strong>.<\/a><\/p>\n<p><strong>PAGAMENTO<\/strong><\/p>\n<p>La quota di partecipazione deve essere versata entro il 21 giugno in un\u2019unica soluzione con bonifico bancario utilizzando le seguenti coordinate:<\/p>\n<p>IBAN: IT 64 L 030 6909 6061 0000 0120 940<br \/>\nBeneficiario: &#8220;Cooperativa sociale amici di Villa Sant Ignazio&#8221;<br \/>\nCausale: NOME E COGNOME, seguito da \u201cWalk of Life Gressoney 2020\u201d e il numero di turno (es. &#8220;primo turno\u201d).<\/p>\n<p>All\u2019arrivo a Villa Belvedere sar\u00e0 rilasciata fattura personale.<\/p>\n<p>NB: la quota NON \u00e8 rimborsabile, salvo cancellazione dell\u2019esperienzada parte dell\u2019organizzazione dovuta a cause sanitarie o di forza maggiore.<\/p>\n<p><img loading=\"lazy\" decoding=\"async\" class=\"aligncenter wp-image-771 \" src=\"https:\/\/educazione.gesuiti.it\/wp-content\/uploads\/sites\/9\/2015\/12\/Villa-Belvedere1.jpg\" alt=\"\" width=\"502\" height=\"368\" srcset=\"https:\/\/www.gesuitieducazione.it\/wp-content\/uploads\/2015\/12\/Villa-Belvedere1.jpg 600w, https:\/\/www.gesuitieducazione.it\/wp-content\/uploads\/2015\/12\/Villa-Belvedere1-300x220.jpg 300w\" sizes=\"(max-width: 502px) 100vw, 502px\" \/><\/p>\n<p>&nbsp;<\/p>\n<p><a href=\"https:\/\/educazione.gesuiti.it\/wp-content\/uploads\/sites\/9\/2020\/05\/logo-federex.jpg\"><img loading=\"lazy\" decoding=\"async\" class=\"aligncenter size-full wp-image-2356\" src=\"https:\/\/educazione.gesuiti.it\/wp-content\/uploads\/sites\/9\/2020\/05\/logo-federex.jpg\" alt=\"\" width=\"453\" height=\"593\" srcset=\"https:\/\/www.gesuitieducazione.it\/wp-content\/uploads\/2020\/05\/logo-federex.jpg 453w, https:\/\/www.gesuitieducazione.it\/wp-content\/uploads\/2020\/05\/logo-federex-229x300.jpg 229w\" sizes=\"(max-width: 453px) 100vw, 453px\" \/><\/a><\/p>\n<p>Questa iniziativa \u00e8 realizzata in collaborazione con la Federazione Italiana Ex Alunni Compagnia di Ges\u00f9<\/p>\n<p>&nbsp;<\/p>\n<p>&nbsp;<\/p>\n<p>&nbsp;<\/p>\n","protected":false},"excerpt":{"rendered":"<p style=\"color:#944dff\">Quattro turni di una settimana, dal 29 giugno al 1 agosto.<\/p>\n","protected":false},"author":4,"featured_media":2300,"comment_status":"closed","ping_status":"open","sticky":false,"template":"","format":"standard","meta":{"_acf_changed":false,"footnotes":""},"categories":[258],"tags":[],"istituto":[],"partner":[],"class_list":["post-2298","post","type-post","status-publish","format-standard","has-post-thumbnail","hentry","category-attivita"],"acf":[],"_links":{"self":[{"href":"https:\/\/www.gesuitieducazione.it\/en\/wp-json\/wp\/v2\/posts\/2298"}],"collection":[{"href":"https:\/\/www.gesuitieducazione.it\/en\/wp-json\/wp\/v2\/posts"}],"about":[{"href":"https:\/\/www.gesuitieducazione.it\/en\/wp-json\/wp\/v2\/types\/post"}],"author":[{"embeddable":true,"href":"https:\/\/www.gesuitieducazione.it\/en\/wp-json\/wp\/v2\/users\/4"}],"replies":[{"embeddable":true,"href":"https:\/\/www.gesuitieducazione.it\/en\/wp-json\/wp\/v2\/comments?post=2298"}],"version-history":[{"count":1,"href":"https:\/\/www.gesuitieducazione.it\/en\/wp-json\/wp\/v2\/posts\/2298\/revisions"}],"predecessor-version":[{"id":4564,"href":"https:\/\/www.gesuitieducazione.it\/en\/wp-json\/wp\/v2\/posts\/2298\/revisions\/4564"}],"wp:featuredmedia":[{"embeddable":true,"href":"https:\/\/www.gesuitieducazione.it\/en\/wp-json\/wp\/v2\/media\/2300"}],"wp:attachment":[{"href":"https:\/\/www.gesuitieducazione.it\/en\/wp-json\/wp\/v2\/media?parent=2298"}],"wp:term":[{"taxonomy":"category","embeddable":true,"href":"https:\/\/www.gesuitieducazione.it\/en\/wp-json\/wp\/v2\/categories?post=2298"},{"taxonomy":"post_tag","embeddable":true,"href":"https:\/\/www.gesuitieducazione.it\/en\/wp-json\/wp\/v2\/tags?post=2298"},{"taxonomy":"istituto","embeddable":true,"href":"https:\/\/www.gesuitieducazione.it\/en\/wp-json\/wp\/v2\/istituto?post=2298"},{"taxonomy":"partner","embeddable":true,"href":"https:\/\/www.gesuitieducazione.it\/en\/wp-json\/wp\/v2\/partner?post=2298"}],"curies":[{"name":"wp","href":"https:\/\/api.w.org\/{rel}","templated":true}]}}