{"id":2270,"date":"2020-05-19T21:20:44","date_gmt":"2020-05-19T19:20:44","guid":{"rendered":"https:\/\/educazione.gesuiti.it\/?p=2270"},"modified":"2020-05-19T21:20:44","modified_gmt":"2020-05-19T19:20:44","slug":"roma-non-siamo-invisibili-il-dibattito-sulle-scuole-paritarie","status":"publish","type":"post","link":"https:\/\/www.gesuitieducazione.it\/en\/roma-non-siamo-invisibili-il-dibattito-sulle-scuole-paritarie\/","title":{"rendered":"Roma. Non siamo invisibili: il dibattito sulle scuole paritarie"},"content":{"rendered":"<p>Da pi\u00f9 parti si stanno infatti sollevando <strong>appelli sempre pi\u00f9 consistenti<\/strong> verso il Governo e il Parlamento affinch\u00e9 rivedano alcune norme contenute nel recente\u00a0\u201c<a href=\"https:\/\/www.facebook.com\/hashtag\/decretorilancio?__eep__=6&amp;source=feed_text&amp;epa=HASHTAG&amp;__xts__%5B0%5D=68.ARATlCqH6hUmlzXSoS5ki8o6noFsb2Fl1P-ede7Pz3cdjW40TK4W6JdNC_I86x_oW-0TlJjkw-XwORjONsl1sCQw6K33KoRBpZDaHsoord7WfMTpiAVy-BBKqsl8pkADjbfgKkfZSkIPqkbAFvzer--NSFF9DFwr49tx2lS7USXEr7fI8wuIMabgVN0AEOXWuBiuo7qEaiJ1fnt_y4_A_dGNm1SpH3_CPFgG4lljta24NeU7EroVwrgmy6hCADr6NyqvL33011W9ZF2kE-snOeRLySy2CzyD9YucJpmeBETD7ZhjvqIjzJY_1zYUrngKMlO5zIReILcLMJBl1jTx03Om4A6g&amp;__tn__=%2ANK-R\">Decreto Rilancio<\/a>\u201d\u00a0e si impegnino attivamente per assicurare a tutte le famiglie la seria possibilit\u00e0 di una autentica libera scelta educativa, esigenza essenziale in un quadro realmente democratico. Molte istituzioni, dalla CEI alle diverse associazioni e congregazioni religiose si stanno mobilitando per rilanciare la <strong>forte preoccupazione<\/strong> espressa in queste settimane da genitori, alunni e docenti delle scuole paritarie, a fronte di una situazione che ne sta ponendo a rischio la stessa sopravvivenza.<\/p>\n<p><strong>Le scuole paritarie svolgono un servizio pubblico<\/strong>, caratterizzato da progetti educativi seri, inserito in una ricchezza pedagogica spesso secolare, da programmi formativi perseguiti con dedizione e professionalit\u00e0, permettendo inoltre al bilancio dello Stato italiano risparmi annuali di circa 7.000 euro ad alunno.<\/p>\n<p>Quando si parla di scuole pubbliche paritarie si parla di <strong>undicimila realt\u00e0<\/strong>, <strong>centosessantamila lavoratori<\/strong> (tra docenti e non docenti), quasi <strong>un milione di studenti<\/strong>.<\/p>\n<p>Le forme di sostegno poste in essere dal \u201cDecreto Rilancio\u201d appaiono del tutto marginali e insufficienti, ma anche non equilibrate all\u2019interno dell\u2019intero sistema pubblico di istruzione, formato dall\u2019insieme delle scuole statali e paritarie.<\/p>\n<p>A vent\u2019anni esatti dalla legge 62\/2000 che la introduceva, la <strong>parit\u00e0 scolastica<\/strong> \u00e8 ancora lontana dall\u2019essere pienamente realizzata, in quanto non \u00e8 stata ancora riconosciuta la parit\u00e0 economica. E\u2019 tempo di superare divisioni ideologiche che non hanno pi\u00f9 ragion d\u2019essere, e considerare veramente pubblica ogni esperienza formativa che, nel rispetto del quadro normativo della pubblica istruzione, cerchi di rispondere con professionalit\u00e0 e seriet\u00e0 al bisogno educativo delle giovani generazioni.<\/p>\n<p>Allo stato attuale, senza il sostegno finanziario dello Stato in questa situazione di emergenza, <strong>una elevata percentuale di scuole paritarie in Italia si troverebbe in forti difficolt\u00e0<\/strong>, e anche le scuole della nostra rete potrebbero risentire significativamente senza aiuti esterni diretti o indiretti per le famiglie che frequentano le nostre scuole. Molte famiglie, inevitabilmente, non riuscirebbero pi\u00f9 a pagare la retta e si troverebbero costrette a rinunciare a mandare i propri figli nelle nostre scuole.<\/p>\n<p>La <a href=\"https:\/\/chiciseparera.chiesacattolica.it\/scuole-paritarie-dalla-presidenza-cei-appello-e-solidarieta\/\">Conferenza Episcopale Italiana<\/a> (<a href=\"https:\/\/chiciseparera.chiesacattolica.it\/scuole-paritarie-dalla-presidenza-cei-appello-e-solidarieta\/\">CEI<\/a>), con comunicato, ha formalmente annunciato che \u201crichiede con forza che non si continuino a fare sperequazioni di trattamento, riconoscendo il valore costituito dalla rete delle paritarie. A nostra volta, stiamo verificando la possibilit\u00e0 di contribuire a sostenere alcune migliaia di studenti della scuola paritaria secondaria di I e II grado\u201d.<\/p>\n<p>La <strong>Fondazione Gesuiti Educazione<\/strong>, condivide, sostiene e rilancia appieno questa campagna di sensibilizzazione, rinnovando l\u2019appello agli organi competenti di tenere maggiormente in considerazione anche la situazione delle scuole paritarie. In questo frangente cos\u00ec difficile e delicato di fine anno,\u00a0la Fondazione Gesuiti Educazione ritiene che <strong>fermare l\u2019attivit\u00e0 didattica per due giorni non sia rispettoso della necessit\u00e0 di portare a conclusione,\u00a0senza ulteriori intoppi, questo anno\u00a0scolastico<\/strong> gi\u00e0 cos\u00ec travagliato e di preparare al meglio il periodo degli esami. Vogliamo <strong>rispettare prima di tutto le reali necessit\u00e0 dei nostri allievi<\/strong>, che sono sempre al centro della nostra azione educativa, nonch\u00e8 il grande lavoro svolto finora da tutti i nostri docenti.<\/p>\n<p>Siamo infatti convinti che questa opera di sensibilizzazione debba essere fatta in una modalit\u00e0 che esprima e valorizzi il positivo che \u00e8 gi\u00e0 in atto nelle nostre scuole, per riaffermare che le nostre realt\u00e0 ci sono, per i propri allievi, per le loro famiglie e per il bene di tutta la scuola; sono attive e continuano a operare, nonostante le difficolt\u00e0 di questa situazione, con una offerta formativa solida, ambiziosa e di qualit\u00e0, con una passione educativa che non tramonta e non si ferma nemmeno davanti alle pandemie mondiali.<\/p>\n<p>Pertanto, abbiamo avviato <strong>azioni concrete e significative<\/strong>, che desideriamo far conoscere e diffondere, per rilanciare con forza e determinazione l\u2019appello al valore dell\u2019educazione per tutte le scuole pubbliche, statali e paritarie italiane. Le principali azioni intraprese sono le seguenti:<\/p>\n<ul>\n<li>abbiamo proposto a tutte le nostre scuole della rete Gesuiti Educazione di<strong> pensare e proporre modalit\u00e0 diverse, il pi\u00f9 possibile vicine ai ragazzi e alle famiglie, per sensibilizzare alla questione della scuola cattolica,<\/strong>inserendole nel contesto dello sviluppo delle competenze di cittadinanza e costituzione.\u00a0Ciascuna nostra scuola, pertanto, si adoperer\u00e0 con lezioni, video, articoli e altri strumenti per riflettere e diffondere i temi della libert\u00e0 di scelta educativa; il diritto di apprendere senza discriminazione; la parit\u00e0 scolastica tra pubblica statale e pubblica paritaria, il pluralismo culturale del nostro Paese.<\/li>\n<li>abbiamo <strong>istituito una commissione interna<\/strong> alla Fondazione Gesuiti Educazione che possa dialogare direttamente sia con la CEI che con il contesto del Governo Italiano e, pi\u00f9 in generale, del mondo politico, sulla attuale difficile situazione delle scuole paritarie in Italia. Questo gruppo si \u00e8 gi\u00e0 costituito e ha gi\u00e0 iniziato a lavorare, inserendosi in maniera costruttiva e rispettosa nel tessuto di relazioni e azioni che da tempo \u00e8 stato avviato su questo tema nel mondo cattolico. I membri di questa commissione sono: Silvia Costa (membro del CDA della Fondazione Gesuiti Educazione ed ex membro del Parlamento Europeo), P. Franco Beneduce SJ (attualmente Rettore della Facolt\u00e0 Teologica di San Luigi a Napoli ed ex Delegato per l\u2019Educazione per i Gesuiti d\u2019Italia), P. Vitangelo Denora SJ (Direttore Generale dell\u2019Istituto Gonzaga-ISP di Palermo, Presidente della FIDAE in Sicilia, membro del Consiglio Nazionale della Chiesa Cattolica della CEI) e l\u2019Avv. Enrico Sarti (consulente legale della Fondazione Gesuiti Educazione).<\/li>\n<li>abbiamo creato <strong>un gruppo di lavoro<\/strong> che si occupa della situazione specifica delle nostre <strong>scuole dell&#8217;infanzia<\/strong> (sia di quelle gi\u00e0 esistenti, sia di quelle che si era programmato di aprire), non solo in vista di una possibile eventuale riapertura a giugno, ma soprattutto in un orizzonte temporale pi\u00f9 ampio, nella rielaborazione del nostro modello ignaziano per la scuola dell&#8217;infanzia. Si tratta di un laboratorio di idee per riflettere, progettare, rilanciare il modello della scuola dell\u2019infanzia nel quadro del nostro progetto educativo ignaziano. Queste scuole sono tra le realt\u00e0 che stanno soffrendo di pi\u00f9 da questa situazione di crisi, rischiando di trasformarsi in pochi mesi da una ricchezza a una fonte di potenziali fragilit\u00e0, soprattutto dal punto di vista economico. E\u2019 nostro vivo desiderio investire tutte le energie e le risorse per sostenere e valorizzare questo prezioso tassello della nostra rete, che si prende cura dei pi\u00f9 piccoli e li accompagna nel muovere i primi passi nel loro percorso di crescita, tanto importante per il loro futuro. Secondo un antico detto attribuito a S. Ignazio, infatti, \u201cE\u2019 dai pi\u00f9 piccoli che si fanno i grandi\u201d.<\/li>\n<li>abbiamo chiesto a tutte le nostre scuole di <strong>diffondere e far conoscere alcuni dati e alcuni studi sulla condizione e sullo stato delle scuole pubbliche paritarie<\/strong>. Studi seri e approfonditi (ad esempio quelli dell\u2019Istituto Bruno Leoni) forniscono bene un quadro oggettivo e significativo di queste realt\u00e0 nel panorama italiano, che non solo deve essere maggiormente conosciuto, ma che pu\u00f2 anche costituire la base di partenza per un confronto e un dialogo serio, costruttivo, informato e corretto.<\/li>\n<\/ul>\n<p>Rinnoviamo quindi <strong>il nostro appello alle istituzioni<\/strong> affinch\u00e8 provvedano con adeguati interventi a incentivare, o per lo meno a non deprimere, la realt\u00e0 delle scuole pubbliche paritarie italiane, realt\u00e0 preziose, diffuse su tutto il territorio nazionale, che esistono da decenni, che rispondono a esigenze sociali e territoriali effettive, che fanno cultura: come le scuole statali, del resto, per\u00f2 con risorse finanziarie spesso precarie e senza poter offrire a chi vi opera garanzie contrattuali paragonabili a quelle assicurate dall\u2019Amministrazione statale.<\/p>\n<p>In conclusione, facciamo nostro l\u2019appello, gi\u00e0 condiviso e sostenuto nei giorni scorsi, della <a href=\"https:\/\/www.fidae.it\/vogliamofarescuola\/\">FIDAE<\/a>, che ha lanciato la campagna \u201c<a href=\"https:\/\/www.fidae.it\/vogliamofarescuola\/\">Vogliamo fare scuola<\/a>\u201d.<\/p>\n<p>&nbsp;<\/p>\n<p><img loading=\"lazy\" decoding=\"async\" class=\"aligncenter size-medium wp-image-2271\" src=\"https:\/\/educazione.gesuiti.it\/wp-content\/uploads\/sites\/9\/2020\/05\/slide1-800x450.jpg\" alt=\"\" width=\"800\" height=\"450\" \/> <img loading=\"lazy\" decoding=\"async\" class=\"aligncenter size-medium wp-image-2272\" src=\"https:\/\/educazione.gesuiti.it\/wp-content\/uploads\/sites\/9\/2020\/05\/slide2-800x450.jpg\" alt=\"\" width=\"800\" height=\"450\" \/> <img loading=\"lazy\" decoding=\"async\" class=\"aligncenter size-medium wp-image-2273\" src=\"https:\/\/educazione.gesuiti.it\/wp-content\/uploads\/sites\/9\/2020\/05\/slide3-800x450.jpg\" alt=\"\" width=\"800\" height=\"450\" \/> <img loading=\"lazy\" decoding=\"async\" class=\"aligncenter size-medium wp-image-2274\" src=\"https:\/\/educazione.gesuiti.it\/wp-content\/uploads\/sites\/9\/2020\/05\/slide4-800x450.jpg\" alt=\"\" width=\"800\" height=\"450\" \/> <img loading=\"lazy\" decoding=\"async\" class=\"aligncenter size-medium wp-image-2275\" src=\"https:\/\/educazione.gesuiti.it\/wp-content\/uploads\/sites\/9\/2020\/05\/slide5-800x450.jpg\" alt=\"\" width=\"800\" height=\"450\" \/> <img loading=\"lazy\" decoding=\"async\" class=\"aligncenter size-medium wp-image-2276\" src=\"https:\/\/educazione.gesuiti.it\/wp-content\/uploads\/sites\/9\/2020\/05\/slide6-800x450.jpg\" alt=\"\" width=\"800\" height=\"450\" \/> <img loading=\"lazy\" decoding=\"async\" class=\"aligncenter size-medium wp-image-2277\" src=\"https:\/\/educazione.gesuiti.it\/wp-content\/uploads\/sites\/9\/2020\/05\/slide7-800x450.jpg\" alt=\"\" width=\"800\" height=\"450\" \/> <img loading=\"lazy\" decoding=\"async\" class=\"aligncenter size-medium wp-image-2278\" src=\"https:\/\/educazione.gesuiti.it\/wp-content\/uploads\/sites\/9\/2020\/05\/slide8-800x450.jpg\" alt=\"\" width=\"800\" height=\"450\" \/> <img loading=\"lazy\" decoding=\"async\" class=\"aligncenter size-medium wp-image-2279\" src=\"https:\/\/educazione.gesuiti.it\/wp-content\/uploads\/sites\/9\/2020\/05\/slide9-800x450.jpg\" alt=\"\" width=\"800\" height=\"450\" \/><\/p>\n","protected":false},"excerpt":{"rendered":"<p>Non siamo invisibili. Soprattutto in questi ultimi giorni sentiamo con particolare urgenza la necessit\u00e0 di unirci a pi\u00f9 voci che si stanno levando, proponendo alcune riflessioni sul dibattito relativo alla difficile situazione nella quale le scuole paritarie italiane si trovano. <\/p>\n","protected":false},"author":4,"featured_media":1203,"comment_status":"closed","ping_status":"open","sticky":false,"template":"","format":"standard","meta":{"_acf_changed":false,"footnotes":""},"categories":[10,186],"tags":[],"istituto":[],"partner":[],"class_list":["post-2270","post","type-post","status-publish","format-standard","has-post-thumbnail","hentry","category-notizie","category-in-primo-piano"],"acf":[],"_links":{"self":[{"href":"https:\/\/www.gesuitieducazione.it\/en\/wp-json\/wp\/v2\/posts\/2270"}],"collection":[{"href":"https:\/\/www.gesuitieducazione.it\/en\/wp-json\/wp\/v2\/posts"}],"about":[{"href":"https:\/\/www.gesuitieducazione.it\/en\/wp-json\/wp\/v2\/types\/post"}],"author":[{"embeddable":true,"href":"https:\/\/www.gesuitieducazione.it\/en\/wp-json\/wp\/v2\/users\/4"}],"replies":[{"embeddable":true,"href":"https:\/\/www.gesuitieducazione.it\/en\/wp-json\/wp\/v2\/comments?post=2270"}],"version-history":[{"count":0,"href":"https:\/\/www.gesuitieducazione.it\/en\/wp-json\/wp\/v2\/posts\/2270\/revisions"}],"wp:featuredmedia":[{"embeddable":true,"href":"https:\/\/www.gesuitieducazione.it\/en\/wp-json\/wp\/v2\/media\/1203"}],"wp:attachment":[{"href":"https:\/\/www.gesuitieducazione.it\/en\/wp-json\/wp\/v2\/media?parent=2270"}],"wp:term":[{"taxonomy":"category","embeddable":true,"href":"https:\/\/www.gesuitieducazione.it\/en\/wp-json\/wp\/v2\/categories?post=2270"},{"taxonomy":"post_tag","embeddable":true,"href":"https:\/\/www.gesuitieducazione.it\/en\/wp-json\/wp\/v2\/tags?post=2270"},{"taxonomy":"istituto","embeddable":true,"href":"https:\/\/www.gesuitieducazione.it\/en\/wp-json\/wp\/v2\/istituto?post=2270"},{"taxonomy":"partner","embeddable":true,"href":"https:\/\/www.gesuitieducazione.it\/en\/wp-json\/wp\/v2\/partner?post=2270"}],"curies":[{"name":"wp","href":"https:\/\/api.w.org\/{rel}","templated":true}]}}