{"id":2221,"date":"2020-05-13T18:08:53","date_gmt":"2020-05-13T16:08:53","guid":{"rendered":"https:\/\/educazione.gesuiti.it\/?p=2221"},"modified":"2020-05-13T18:08:53","modified_gmt":"2020-05-13T16:08:53","slug":"roma-settimana-laudato-si","status":"publish","type":"post","link":"https:\/\/www.gesuitieducazione.it\/en\/roma-settimana-laudato-si\/","title":{"rendered":"Roma. Settimana Laudato S\u00ec &#8211; 16\/24 maggio"},"content":{"rendered":"<p><span style=\"font-weight: 400\">\u201cLa sfida urgente di proteggere la nostra casa comune comprende la preoccupazione di unire tutta la famiglia umana nella ricerca di uno sviluppo sostenibile e integrale. L\u2019umanita\u2019 ha ancora la capacita\u2019 di collaborare per costruire la nostra casa comune. I giovani esigono da noi un cambiamento. Essi si domandano com\u2019e\u2019 possibile che si pretenda di costruire un futuro migliore senza pensare alla crisi ambientale e alle sofferenze degli esclusi.\u201d (LS 13)<\/span><\/p>\n<p><span style=\"font-weight: 400\">Quest&#8217;anno, in tutto il mondo si celebra il quinto anniversario della lettera enciclica di Papa Francesco Laudato si\u2019 durante una speciale<\/span><a href=\"https:\/\/laudatosiweek.org\/it\/home-it\/\"><span style=\"font-weight: 400\"> Settimana Laudato Si&#8217;<\/span><\/a><span style=\"font-weight: 400\">.\u00a0<\/span><span style=\"font-weight: 400\">L\u2019Enciclica \u00e8 la pietra miliare dell&#8217;insegnamento di Papa Francesco sull&#8217;ecologia integrale.\u00a0<\/span><span style=\"font-weight: 400\">Il Santo Padre ha invitato tutti a partecipare a questa iniziativa. Il suo breve videomessaggio di invito \u00e8 disponibile <\/span><a href=\"https:\/\/laudatosiweek.org\/it\/home-it\/\"><span style=\"font-weight: 400\">qui<\/span><\/a><b>.<\/b><\/p>\n<p><span style=\"font-weight: 400\">Le conseguenze della pandemia di coronavirus hanno sconvolto la vita di milioni di persone.\u00a0<\/span><span style=\"font-weight: 400\">E\u2019 una benedizione che la Laudato si\u2019 ci insegni come costruire un mondo migliore, <\/span><i><span style=\"font-weight: 400\">insieme<\/span><\/i><span style=\"font-weight: 400\">.\u00a0<\/span><span style=\"font-weight: 400\">L\u2019insegnamento dell\u2019Enciclica \u00e8 che &#8220;tutto \u00e8 connesso&#8221;, e ora pi\u00f9 che mai ci rendiamo conto che il modo in cui ci trattiamo gli uni con gli altri, ci relazioniamo con il mondo in cui viviamo e rendiamo onore al nostro Creatore seguono la stessa direzione.<\/span><\/p>\n<p>Durante la Settimana Laudato Si\u2019, matureremo una maggiore consapevolezza attraverso la crisi di questo momento attuale, rifletteremo e ci prepareremo insieme per un futuro pi\u00f9 giusto e sostenibile.\u00a0<span style=\"font-weight: 400\">La Settimana Laudato Si\u2019 rappresenta il primo passo di un viaggio lungo un anno.\u00a0\u00a0<\/span><\/p>\n<p><span style=\"font-weight: 400\">Seminari formativi durante la settimana ci condurranno a <\/span><b>una giornata mondiale di preghiera il 24 maggio<\/b><span style=\"font-weight: 400\">, nella quale i cattolici di tutto il mondo si uniranno in solidariet\u00e0 pregando insieme a mezzogiorno, ora locale.<\/span><\/p>\n<p><span style=\"font-weight: 400\">Il viaggio della\u00a0 Settimana Laudato S\u00ec include tre momenti chiave:<\/span><\/p>\n<ul>\n<li style=\"font-weight: 400\"><span style=\"font-weight: 400\">Riflettere e prepararsi attraverso seminari formativi online dal 16 al 23 maggio\u00a0<\/span><\/li>\n<li style=\"font-weight: 400\"><span style=\"font-weight: 400\">Partecipare alla giornata di preghiera mondiale il 24 maggio\u00a0<\/span><\/li>\n<li style=\"font-weight: 400\"><span style=\"font-weight: 400\">Intraprendere le azioni pianificate durante questa preparazione in occasione di\u00a0 Tempo del Creato, dal 1 settembre al 4 ottobre.\u00a0<\/span><\/li>\n<\/ul>\n<p>La Fondazione Gesuiti Educazione, con tutte le nostre scuole, da tempo lavora intensamente sulle tematiche della Laudato S\u00ec, attuando una delle priorit\u00e0 dell&#8217;Action Statement di Rio de Janeiro, riguardo la cura della nostra casa comune, all&#8217;interno di un percorso lungo e articolato di educazione alla &#8220;Cittadinanza globale&#8221;.<\/p>\n<p>&#8220;Quest&#8217;anno 2020 nelle nostre scuole &#8211; dichiara Josephine Vassallo, referente della Fondazione Gesuiti Educazione per la cittadinanza globale &#8211; abbiamo celebrato il 50\u00b0 anniversario della Giornata della Terra e il 5\u00b0 anniversario dell&#8217;enciclica di Papa Francesco sull&#8217;ambiente. Entrambi gli anniversari ci aiutano a focalizzare la nostra attenzione e cura sulla nostra casa comune, la Terra, e a cercare risposte significative e sostenibili alla sua sofferenza.\u00a0Gli anniversari della Giornata della Terra e della Laudato Si ci hanno invitato a riunirci, riflettere e raccomandarci la Cura della Terra, la nostra Casa Comune.\u00a0La chiusura delle scuole a causa della pandemia non ci ha impedito di lavorare con i nostri studenti per riflettere sullo stato della nostra terra, specialmente nelle circostanze attuali. I nostri docenti di tutti i livelli e di varie discipline hanno cercato di essere creativi e innovativi nel coinvolgere i nostri studenti attraverso la tecnologia digitale per approfondire sul tema dell\u2019ecologia e riflettere su quello che succede adesso mentre il mondo \u00e8 alle prese con la pandemia del Coronavirus, come il rallentamento dell\u2019attivita\u2019 umana sta lasciando un impatto inaspettato ma positivo sul nostro pianeta&#8221;.<\/p>\n<p>Di seguito, vi riportiamo i link alle pagine delle nostre scuole, dove sono descritti i progetti, i materiali, i prodotti e quanto svolto nelle nostre scuole dai nostri ragazzi sui temi della Laudato S\u00ec.\u00a0La pagina \u00e8 in continuo aggiornamento con il materiale che ci viene segnalato dalle nostre scuole. Buona settimana della Laudato S\u00ec a tutti e buona lettura!<\/p>\n<p><strong>COLLEGIO S. IGNAZIO &#8211; MESSINA:<\/strong><a href=\"http:\/\/www.collegiosignazio.it\/wp\/2020\/04\/50-anniversario-della-giornata-della-terra-e-5-anniversario-dellenciclica-di-papa-francesco-sullambiente\/\"><img loading=\"lazy\" decoding=\"async\" class=\"aligncenter wp-image-2240\" src=\"https:\/\/educazione.gesuiti.it\/wp-content\/uploads\/sites\/9\/2020\/05\/laudato-si-messina-2-800x672.jpg\" alt=\"\" width=\"467\" height=\"392\" \/><\/a><a href=\"http:\/\/www.collegiosignazio.it\/wp\/2020\/04\/50-anniversario-della-giornata-della-terra-e-5-anniversario-dellenciclica-di-papa-francesco-sullambiente\/\">COLLEGIO S. IGNAZIO: http:\/\/www.collegiosignazio.it\/wp\/2020\/04\/50-anniversario-della-giornata-della-terra-e-5-anniversario-dellenciclica-di-papa-francesco-sullambiente\/<\/a><\/p>\n<hr \/>\n<p><strong>ISTITUTO SOCIALE &#8211; TORINO:<a href=\"https:\/\/istitutosociale.it\/2020\/05\/12\/settimana-laudato-si\/\" rel=\"https:\/\/istitutosociale.it\/2020\/05\/12\/settimana-laudato-si\/\"><img loading=\"lazy\" decoding=\"async\" class=\"aligncenter wp-image-2246 \" src=\"https:\/\/educazione.gesuiti.it\/wp-content\/uploads\/sites\/9\/2020\/05\/laudato-si-torino-1.jpg\" alt=\"\" width=\"486\" height=\"391\" srcset=\"https:\/\/www.gesuitieducazione.it\/wp-content\/uploads\/2020\/05\/laudato-si-torino-1.jpg 737w, https:\/\/www.gesuitieducazione.it\/wp-content\/uploads\/2020\/05\/laudato-si-torino-1-300x241.jpg 300w\" sizes=\"(max-width: 486px) 100vw, 486px\" \/><\/a><\/strong><\/p>\n<p><a href=\"https:\/\/istitutosociale.it\/2020\/05\/12\/settimana-laudato-si\/\">ISTITUTO SOCIALE : https:\/\/istitutosociale.it\/2020\/05\/12\/settimana-laudato-si\/<\/a><\/p>\n<hr \/>\n<p><strong>ISTITUTO GONZAGA ISP &#8211; PALERMO<\/strong>:<a href=\"http:\/\/www.gonzagapalermo.it\/giornata-mondiale-della-terra-gli-elaborati-dei-nostri-studenti\/\"><img loading=\"lazy\" decoding=\"async\" class=\"aligncenter wp-image-2238\" src=\"https:\/\/educazione.gesuiti.it\/wp-content\/uploads\/sites\/9\/2020\/05\/laudato-si-palermo-2-800x443.jpg\" alt=\"\" width=\"470\" height=\"260\" \/><\/a><a href=\"http:\/\/www.gonzagapalermo.it\/settimana-laudano-si-16-24-maggio\/\"><img loading=\"lazy\" decoding=\"async\" class=\"aligncenter wp-image-2260\" src=\"https:\/\/educazione.gesuiti.it\/wp-content\/uploads\/sites\/9\/2020\/05\/laudato-si-palermo-3-800x504.jpg\" alt=\"\" width=\"424\" height=\"267\" \/><\/a><\/p>\n<p><a href=\"http:\/\/www.gonzagapalermo.it\/giornata-mondiale-della-terra-gli-elaborati-dei-nostri-studenti\/\">ISTITUTO GONZAGA ISP:<\/a> <a href=\"http:\/\/www.gonzagapalermo.it\/giornata-mondiale-della-terra-gli-elaborati-dei-nostri-studenti\/\">http:\/\/www.gonzagapalermo.it\/giornata-mondiale-della-terra-gli-elaborati-dei-nostri-studenti\/<\/a><\/p>\n<hr \/>\n<p><strong>ISTITUTO MASSIMO &#8211; ROMA:<a href=\"https:\/\/www.istitutomassimo.it\/index.php\/2020\/05\/13\/50th-earth-day\/\"><img loading=\"lazy\" decoding=\"async\" class=\"aligncenter wp-image-2251\" src=\"https:\/\/educazione.gesuiti.it\/wp-content\/uploads\/sites\/9\/2020\/05\/laudato-si-roma-800x485.jpg\" alt=\"\" width=\"470\" height=\"285\" \/><\/a><a href=\"https:\/\/www.istitutomassimo.it\/index.php\/2020\/05\/13\/50th-earth-day\"><img loading=\"lazy\" decoding=\"async\" class=\"aligncenter wp-image-2262\" src=\"https:\/\/educazione.gesuiti.it\/wp-content\/uploads\/sites\/9\/2020\/05\/laudato-si-roma2-800x301.jpg\" alt=\"\" width=\"399\" height=\"150\" \/><\/a><\/strong><\/p>\n<p><a href=\"https:\/\/www.istitutomassimo.it\/index.php\/2020\/05\/13\/50th-earth-day\/\">ISTITUTO MASSIMO: https:\/\/www.istitutomassimo.it\/index.php\/2020\/05\/13\/50th-earth-day<\/a><\/p>\n<p>&nbsp;<\/p>\n<hr \/>\n<p><strong>ISTITUTO PONTANO &#8211; NAPOLI:<\/strong><a href=\"http:\/\/www.istitutopontano.it\/events\/settimana-laudato-si\/\"><img loading=\"lazy\" decoding=\"async\" class=\"aligncenter wp-image-2252\" src=\"https:\/\/educazione.gesuiti.it\/wp-content\/uploads\/sites\/9\/2020\/05\/laudato-si-Napoli-800x419.jpg\" alt=\"\" width=\"546\" height=\"286\" \/><\/a><a href=\"http:\/\/www.istitutopontano.it\/events\/settimana-laudato-si\/\"><img loading=\"lazy\" decoding=\"async\" class=\"aligncenter wp-image-2264\" src=\"https:\/\/educazione.gesuiti.it\/wp-content\/uploads\/sites\/9\/2020\/05\/laudato-si-Napoli2-800x521.jpg\" alt=\"\" width=\"593\" height=\"386\" \/><\/a><\/p>\n<p><a href=\"http:\/\/www.istitutopontano.it\/events\/settimana-laudato-si\/\">ISTITUTO PONTANO: http:\/\/www.istitutopontano.it\/events\/settimana-laudato-si\/<\/a><\/p>\n<p>&nbsp;<\/p>\n<hr \/>\n<p><strong>ATE P. MESHKALLA &#8211; SCUTARI:<a href=\"https:\/\/sites.google.com\/meshkalla.edu.al\/laudatosi\"><img loading=\"lazy\" decoding=\"async\" class=\"aligncenter size-medium wp-image-2257\" src=\"https:\/\/educazione.gesuiti.it\/wp-content\/uploads\/sites\/9\/2020\/05\/laudato-si-Scutari-1-800x185.jpg\" alt=\"\" width=\"800\" height=\"185\" \/><\/a> <a href=\"https:\/\/sites.google.com\/meshkalla.edu.al\/laudatosi\"><img loading=\"lazy\" decoding=\"async\" class=\"aligncenter size-medium wp-image-2258\" src=\"https:\/\/educazione.gesuiti.it\/wp-content\/uploads\/sites\/9\/2020\/05\/laudato-si-Scutari2-800x377.jpg\" alt=\"\" width=\"800\" height=\"377\" \/><\/a><\/strong><\/p>\n<p><a href=\"https:\/\/sites.google.com\/meshkalla.edu.al\/laudatosi\">MESHKALLA: https:\/\/sites.google.com\/meshkalla.edu.al\/laudatosi<\/a><\/p>\n<hr \/>\n<p><strong>ST. ALOYSIUS COLLEGE &#8211; MALTA:<\/strong><a href=\"http:\/\/www.saintaloysius.edu.mt\/content.aspx?id=366462#.Xr7KxGgzZPY\"><img loading=\"lazy\" decoding=\"async\" class=\"aligncenter size-medium wp-image-2256\" src=\"https:\/\/educazione.gesuiti.it\/wp-content\/uploads\/sites\/9\/2020\/05\/laudato-si-malta-800x644.jpg\" alt=\"\" width=\"800\" height=\"644\" \/><\/a><\/p>\n<p><a href=\"http:\/\/www.saintaloysius.edu.mt\/content.aspx?id=366462#.Xr7KxGgzZPY\">ST. ALOYSIUS: http:\/\/www.saintaloysius.edu.mt\/content.aspx?id=366462#.Xr7KxGgzZPY<\/a><\/p>\n<hr \/>\n<p><strong>ISTITUTO LEONE XIII &#8211; MILANO:<\/strong><a href=\"https:\/\/www.leonexiii.it\/2020\/05\/15\/settimana-laudato-si\"><img loading=\"lazy\" decoding=\"async\" class=\"aligncenter size-full wp-image-2267\" src=\"https:\/\/educazione.gesuiti.it\/wp-content\/uploads\/sites\/9\/2020\/05\/laudato-si-milano.jpg\" alt=\"\" width=\"772\" height=\"668\" srcset=\"https:\/\/www.gesuitieducazione.it\/wp-content\/uploads\/2020\/05\/laudato-si-milano.jpg 772w, https:\/\/www.gesuitieducazione.it\/wp-content\/uploads\/2020\/05\/laudato-si-milano-300x260.jpg 300w, https:\/\/www.gesuitieducazione.it\/wp-content\/uploads\/2020\/05\/laudato-si-milano-768x665.jpg 768w\" sizes=\"(max-width: 772px) 100vw, 772px\" \/><\/a><\/p>\n<p><a href=\"https:\/\/www.leonexiii.it\/2020\/05\/15\/settimana-laudato-si\">LEONE XIII: https:\/\/www.leonexiii.it\/2020\/05\/15\/settimana-laudato-si<\/a><\/p>\n","protected":false},"excerpt":{"rendered":"<p>La Fondazione Gesuiti Educazione, come rete di scuole, \u00e8 partner internazionale della Settimana Laudato s\u00ec, che si svolger\u00e0 dal 16 al 24 maggio 2020.<\/p>\n","protected":false},"author":4,"featured_media":2244,"comment_status":"closed","ping_status":"open","sticky":false,"template":"","format":"standard","meta":{"_acf_changed":false,"footnotes":""},"categories":[10],"tags":[],"istituto":[],"partner":[],"class_list":["post-2221","post","type-post","status-publish","format-standard","has-post-thumbnail","hentry","category-notizie"],"acf":[],"_links":{"self":[{"href":"https:\/\/www.gesuitieducazione.it\/en\/wp-json\/wp\/v2\/posts\/2221"}],"collection":[{"href":"https:\/\/www.gesuitieducazione.it\/en\/wp-json\/wp\/v2\/posts"}],"about":[{"href":"https:\/\/www.gesuitieducazione.it\/en\/wp-json\/wp\/v2\/types\/post"}],"author":[{"embeddable":true,"href":"https:\/\/www.gesuitieducazione.it\/en\/wp-json\/wp\/v2\/users\/4"}],"replies":[{"embeddable":true,"href":"https:\/\/www.gesuitieducazione.it\/en\/wp-json\/wp\/v2\/comments?post=2221"}],"version-history":[{"count":0,"href":"https:\/\/www.gesuitieducazione.it\/en\/wp-json\/wp\/v2\/posts\/2221\/revisions"}],"wp:featuredmedia":[{"embeddable":true,"href":"https:\/\/www.gesuitieducazione.it\/en\/wp-json\/wp\/v2\/media\/2244"}],"wp:attachment":[{"href":"https:\/\/www.gesuitieducazione.it\/en\/wp-json\/wp\/v2\/media?parent=2221"}],"wp:term":[{"taxonomy":"category","embeddable":true,"href":"https:\/\/www.gesuitieducazione.it\/en\/wp-json\/wp\/v2\/categories?post=2221"},{"taxonomy":"post_tag","embeddable":true,"href":"https:\/\/www.gesuitieducazione.it\/en\/wp-json\/wp\/v2\/tags?post=2221"},{"taxonomy":"istituto","embeddable":true,"href":"https:\/\/www.gesuitieducazione.it\/en\/wp-json\/wp\/v2\/istituto?post=2221"},{"taxonomy":"partner","embeddable":true,"href":"https:\/\/www.gesuitieducazione.it\/en\/wp-json\/wp\/v2\/partner?post=2221"}],"curies":[{"name":"wp","href":"https:\/\/api.w.org\/{rel}","templated":true}]}}