{"id":2213,"date":"2020-05-07T10:52:57","date_gmt":"2020-05-07T08:52:57","guid":{"rendered":"https:\/\/educazione.gesuiti.it\/?p=2213"},"modified":"2020-05-07T10:52:57","modified_gmt":"2020-05-07T08:52:57","slug":"roma-vogliamo-fare-scuola-la-campagna-della-fidae","status":"publish","type":"post","link":"https:\/\/www.gesuitieducazione.it\/en\/roma-vogliamo-fare-scuola-la-campagna-della-fidae\/","title":{"rendered":"Roma. Vogliamo fare scuola &#8211; la campagna della FIDAE"},"content":{"rendered":"<p>Vogliamo fare scuola \u00e8 lo slogan scelto dalla <a href=\"https:\/\/www.fidae.it\/\">Fidae<\/a> per lanciare un percorso di collaborazione tra scuole, enti locali e istituzioni in vista della riapertura delle scuole. Sono state settimane laboriose in cui accanto alla didattica a distanza le scuole paritarie hanno cominciato a pensare non solo a come tornare a scuola in sicurezza ma come rimotivare al valore pi\u00f9 profondo della scuola studenti, insegnanti e famiglie.<\/p>\n<p>Vogliamo fare scuola significa raccogliere il desiderio degli studenti di tutta Italia che in questi due mesi, con spirito di sacrificio e dedizione, hanno proseguito il corso di studi attraverso la Didattica a distanza, scoprendo tante modalit\u00e0 nuove di fare lezione.<\/p>\n<p>Vogliamo fare scuola \u00e8 anche la volont\u00e0 di tutti gli insegnanti che si sono adattati alle nuove modalit\u00e0 di lezione, che hanno cercato di superare barriere e ostacoli per tenere fede alla loro missione e continuare a trasmettere il sapere alle nuove generazioni.<\/p>\n<p>Vogliamo fare scuola vuol dire provare a mettere insieme il Manifesto della scuola che sogniamo, per andare alla radice delle nostre esperienze educative ma anche aprendoci a prospettive nuove (l\u2019ambiente, la cultura digitale, l\u2019intelligenza connettiva, l\u2019empatia).<\/p>\n<p>Vogliamo dire ai nostri ragazzi che li stiamo aspettando e alle loro famiglie che ci prenderemo cura dei loro figli, con responsabilit\u00e0 e sicurezza.<\/p>\n<p>&nbsp;<\/p>\n<blockquote class=\"wp-embedded-content\" data-secret=\"csYNzCmlHy\"><p><a href=\"https:\/\/www.fidae.it\/vogliamofarescuola\/\">Campagna Fidae #vogliamofarescuola<\/a><\/p><\/blockquote>\n<p><iframe loading=\"lazy\" class=\"wp-embedded-content\" sandbox=\"allow-scripts\" security=\"restricted\" style=\"position: absolute; clip: rect(1px, 1px, 1px, 1px);\" title=\"&#8220;Campagna Fidae #vogliamofarescuola&#8221; &#8212; Fidae.it\" src=\"https:\/\/www.fidae.it\/vogliamofarescuola\/embed\/#?secret=4MyBdl1mh8#?secret=csYNzCmlHy\" data-secret=\"csYNzCmlHy\" width=\"500\" height=\"282\" frameborder=\"0\" marginwidth=\"0\" marginheight=\"0\" scrolling=\"no\"><\/iframe><\/p>\n","protected":false},"excerpt":{"rendered":"<p>La Fondazione\u00a0#GesuitiEducazione\u00a0aderisce al progetto\u00a0#vogliamofarescuola, promosso dalla\u00a0Fidae &#8211; Scuole cattoliche italiane, per mettere intorno ad un unico tavolo tutti coloro che hanno a cuore la scuola italiana e il futuro di tutti gli studenti.<\/p>\n","protected":false},"author":4,"featured_media":2215,"comment_status":"closed","ping_status":"open","sticky":false,"template":"","format":"standard","meta":{"_acf_changed":false,"footnotes":""},"categories":[10],"tags":[150],"istituto":[],"partner":[],"class_list":["post-2213","post","type-post","status-publish","format-standard","has-post-thumbnail","hentry","category-notizie","tag-fidae"],"acf":[],"_links":{"self":[{"href":"https:\/\/www.gesuitieducazione.it\/en\/wp-json\/wp\/v2\/posts\/2213"}],"collection":[{"href":"https:\/\/www.gesuitieducazione.it\/en\/wp-json\/wp\/v2\/posts"}],"about":[{"href":"https:\/\/www.gesuitieducazione.it\/en\/wp-json\/wp\/v2\/types\/post"}],"author":[{"embeddable":true,"href":"https:\/\/www.gesuitieducazione.it\/en\/wp-json\/wp\/v2\/users\/4"}],"replies":[{"embeddable":true,"href":"https:\/\/www.gesuitieducazione.it\/en\/wp-json\/wp\/v2\/comments?post=2213"}],"version-history":[{"count":0,"href":"https:\/\/www.gesuitieducazione.it\/en\/wp-json\/wp\/v2\/posts\/2213\/revisions"}],"wp:featuredmedia":[{"embeddable":true,"href":"https:\/\/www.gesuitieducazione.it\/en\/wp-json\/wp\/v2\/media\/2215"}],"wp:attachment":[{"href":"https:\/\/www.gesuitieducazione.it\/en\/wp-json\/wp\/v2\/media?parent=2213"}],"wp:term":[{"taxonomy":"category","embeddable":true,"href":"https:\/\/www.gesuitieducazione.it\/en\/wp-json\/wp\/v2\/categories?post=2213"},{"taxonomy":"post_tag","embeddable":true,"href":"https:\/\/www.gesuitieducazione.it\/en\/wp-json\/wp\/v2\/tags?post=2213"},{"taxonomy":"istituto","embeddable":true,"href":"https:\/\/www.gesuitieducazione.it\/en\/wp-json\/wp\/v2\/istituto?post=2213"},{"taxonomy":"partner","embeddable":true,"href":"https:\/\/www.gesuitieducazione.it\/en\/wp-json\/wp\/v2\/partner?post=2213"}],"curies":[{"name":"wp","href":"https:\/\/api.w.org\/{rel}","templated":true}]}}