{"id":2204,"date":"2020-05-05T14:17:35","date_gmt":"2020-05-05T12:17:35","guid":{"rendered":"https:\/\/educazione.gesuiti.it\/?p=2204"},"modified":"2020-05-05T14:17:35","modified_gmt":"2020-05-05T12:17:35","slug":"roma-p-cacchione-nuovo-responsabile-della-pastorale","status":"publish","type":"post","link":"https:\/\/www.gesuitieducazione.it\/en\/roma-p-cacchione-nuovo-responsabile-della-pastorale\/","title":{"rendered":"Roma. P. Cacchione nuovo responsabile della Pastorale"},"content":{"rendered":"<p>\u201cPadre\u00a0Eraldo\u00a0ha una vasta esperienza nell&#8217;apostolato educativo \u2013 dichiara Padre Jimmy Bartolo SJ, Presidente della Fondazione Gesuiti Educazione &#8211; ed \u00e8 quindi una preziosa risorsa per tutta la rete. Desidero ringraziare ancora una volta di cuore P. Salvo Collura per l&#8217;ottimo e generoso lavoro svolto per tanti studenti e personale delle nostre scuole\u201d.<\/p>\n<p>Eraldo\u00a0Cacchione si \u00e8 laureato in Giurisprudenza all\u2019Universit\u00e0 degli Studi di Milano. Ha conseguito il Baccalaureato ecclesiastico in Filosofia presso l&#8217;Istituto di Studi Filosofici \u201cAloisianum\u201d di Padova, il Bacalaureato in Sacra Teologia presso la P.F.T.I.M, Sezione San Luigi di Napoli, e la Licenza in Sacra Teologia presso la JSTB di Berkeley, California. Ha conseguito il Master in Catholic School Leadership presso la USF di San Francisco. Co-fondatore del Centro Studi ImparaDigitale. Ha collaborato con l&#8217;IVALSI, il Co.Dir.E.S e il Centro Studi Scuola Cattolica della CEI. In ambito educativo ha insegnato e si \u00e8 occupato di pastorale scolastica in diversi collegi gesuiti in Italia e all\u2019estero. Si \u00e8 occupato di musica e teatro, producendo un\u2019opera inedita su San Francesco Saverio, un musical e un\u2019opera teatrale studentesca. E\u2019 stato preside delle medie e dei licei all&#8217;Istituto Gonzaga di Palermo. Ha fondato e dirige il Corso di Formazione alla Spiritualit\u00e0 nella Musica \u201cZipoli\u201d. Attualmente si occupa anche di Pastorale dei Rom a Scampia.<\/p>\n<p>\u201cSono grato a Dio \u2013 dichiara Padre Eraldo &#8211; perch\u00e9 mi ha dato l\u2019occasione di mettermi al Suo servizio in due delle quattro Preferenze Apostoliche Universali della Compagnia: la seconda: \u201ccamminare insieme ai poveri, agli esclusi dal mondo, feriti nella propria dignit\u00e0, in una missione di riconciliazione e di giustizia\u201d attraverso il lavoro con i Rom di Scampia; e la terza: \u201caccompagnare i giovani nella creazione di un futuro di speranza\u201d attraverso la pastorale scolastica. Scorgo numerosi punti di incontro e intersezione tra le due.<\/p>\n<p>Quanto alla pastorale scolastica dei collegi, mi sento di dire che ora pi\u00f9 che mai &#8211; anche in virt\u00f9 di ci\u00f2 che lo Spirito ci sta suggerendo attraverso l\u2019esperienza della pandemia da Covid &#8211; \u00e8 necessario educare i giovani che accedono alle nostre scuole all\u2019attenzione. L\u2019attenzione\u00a0\u00e8 l\u2019unit\u00e0 vissuta tra il percorso educativo \u201ccognitivo\u201d e l\u2019incontro con Dio nella fede. Simone Weil tocca questo punto in un saggio sull\u2019educazione a mio avviso fondamentale, intitolato \u201cRiflessioni sull\u2019utilit\u00e0 degli studi scolastici al fine dell\u2019amore di Dio\u201d (1942). Riporto un breve passaggio di questo testo che prendo come punto \u201cispiratore\u201d di questo nuovo mandato:\u00a0 \u201cFortunati dunque coloro che dedicano l\u2019adolescenza e la giovent\u00f9 soltanto a sviluppare questo potere d\u2019attenzione. Non che essi, ovviamente, siano pi\u00f9 vicini al bene dei loro fratelli che lavorano nei campi e nelle officine. Sono vicini in maniera diversa. I contadini e gli operai gustano la vicinanza di Dio in quel modo incomparabile che \u00e8 proprio dell\u2019estrema povert\u00e0, di chi non ha posto nella considerazione sociale, di chi conosce le lunghe, lente sofferenze. Ma se si considera l\u2019essenza delle occupazioni, gli studi sono pi\u00f9 vicini a Dio, a causa dell\u2019attenzione che ne costituisce l\u2019anima. Chi trascorre gli anni degli studi senza sviluppare in s\u00e9 quest\u2019attenzione, ha perso un grande tesoro. Non soltanto l\u2019amore di Dio \u00e8 sostanzialmente fatto di attenzione: l\u2019amore del prossimo, che sappiamo essere il medesimo amore, \u00e8 fatto della stessa sostanza. Gli sventurati non hanno bisogno d\u2019altro, a questo mondo, che di uomini capaci di prestar loro attenzione. La capacit\u00e0 di prestare attenzione a uno sventurato \u00e8 cosa rarissima, difficilissima; \u00e8 quasi un miracolo, \u00e8 un miracolo. Quasi tutti coloro che credono di avere questa capacit\u00e0, non l\u2019hanno. Il calore, lo slancio del sentimento, la piet\u00e0 non bastano.\u201d<\/p>\n<p>&nbsp;<\/p>\n","protected":false},"excerpt":{"rendered":"<p>Il Padre Provinciale ha nominato Padre Eraldo Cacchione SJ come nuovo responsabile della Pastorale di rete per la Fondazione Gesuiti Educazione. Padre Eraldo \u00e8 anche nominato Consigliere nel Consiglio di Amministrazione della Fondazione, subentrando al Padre Salvo Collura SJ.<\/p>\n","protected":false},"author":4,"featured_media":2205,"comment_status":"closed","ping_status":"open","sticky":false,"template":"","format":"standard","meta":{"_acf_changed":false,"footnotes":""},"categories":[10],"tags":[],"istituto":[],"partner":[],"class_list":["post-2204","post","type-post","status-publish","format-standard","has-post-thumbnail","hentry","category-notizie"],"acf":[],"_links":{"self":[{"href":"https:\/\/www.gesuitieducazione.it\/en\/wp-json\/wp\/v2\/posts\/2204"}],"collection":[{"href":"https:\/\/www.gesuitieducazione.it\/en\/wp-json\/wp\/v2\/posts"}],"about":[{"href":"https:\/\/www.gesuitieducazione.it\/en\/wp-json\/wp\/v2\/types\/post"}],"author":[{"embeddable":true,"href":"https:\/\/www.gesuitieducazione.it\/en\/wp-json\/wp\/v2\/users\/4"}],"replies":[{"embeddable":true,"href":"https:\/\/www.gesuitieducazione.it\/en\/wp-json\/wp\/v2\/comments?post=2204"}],"version-history":[{"count":0,"href":"https:\/\/www.gesuitieducazione.it\/en\/wp-json\/wp\/v2\/posts\/2204\/revisions"}],"wp:featuredmedia":[{"embeddable":true,"href":"https:\/\/www.gesuitieducazione.it\/en\/wp-json\/wp\/v2\/media\/2205"}],"wp:attachment":[{"href":"https:\/\/www.gesuitieducazione.it\/en\/wp-json\/wp\/v2\/media?parent=2204"}],"wp:term":[{"taxonomy":"category","embeddable":true,"href":"https:\/\/www.gesuitieducazione.it\/en\/wp-json\/wp\/v2\/categories?post=2204"},{"taxonomy":"post_tag","embeddable":true,"href":"https:\/\/www.gesuitieducazione.it\/en\/wp-json\/wp\/v2\/tags?post=2204"},{"taxonomy":"istituto","embeddable":true,"href":"https:\/\/www.gesuitieducazione.it\/en\/wp-json\/wp\/v2\/istituto?post=2204"},{"taxonomy":"partner","embeddable":true,"href":"https:\/\/www.gesuitieducazione.it\/en\/wp-json\/wp\/v2\/partner?post=2204"}],"curies":[{"name":"wp","href":"https:\/\/api.w.org\/{rel}","templated":true}]}}