{"id":2195,"date":"2020-04-29T23:23:46","date_gmt":"2020-04-29T21:23:46","guid":{"rendered":"https:\/\/educazione.gesuiti.it\/?p=2195"},"modified":"2020-04-29T23:23:46","modified_gmt":"2020-04-29T21:23:46","slug":"torino-i-soldi-della-gita-scolastica-per-comprare-respiratori","status":"publish","type":"post","link":"https:\/\/www.gesuitieducazione.it\/en\/torino-i-soldi-della-gita-scolastica-per-comprare-respiratori\/","title":{"rendered":"Torino. I soldi della gita scolastica per comprare respiratori"},"content":{"rendered":"<p>Gioved\u00ec 27 febbraio gli studenti dei Licei dell&#8217;<a href=\"http:\/\/www.istitutosociale.it\">Istituto Sociale<\/a> avrebbero dovuto partecipare alla \u201cgiornata sulla neve\u201d a Sestriere, una giornata di attivit\u00e0 sportive, proprio nella settimana dello Sport. Purtroppo pochi giorni prima, con lo scoppio dell\u2019emergenza per il Coronavirus, tutte le scuole sono state chiuse e le attivit\u00e0 sospese. <strong>E cos\u00ec i ragazzi hanno deciso di donare i soldi che hanno ottenuto dai rimborsi per questa giornata non effettuata alla Fondazione Specchio dei Tempi, a sostegno dei progetti sanitari avviati in Piemonte per questa pandemia. La somma totale ammonta a 2.240 \u20ac.<\/strong><\/p>\n<p><em>\u201cUna volta ufficializzato il DPCM, gli studenti si sono subito chiesti quando avrebbero ricevuto il rimborso dei soldi per la giornata: a questo punto ci \u00e8 venuto in mente, vista la situazione, di donare l\u2019intera somma a un ente benefico della citt\u00e0 di Torino\u201d<\/em>, raccontano i rappresentanti degli studenti dei Licei del Sociale. Subito tutti i rappresentanti hanno organizzato alcune riunioni (rigorosamente in via telematica) con gli studenti del triennio e del biennio, seguite a distanza anche dal preside, prof. Piero Cattaneo, che gi\u00e0 in quei giorni si trovava in rigorosissima quarantena, in piena \u201czona rossa\u201d, nell\u2019area vicina a Codogno, chiusa fin dai primissimi giorni del contagio.<\/p>\n<p>La risposta \u00e8 stata molto pi\u00f9 positiva di quanto si aspettassero: <em>\u201ci ragazzi sono stati entusiasti e molti hanno chiesto di potersi aggiungere alla raccolta, anche se non avevano versato per la giornata a Sestriere in precedenza\u201d<\/em>. Poi sono stati subito avvisati i genitori, favorevoli all\u2019iniziativa fin dall\u2019inizio.<\/p>\n<p>Una soddisfazione totale per gli alunni, <em>\u201cche si sono messi in prima linea in questa situazione di difficolt\u00e0 e hanno saputo sfruttare in modo ottimale le loro risorse\u201d <\/em>sottolineano soddisfatti i rappresentanti<em>.<\/em><\/p>\n<p>Anche la valutazione della realt\u00e0 a cui fare la donazione \u00e8 stata condivisa fra tutti i ragazzi coinvolti. <em>\u201cAbbiamo scelto la ONLUS Specchio dei Tempi dopo esserci informati accuratamente sulla sua storia: infatti gi\u00e0 nel 2009 con il terremoto in Abruzzo si era rivelata un grande aiuto. Ora con la donazione di respiratori e strumentazione sanitaria sta combattendo insieme agli ospedali il Covid-19\u201d<\/em>.<\/p>\n<p>Un percorso che ha reso tutti pi\u00f9 consapevoli della propria capacit\u00e0 di rispondere in fretta a una situazione di emergenza e dei nuovi legami creati da un gesto semplice, ma significativo. E a noi piace dare voce proprio ai ragazzi, che da inizio marzo non possono pi\u00f9 vedersi in aula, ma hanno dimostrato di essere sempre e comunque una grande, unica classe. Questa bellissima iniziativa \u00e8 un esempio della cura e dell\u2019attenzione agli altri, cardine della pedagogia della nostra scuola, diretta dai Padri Gesuiti a Torino dal 1881, che mira a formare persone \u201caperte agli altri\u201d, e riflette, secondo le parole di Papa Francesco, la pedagogia di \u201cmente, cuore e mani\u201d.<\/p>\n<p><em>\u201cNon mi sarei mai aspettato che da una proposta, nata quasi per caso, si sarebbe arrivati, con il consenso unitario di tutta la nostra scuola, ad una cifra cosi grande per degli studenti\u201d<\/em>, Clemente, rappresentante degli studenti nel consiglio dei licei.<\/p>\n<p><em>\u201cSono molto stupito di come la nostra scuola e tutti gli studenti, senza pensarci due volte, si siano prontamente attivati nel donare, anche se nel loro piccolo, per dare un aiuto alla loro citt\u00e0\u201d<\/em>, Alberto, rappresentante degli studenti nel consiglio dei licei.<\/p>\n<p><em>\u201cSono fiera di come gli studenti di tutte le classi, dalle prime alle quinte, pur non conoscendosi o essendosi visti di rado nei corridoi della nostra scuola, abbiano fatto fronte, tutti insieme, come una grande famiglia, a questo problema, mettendo a disposizione loro stessi in vista di un unico scopo\u201d<\/em> Benedetta, rappresentante degli studenti nel consiglio dei licei.<\/p>\n<p><em>\u201cQuando abbiamo saputo della proposta e della grande adesione e partecipazione da parte di tutti noi, abbiamo trasformato una giornata cancellata in un\u2019opportunit\u00e0 per sentirsi utili ed in qualche modo ripagati di quell\u2019occasione persa<\/em>\u201d, Mattia, V Scientifico<\/p>\n<p><em>\u201cL\u2019iniziativa di donare i soldi raccolti per la Giornata sulla Neve per una causa cos\u00ec \u2018nobile\u2019 mi fa riflettere su quale sia la vera identit\u00e0 del Sociale: non sono una scuola ma una vera e propria famiglia\u201d<\/em>, Vittoria, IV Classico.<\/p>\n<p><em>\u201cLa donazione da noi fatta, \u00e8 un atto di stupenda generosit\u00e0 e altruismo, come \u00e8 giusto che sia in questo periodo. Questo mi fa capire, che dovrei spronare le persone ad essere pi\u00f9 generose, in ogni momento, e non per via della crisi o altro, ma perch\u00e9 siamo umani solo quando siamo uniti\u201d<\/em>, Luca, III Sportivo.<\/p>\n<p><em>\u201cDonare i soldi che avevano inizialmente versato per la giornata ai medici che si stanno battendo per salvare le nostre vite \u00e8 un modo da parte di ognuno di noi di dare il proprio piccolo ma importante contributo in questo momento particolare che stiamo vivendo. Chiss\u00e0, magari con tutti i soldi raccolti, potranno acquistare una bombola d\u2019ossigeno che salver\u00e0 la vita a una persona&#8230;\u201d<\/em>, Elisa, III Classico.<\/p>\n","protected":false},"excerpt":{"rendered":"<p>Gli studenti dei Licei dell\u2019Istituto Sociale di Torino hanno donato alla Fondazione Specchio dei Tempi i soldi raccolti per la gita scolastica che non hanno potuto effettuare a causa del Coronavirus. Un bel gesto di solidariet\u00e0 partito proprio dagli studenti stessi.<\/p>\n","protected":false},"author":4,"featured_media":2196,"comment_status":"closed","ping_status":"open","sticky":false,"template":"","format":"standard","meta":{"_acf_changed":false,"footnotes":""},"categories":[10],"tags":[50,205,207],"istituto":[],"partner":[],"class_list":["post-2195","post","type-post","status-publish","format-standard","has-post-thumbnail","hentry","category-notizie","tag-istituto-sociale","tag-coronavirus","tag-covid19"],"acf":[],"_links":{"self":[{"href":"https:\/\/www.gesuitieducazione.it\/en\/wp-json\/wp\/v2\/posts\/2195"}],"collection":[{"href":"https:\/\/www.gesuitieducazione.it\/en\/wp-json\/wp\/v2\/posts"}],"about":[{"href":"https:\/\/www.gesuitieducazione.it\/en\/wp-json\/wp\/v2\/types\/post"}],"author":[{"embeddable":true,"href":"https:\/\/www.gesuitieducazione.it\/en\/wp-json\/wp\/v2\/users\/4"}],"replies":[{"embeddable":true,"href":"https:\/\/www.gesuitieducazione.it\/en\/wp-json\/wp\/v2\/comments?post=2195"}],"version-history":[{"count":0,"href":"https:\/\/www.gesuitieducazione.it\/en\/wp-json\/wp\/v2\/posts\/2195\/revisions"}],"wp:featuredmedia":[{"embeddable":true,"href":"https:\/\/www.gesuitieducazione.it\/en\/wp-json\/wp\/v2\/media\/2196"}],"wp:attachment":[{"href":"https:\/\/www.gesuitieducazione.it\/en\/wp-json\/wp\/v2\/media?parent=2195"}],"wp:term":[{"taxonomy":"category","embeddable":true,"href":"https:\/\/www.gesuitieducazione.it\/en\/wp-json\/wp\/v2\/categories?post=2195"},{"taxonomy":"post_tag","embeddable":true,"href":"https:\/\/www.gesuitieducazione.it\/en\/wp-json\/wp\/v2\/tags?post=2195"},{"taxonomy":"istituto","embeddable":true,"href":"https:\/\/www.gesuitieducazione.it\/en\/wp-json\/wp\/v2\/istituto?post=2195"},{"taxonomy":"partner","embeddable":true,"href":"https:\/\/www.gesuitieducazione.it\/en\/wp-json\/wp\/v2\/partner?post=2195"}],"curies":[{"name":"wp","href":"https:\/\/api.w.org\/{rel}","templated":true}]}}