{"id":2072,"date":"2019-11-14T23:22:11","date_gmt":"2019-11-14T22:22:11","guid":{"rendered":"https:\/\/educazione.gesuiti.it\/?p=2072"},"modified":"2019-11-14T23:22:11","modified_gmt":"2019-11-14T22:22:11","slug":"gressoney-le-direzioni-al-lavoro-su-tre-linee-di-azione-per-le-scuole","status":"publish","type":"post","link":"https:\/\/www.gesuitieducazione.it\/en\/gressoney-le-direzioni-al-lavoro-su-tre-linee-di-azione-per-le-scuole\/","title":{"rendered":"Gressoney. Le Direzioni al lavoro su tre linee di azione per le scuole"},"content":{"rendered":"<p>E&#8217; ormai un appuntamento fisso del mese di Novembre questo seminario di formazione, programmazione e aggiornamento per le Direzioni, nella splendida cornice delle montagne valdostane.<\/p>\n<p>In modo particolare, in questa edizione, le Direzioni delle scuole hanno lavorato intensamente su tre linee di azione per questo anno scolastico.<\/p>\n<p>Le prime due linee sono in realt\u00e0 il proseguimento dei lavori avviati gi\u00e0 lo scorso anno. In particolare, si tratta di portare avanti e promuovere ulteriormente le due priorit\u00e0 scelte tra quelle dell&#8217;Action Statement di Jesedu Rio. Esse sono la politica ambientale con la cura della nostra casa comune (sulla linea tracciata da Papa Francesco con la Laudato s\u00ec) e la pratica dell&#8217;Examen nella vita quotidiana delle nostre scuole come momento &#8220;privilegiato&#8221; di rilettura delle esperienze vissute, di riflessione e di crescita.<\/p>\n<p>Durante le varie sessioni di lavori si sono condivisi esempi di &#8220;good practices&#8221;, iniziative, attivit\u00e0, progetti realizzati con successo nelle diverse realt\u00e0. Ora, riguardo al primo aspetto, la sfida diventa quella di realizzare una vera &#8220;politica ambientale&#8221; per la scuola. Per quanto concerne l&#8217;Examen, invece, si sono condivise molte iniziative ed esempi di &#8220;applicazione&#8221; di successo, soprattutto nelle scuole Primarie. L&#8217;impegno diventa ora quello di estendere la pratica dell&#8217;Examen a tutti i plessi di tutte le scuole, soprattutto alla Secondaria di primo grado e ai Licei.<\/p>\n<p><a href=\"https:\/\/educazione.gesuiti.it\/wp-content\/uploads\/sites\/9\/2019\/11\/2019-11-07-Gressoney2.jpg\"><img loading=\"lazy\" decoding=\"async\" class=\"aligncenter wp-image-2074\" src=\"https:\/\/educazione.gesuiti.it\/wp-content\/uploads\/sites\/9\/2019\/11\/2019-11-07-Gressoney2-800x600.jpg\" alt=\"\" width=\"467\" height=\"349\" \/><\/a><\/p>\n<p>A queste due linee se ne \u00e8 aggiunta una terza. Essa consiste nei lavori per la prevenzione e la tutela dei minori. Questa \u00e8 una priorit\u00e0 globale che si sono date tutte le scuole della Compagnia di Ges\u00f9 in tutto il mondo, come confermato e richiesto anche dal Padre Generale, Arturo Sosa.<\/p>\n<p>Una sessione di lavori \u00e8 stata poi dedicata ai lavori sul fundraising,\u00a0 in particolare per aprire alla possibilit\u00e0 di erogare pi\u00f9 borse di studio e realizzare quindi meglio una politica di inclusione. Non si tratta solo di fare fundraising per realizzare progetti e attivit\u00e0, ma si tratta di un percorso di apertura e un lavoro per rendere le nostre scuole pi\u00f9 inclusive.<\/p>\n<p>Un momento particolare \u00e8 stato poi dedicato a un &#8220;saluto&#8221; al P. Teresio Gianuzzi SJ che, dopo 15 anni, ha lasciato la Direzione del Cefaegi. Il P. Teresio, coadiuvato da una \u00e9quipe, ha curato molte decine di momenti formativi preziosi per docenti e direzioni. La Fondazione e le Direzioni hanno voluto esprimere il loro riconoscimento, la gratitudine e l&#8217;enorme valore del lavoro compiuto dal Cefaegi in questi anni sotto la guida di P. Teresio, che ora lascia la guida della formazione a P. Ronny Alessio SJ.<\/p>\n<p>&#8220;Sono molto contento per tutti i lavori che si stanno facendo per rendere le nostre scuole pi\u00f9 sostenibili e per educare sempre di pi\u00f9 i nostri ragazzi alla sostenibilit\u00e0 &#8211; ha commentato P. Jimmy Bartolo SJ, Presidente della Fondazione Gesuiti Educazione e Rettore del St. Alysius College di Malta &#8211; Anche l&#8217;introduzione della pratica dell&#8217;Examen sta portando dei buoni frutti. Abbiamo molte iniziative e molte tematiche su cui stiamo lavorando intensamente. E ora sentiamo anche l&#8217;esigenza di lavorare per integrare tutto questo lavoro nel Piano Apostolico della Provincia. Ci sono tanti Documenti preziosi che abbiamo a disposizione:\u00a0 le Preferenze Universali della Compagnia di Ges\u00f9, il Progetto Apostolico della Provincia Euromediterranea, l&#8217;Action Statement di Jesedu Rio e altri ancora. Mi ha molto colpito come dai lavori che abbiamo fatto emerga una chiarissima convergenza di tutti questi documenti sugli stessi punti e sugli stessi aspetti. Sono molto contento per il clima che c&#8217;\u00e8 stato in questi giorni. Si vede che tutti stiamo lavorando molto intensamente. C&#8217;erano esperti anche da Paesi diversi e tutti abbiamo lavorato insieme, in rete. Mi sembra che ad ogni incontro ci sentiamo sempre di pi\u00f9 davvero una comunit\u00e0 che cammina e lavora insieme&#8221;.<\/p>\n<p><a href=\"https:\/\/educazione.gesuiti.it\/wp-content\/uploads\/sites\/9\/2019\/11\/2019-11-07-Gressoney3.jpg\"><img loading=\"lazy\" decoding=\"async\" class=\"aligncenter wp-image-2075\" src=\"https:\/\/educazione.gesuiti.it\/wp-content\/uploads\/sites\/9\/2019\/11\/2019-11-07-Gressoney3-800x600.jpg\" alt=\"\" width=\"467\" height=\"350\" \/><\/a><\/p>\n","protected":false},"excerpt":{"rendered":"<p>Si \u00e8 tenuto a Gressoney, in Valle d&#8217;Aosta, presso la casa dei Gesuiti Villa Belvedere, dal 4 al 7 novembre, il Seminario per le Direzioni delle scuole della rete Gesuiti Educazione. <\/p>\n","protected":false},"author":4,"featured_media":2073,"comment_status":"closed","ping_status":"open","sticky":false,"template":"","format":"standard","meta":{"_acf_changed":false,"footnotes":""},"categories":[10],"tags":[],"istituto":[],"partner":[],"class_list":["post-2072","post","type-post","status-publish","format-standard","has-post-thumbnail","hentry","category-notizie"],"acf":[],"_links":{"self":[{"href":"https:\/\/www.gesuitieducazione.it\/en\/wp-json\/wp\/v2\/posts\/2072"}],"collection":[{"href":"https:\/\/www.gesuitieducazione.it\/en\/wp-json\/wp\/v2\/posts"}],"about":[{"href":"https:\/\/www.gesuitieducazione.it\/en\/wp-json\/wp\/v2\/types\/post"}],"author":[{"embeddable":true,"href":"https:\/\/www.gesuitieducazione.it\/en\/wp-json\/wp\/v2\/users\/4"}],"replies":[{"embeddable":true,"href":"https:\/\/www.gesuitieducazione.it\/en\/wp-json\/wp\/v2\/comments?post=2072"}],"version-history":[{"count":0,"href":"https:\/\/www.gesuitieducazione.it\/en\/wp-json\/wp\/v2\/posts\/2072\/revisions"}],"wp:featuredmedia":[{"embeddable":true,"href":"https:\/\/www.gesuitieducazione.it\/en\/wp-json\/wp\/v2\/media\/2073"}],"wp:attachment":[{"href":"https:\/\/www.gesuitieducazione.it\/en\/wp-json\/wp\/v2\/media?parent=2072"}],"wp:term":[{"taxonomy":"category","embeddable":true,"href":"https:\/\/www.gesuitieducazione.it\/en\/wp-json\/wp\/v2\/categories?post=2072"},{"taxonomy":"post_tag","embeddable":true,"href":"https:\/\/www.gesuitieducazione.it\/en\/wp-json\/wp\/v2\/tags?post=2072"},{"taxonomy":"istituto","embeddable":true,"href":"https:\/\/www.gesuitieducazione.it\/en\/wp-json\/wp\/v2\/istituto?post=2072"},{"taxonomy":"partner","embeddable":true,"href":"https:\/\/www.gesuitieducazione.it\/en\/wp-json\/wp\/v2\/partner?post=2072"}],"curies":[{"name":"wp","href":"https:\/\/api.w.org\/{rel}","templated":true}]}}