{"id":2051,"date":"2019-09-29T19:08:37","date_gmt":"2019-09-29T17:08:37","guid":{"rendered":"https:\/\/educazione.gesuiti.it\/?p=2051"},"modified":"2021-10-09T15:44:18","modified_gmt":"2021-10-09T13:44:18","slug":"roma-meg-e-collegi-una-reciprocita-di-relazioni","status":"publish","type":"post","link":"https:\/\/www.gesuitieducazione.it\/en\/roma-meg-e-collegi-una-reciprocita-di-relazioni\/","title":{"rendered":"Roma. MEG e Collegi: una reciprocit\u00e0 di relazioni"},"content":{"rendered":"<p>Si \u00e8 tenuto infatti gioved\u00ec 26 settembre il Consiglio di Direzione del <a href=\"https:\/\/www.meg-italia.it\">Movimento Eucaristico Giovanile<\/a> (MEG) presso i locali del Meg-Italia a San Saba, Roma. Durante l&#8217;incontro, il Responsabile della Pastorale dei Collegi, P. Salvo Collura SJ, ha avuto modo di presentare la situazione del MEG all&#8217;interno delle varie realt\u00e0 della rete Gesuiti Educazione e di aprire un tavolo di trattative che meglio identifichi la specificit\u00e0 della presenza del MEG nelle nostre Istituzioni scolastiche ed educative.<\/p>\n<p>&#8220;Un grande passo avanti nella costruzione di una &#8220;casa comune&#8221; &#8211; precisa P. Salvo &#8211; e di un chiaro e unitario modo di procedere mettendo al centro l formazione integrale dei nostri studenti e delle nostre studentesse&#8221;.<\/p>\n<p>Al centro dell&#8217;incontro, la reciprocit\u00e0 delle relazioni tra Meg e Collegio ospitante, la questione dei corsi di formazione per l&#8217;iniziazione cristiana (che attualmente rappresentano una situazione alquanto eterogenea e diversificata, anche in relazione alle posizioni differente delle varie Diocesi italiane), la gestione degli spazi e dei tempi degli incontri MEG, l&#8217;esigenza di continuit\u00e0 del cammino MEG all&#8217;interno dei collegi e nel passaggio dai collegi all&#8217;Universit\u00e0.<\/p>\n<p>Il Responsabile Nazionale del MEG, P. Andrea Picciau SJ, ha invitato tutti a riflettere sulla molteplicit\u00e0 delle forme espressive del MEG e sulla dignit\u00e0 che ciascuna riveste, nel costituirsi comunque come proposta di qualit\u00e0, libert\u00e0 e contenuto solido. Il tavolo di confronto manterr\u00e0 aperto il dialogo, nella speranza di poter ispirare ulteriori passi avanti anche tra le Istituzioni Scolastiche e gli altri Movimenti presenti al loro interno.<\/p>\n<p>Il Movimento Eucaristico Giovanile (MEG) \u00e8 uno dei tre movimenti di spiritualit\u00e0 ignaziana, insieme alla Comunit\u00e0 di Vita Cristiana (CVX) e alla Lega Missionaria Studenti (LMS). Sezione giovanile dell\u2019Apostolato della Preghiera, \u00e8 un Movimento ecclesiale promosso dai Padri Gesuiti ed \u00e8 nato in Francia all\u2019inizio del secolo scorso. \u00c8 presente in Italia come servizio alla Chiesa locale in molte parrocchie diocesane e in diversi istituti religiosi.<\/p>\n<p>Il Movimento vuole accompagnare i bambini, i ragazzi e i giovani, dagli 8 ai 24 anni fino all&#8217;elaborazione delle scelte importanti della vita. Si propone quindi di affiancarli nelle diverse tappe della loro maturazione attraverso una spiritualit\u00e0 che vede nell\u2019Eucaristia la fonte e il culmine della vita cristiana. Propone ai giovani un itinerario progressivo con una sempre pi\u00f9 intima conoscienza di Ges\u00f9 di Nazaret, per capire sempre meglio le implicazioni della sua Buona Notizia nella vita di ciascuno per la Chiesa e per il mondo. Alla fine del cammino, che arriva solitamente a completamento del ciclo universitario, i ragazzi identificano un ulteriore luogo di formazione spirituale nella comunit\u00e0 ecclesiale, mentre possono rimanere all\u2019interno del Movimento come Responsabili, dando il loro contributo di servizio nell\u2019accompagnamento dei ragazzi del MEG.<\/p>\n","protected":false},"excerpt":{"rendered":"<p>Il MEG e la rete Gesuiti Educazione stanno attuando una riflessione comune sulle relazioni reciproche e sulla necessit\u00e0 di concordare alcuni elementi e alcuni passi per un cammino congiunto ed efficace. Il 26 settembre, il Direttivo del MEG \u00e8 stata una occasione formale di incontro e di scambio. <\/p>\n","protected":false},"author":4,"featured_media":2053,"comment_status":"closed","ping_status":"open","sticky":false,"template":"","format":"standard","meta":{"_acf_changed":false,"footnotes":""},"categories":[10],"tags":[198],"istituto":[],"partner":[],"class_list":["post-2051","post","type-post","status-publish","format-standard","has-post-thumbnail","hentry","category-notizie","tag-meg"],"acf":[],"_links":{"self":[{"href":"https:\/\/www.gesuitieducazione.it\/en\/wp-json\/wp\/v2\/posts\/2051"}],"collection":[{"href":"https:\/\/www.gesuitieducazione.it\/en\/wp-json\/wp\/v2\/posts"}],"about":[{"href":"https:\/\/www.gesuitieducazione.it\/en\/wp-json\/wp\/v2\/types\/post"}],"author":[{"embeddable":true,"href":"https:\/\/www.gesuitieducazione.it\/en\/wp-json\/wp\/v2\/users\/4"}],"replies":[{"embeddable":true,"href":"https:\/\/www.gesuitieducazione.it\/en\/wp-json\/wp\/v2\/comments?post=2051"}],"version-history":[{"count":1,"href":"https:\/\/www.gesuitieducazione.it\/en\/wp-json\/wp\/v2\/posts\/2051\/revisions"}],"predecessor-version":[{"id":4266,"href":"https:\/\/www.gesuitieducazione.it\/en\/wp-json\/wp\/v2\/posts\/2051\/revisions\/4266"}],"wp:featuredmedia":[{"embeddable":true,"href":"https:\/\/www.gesuitieducazione.it\/en\/wp-json\/wp\/v2\/media\/2053"}],"wp:attachment":[{"href":"https:\/\/www.gesuitieducazione.it\/en\/wp-json\/wp\/v2\/media?parent=2051"}],"wp:term":[{"taxonomy":"category","embeddable":true,"href":"https:\/\/www.gesuitieducazione.it\/en\/wp-json\/wp\/v2\/categories?post=2051"},{"taxonomy":"post_tag","embeddable":true,"href":"https:\/\/www.gesuitieducazione.it\/en\/wp-json\/wp\/v2\/tags?post=2051"},{"taxonomy":"istituto","embeddable":true,"href":"https:\/\/www.gesuitieducazione.it\/en\/wp-json\/wp\/v2\/istituto?post=2051"},{"taxonomy":"partner","embeddable":true,"href":"https:\/\/www.gesuitieducazione.it\/en\/wp-json\/wp\/v2\/partner?post=2051"}],"curies":[{"name":"wp","href":"https:\/\/api.w.org\/{rel}","templated":true}]}}