{"id":2036,"date":"2019-09-10T21:11:34","date_gmt":"2019-09-10T19:11:34","guid":{"rendered":"https:\/\/educazione.gesuiti.it\/?p=2036"},"modified":"2019-09-10T21:11:34","modified_gmt":"2019-09-10T19:11:34","slug":"roma-una-giornata-per-la-terra","status":"publish","type":"post","link":"https:\/\/www.gesuitieducazione.it\/en\/roma-una-giornata-per-la-terra\/","title":{"rendered":"Roma. Una Giornata per la Terra"},"content":{"rendered":"<p>Ecco di seguito il saggio e il percorso.<\/p>\n<p><strong>Prova a valutare ci\u00f2 che hai fatto e come lo hai fatto per capire quanto hai appreso. Descrivi il percorso generale dell\u2019attivit\u00e0.<\/strong><\/p>\n<p>Prima di affrontare questa attivit\u00e0 facevo cose che adesso non farei, come: lasciare le luci accese quando non serve o sprecare oggetti che nel tempo avrei potuto riusare. Ma l\u2019ho fatto perch\u00e9 non conoscevo le conseguenze e pensavo che non sarebbe successo nulla se avessi lasciato le luci accese per qualche minuto in pi\u00f9. Ma quando ho scoperto che cosa pu\u00f2 succedere, ho iniziato ad impegnarmi al meglio per poter rimediare ai mei sbagli. All\u2019inizio ho pensato di lasciar stare perch\u00e9 pensavo che una sola persona non pu\u00f2 cambiare il mondo, ma poi ho pensato di e credo che con i miei compagni, la famiglia e i professori ci stiamo riuscendo, ma se e l\u2019aiuto di altre persone e credo di essere maturato molto facendo questo percorso.<\/p>\n<p>Dall\u2019incontro con Legambiente ho appreso molte cose, per esempio che dovremmo tutti aiutare il mondo perch\u00e9 lo stiamo letteralmente distruggendo. Ho appreso che si pu\u00f2 imparare anche ascoltando ci\u00f2 che pensano gli altri. La mia presentazione riguardava l\u2019Agenda 2030 che \u00e8 formata da vari obiettivi e che appunto entro il 2030 dobbiamo realizzare, anche per quanto riguarda la fame e la povert\u00e0. Quindi mi sento maturata e cresciuta e ora sono pi\u00f9 consapevole delle mie azioni. Sono molto contenta di questo progresso che ho fatto. Nel complesso abbiamo valorato molto bene e ci siamo divertiti tanto. Questo programma mi \u00e8 piaciuto veramente tanto perch\u00e9 prima pensavo che Tecnologia fosse una materia inutile e noiosa mentre con il passare del tempo ho cominciato ad apprezzarla e a metterci un grande impegni e alla fine i risultati ci sono stati. Questa materia \u00e8 molto particolare perch\u00e9 pensi che gli argomenti siano sempre gli stessi ma, secondo la mia opinione, ti fanno ragionare molto sulla situazione del nostro pianeta e quindi della nostra stessa vita.<\/p>\n<p>Questo percorso che ho fatto \u00e8 stato per me molto interessante. Adesso so che sta succedendo nel mondo e dobbiamo fare di tutto per salvarlo. Non sar\u00e0 una cosa semplice ma se tutti collaboreremo questo sar\u00e0 possibile. Devo ringraziare il prof. Olati per questo bellissimi percorso e spero che l\u2019anno possono lo sia altrettanto.<\/p>\n<p>&nbsp;<\/p>\n<p><strong>Possedevi gi\u00e0 conoscenze sull\u2019argomento? Se si, quali?<\/strong><\/p>\n<p>Possedevo conoscenze di user\u00f2 argomento solo da quando un giorno mio padre guardava il telegiornale e ho visto cosa stava succedendo al nostro pianeta de ero molto triste perch\u00e9 alla fine siamo noi che ci rimettiamo. Sapevo che la Terra era in difficolt\u00e0 ma ora riesco a rifletterci in modo migliore. Sfortunatamente prima dell\u2019attivit\u00e0 sapevo solamente che il riscaldamento globale era causato da noi e che su di noi sarebbero cadute le conseguenze. I gas serra li avevo sentiti nominare ma non sapevo cosa fossero. Avevo gi\u00e0 delle idee ma non erano chiare come ora. I nuovo argomenti che ho appreso sono stati fondamentali per la mia crescita. Sapevo che la plastica fosse inquinante ma non sapevo che fosse cosi pericolosa e ora mi pento per tutte le volte che mi \u00e8 caduto qualcosa per terra: non lo faro pi\u00f9!<\/p>\n<p><a href=\"https:\/\/educazione.gesuiti.it\/wp-content\/uploads\/sites\/9\/2019\/09\/2019-09-10-giornata-della-terra-MASSIMO2.jpeg\"><img loading=\"lazy\" decoding=\"async\" class=\"aligncenter wp-image-2039\" src=\"https:\/\/educazione.gesuiti.it\/wp-content\/uploads\/sites\/9\/2019\/09\/2019-09-10-giornata-della-terra-MASSIMO2.jpeg\" alt=\"\" width=\"460\" height=\"345\" srcset=\"https:\/\/www.gesuitieducazione.it\/wp-content\/uploads\/2019\/09\/2019-09-10-giornata-della-terra-MASSIMO2.jpeg 640w, https:\/\/www.gesuitieducazione.it\/wp-content\/uploads\/2019\/09\/2019-09-10-giornata-della-terra-MASSIMO2-300x225.jpeg 300w\" sizes=\"(max-width: 460px) 100vw, 460px\" \/><\/a><\/p>\n<p><strong>Scrivi almeno due elementi tra quelli che hai scoperto on questo lavoro che pi\u00f9 ti hanno colpito.<\/strong><\/p>\n<p>I cambiamenti climatici: perch\u00e9 ora so che se non cambiamo, \u201cmoriremo di clima\u201d; l\u2019Agenda 2020. Il primo elemento che mi ha colpito \u00e8 il problema della plastica perch\u00e9 \u00e8 l\u2019elemento che inquina si pi\u00f9 perch\u00e9 \u00e8 la materia pi\u00f9 utilizzata. Il secondo \u00e8 la deforestazione: mi ha colpito perch\u00e9 non sapevo che l\u2019ossigeno provenisse dagli alberi ed \u00e8 quindi molto importante. Mi ha colpito molto Greta Thunberg e del suo attivismo per la cura dell\u2019ambiente: questa ragazza mi ha colpito per il coraggio che ha avuto davanti al mondo di parlare dell\u2019ambiente perch\u00e9 questo \u00e8 ambiente \u00e8 ancora sottovalutato da molte persone.<\/p>\n<p>Il secondo argomento che mi ha colpito di pi\u00f9 \u00e8 stato il riscaldamento globale perch\u00e9 mi ha fatto sentore come se tra poco accadesse una apocalisse. Come prima cosa la gravit\u00e0 di questo argomento, cio\u00e8 di quanto siano grandi le emissioni dei gas serra e di quanti danni possano creare.<\/p>\n<p>Trovo interessante il fatto che la deforestazione influisca sul riscaldamento globale. Mi ha colpito anche il fatto che un piccolo gesto, pur essendo piccolo, possa sal are la terra e di conseguenza l\u2019umanit\u00e0. Mi ha colpito che anche con piccolissimi sforzi possiamo rimediare a cose terribili.<\/p>\n<p><strong>Indica quali problemi hai dovuto affrontare e come li hai risolti.<\/strong><\/p>\n<p>All\u2019inizio avevo delle difficolt\u00e0 a capire gli argomenti di cui stavamo parlando ma con l\u2019aiuto dei miei compagni ho cominciato a conoscere meglio e a capire cosa stavamo scoprendo. Se c\u2019era una incomprensione con i compagni l\u2019abbiamo superata rispettando le idee di tutti. Le difficolt\u00e0 le ho superate studiando e concentrandomi pi\u00f9 del solito. Inoltre, un paio di volte, c\u2019era un po\u2019 di confusione nel gruppo perch\u00e9 tutti parlavano sopra gli altri, ma questo lo abbiamo risolto grazie al nostro impegno e abbiamo imparato non solo ad ascoltare noi stessi ama anche ad avere rispetto degli altri perch\u00e9 \u00e8 bello sapere cosa ne pensano gli altri.<\/p>\n<p>&nbsp;<\/p>\n<p><strong>Cosa hai imparato da questo lavoro?<\/strong><\/p>\n<p>Io, da questo problema, sono riuscito a capire la vera situazione del nostro pianeta. Infatti quando tutti dicevano \u201cgas serra\u201d io pensavo che fosse solo una sciocchezza mentre ora so che \u00e8 una cosa seria. Ho imparato quanto sia importante l\u2019ambiente e che bisogna rispettarlo come se fosse un figlio! Prima di tutto ho imparato cosa sono i \u201cgas serra\u201d e poi a lavorare in gruppo anche a distanza ed a scambiare opinioni costruttive.<\/p>\n<p>Ho imparato soprattutto quanto sia importante prendersi cura dell\u2019ambiente per garantire un futuro a noi e ai nostri figli. Ho imparato tutto sul riscaldamento globale e su come si lavora in gruppo.<\/p>\n<p>Da questo lavoro ho imparato quanto la sostenibilit\u00e0 e la collaborazione globale tra gli uomini siano necessarie per la salvaguardia del pianeta.<\/p>\n<p>&nbsp;<\/p>\n<p><strong>Alla luce del lavoro svolto, considerando gli argomenti trattati e il metodo d lavoro proposto, cos\u2019altro ti piacerebbe scoprire per arricchire le tue conoscenze? <\/strong><\/p>\n<p>Vorrei scoprire cos \u00e8 accaduto nelle COP e cosa accadr\u00e0 per capire meglio di che si parla. Vorrei chiarire l\u2019effetto dei gas serra. Vorrei scoprire perch\u00e9 non tutti i Paesi del mondo partecipano all\u2019Agenda 2030. Lavorando insieme si pu\u00f2 raggiungere un obiettivo migliore.\u00a0 Il metodo di studio applicato mi \u00e8 piaciuto molto e non mi dispiacerebbe rifare un\u2019attivit\u00e0 del genere. Mi piacerebbe scoprire cosa c\u2019\u00e8 dopo. Vorrei scoprire se nel futuro i Paesi si impegneranno per rendere il mondo un posto meno inquinato. Penso che il metodo proposto sia ottimo per studiare e approfondire. Questo lavoro ha stimolato la mia curiosit\u00e0 verso i piccoli gesti che possiamo fare per aiutare la Terra.<\/p>\n<p>Per arricchire le mie conoscenze vorrei andare a vedere e a provare la vita delle persone che non hanno una casa. Questo metodo di studio mi piace molto e mi piace anche il fatto a casa delle video lezioni perch\u00e9 a casa riesco a concentrarmi di pi\u00f9 e riesco a prendere appunti con il metodo proposto dal professore.<\/p>\n<p>Io vorrei scoprire cose sul mondo attuale e sul futuro del nostro pianeta, lavorando sempre con il metodo che abbiamo gi\u00e0 usato in classe.<\/p>\n","protected":false},"excerpt":{"rendered":"<p>In questo breve saggio il prof. Olati dell&#8217;Istituto Massimo di Roma ha raccolto i brani pi\u00f9 significativi delle autobiografie cognitive dei suoi studenti di Tecnologia di prima media che lo scorso anno hanno partecipato all\u2019attivit\u00e0 \u201cUna Giornata per la Terra\u201d, in linea con il lavoro portato avanti con la Fondazione Magis sui punti dell&#8217;action statement indicati dalla Compagnia di Ges\u00f9 a livello mondiale.<\/p>\n","protected":false},"author":4,"featured_media":2038,"comment_status":"closed","ping_status":"open","sticky":false,"template":"","format":"standard","meta":{"_acf_changed":false,"footnotes":""},"categories":[10],"tags":[],"istituto":[],"partner":[],"class_list":["post-2036","post","type-post","status-publish","format-standard","has-post-thumbnail","hentry","category-notizie"],"acf":[],"_links":{"self":[{"href":"https:\/\/www.gesuitieducazione.it\/en\/wp-json\/wp\/v2\/posts\/2036"}],"collection":[{"href":"https:\/\/www.gesuitieducazione.it\/en\/wp-json\/wp\/v2\/posts"}],"about":[{"href":"https:\/\/www.gesuitieducazione.it\/en\/wp-json\/wp\/v2\/types\/post"}],"author":[{"embeddable":true,"href":"https:\/\/www.gesuitieducazione.it\/en\/wp-json\/wp\/v2\/users\/4"}],"replies":[{"embeddable":true,"href":"https:\/\/www.gesuitieducazione.it\/en\/wp-json\/wp\/v2\/comments?post=2036"}],"version-history":[{"count":0,"href":"https:\/\/www.gesuitieducazione.it\/en\/wp-json\/wp\/v2\/posts\/2036\/revisions"}],"wp:featuredmedia":[{"embeddable":true,"href":"https:\/\/www.gesuitieducazione.it\/en\/wp-json\/wp\/v2\/media\/2038"}],"wp:attachment":[{"href":"https:\/\/www.gesuitieducazione.it\/en\/wp-json\/wp\/v2\/media?parent=2036"}],"wp:term":[{"taxonomy":"category","embeddable":true,"href":"https:\/\/www.gesuitieducazione.it\/en\/wp-json\/wp\/v2\/categories?post=2036"},{"taxonomy":"post_tag","embeddable":true,"href":"https:\/\/www.gesuitieducazione.it\/en\/wp-json\/wp\/v2\/tags?post=2036"},{"taxonomy":"istituto","embeddable":true,"href":"https:\/\/www.gesuitieducazione.it\/en\/wp-json\/wp\/v2\/istituto?post=2036"},{"taxonomy":"partner","embeddable":true,"href":"https:\/\/www.gesuitieducazione.it\/en\/wp-json\/wp\/v2\/partner?post=2036"}],"curies":[{"name":"wp","href":"https:\/\/api.w.org\/{rel}","templated":true}]}}