{"id":2018,"date":"2019-07-02T00:44:24","date_gmt":"2019-07-01T22:44:24","guid":{"rendered":"https:\/\/educazione.gesuiti.it\/?p=2018"},"modified":"2019-07-02T00:44:24","modified_gmt":"2019-07-01T22:44:24","slug":"roma-p-ronny-alessio-nuovo-direttore-del-cefaegi","status":"publish","type":"post","link":"https:\/\/www.gesuitieducazione.it\/en\/roma-p-ronny-alessio-nuovo-direttore-del-cefaegi\/","title":{"rendered":"Roma. P. Ronny Alessio nuovo  Direttore del Cefaegi"},"content":{"rendered":"<p>Lo stesso Padre Gianuzzi ha comunicato ai membri dell&#8217;\u00e9quipe, che costituisce il nucleo portante del Cefaegi, insieme ai referenti di ogni Collegio, il passaggio di consegne in modo molto semplice, con queste parole: &#8220;il Padre Provinciale Gianfranco Matarazzo mi ha comunicato con una mail personale la decisione di sostituirmi, come annunciato da tempo, nell&#8217;incarico di &#8216;presidente&#8217; del Cefaegi. A partire dal 1 settembre il P. Ronny Alessio mi subentrer\u00e0 in tale compito. Sono lieto di poter rendere pubblico fin da ora tale passaggio, comunicato dal P. Jimmy Bartolo anche ai direttori dei collegi e ai membri dei CDA. Sono contento &#8211; prosegue il P. Gianuzzi &#8211; che questa nomina voglia ancora ribadire \u00a0l&#8217;importanza data alla formazione dei docenti delle nostre scuole. Esprimo la mia convinzione che P. Ronny, (con la conoscenza della realt\u00e0 \u00a0dei collegi \u00a0acquisita particolarmente nella direzione del Collegio di Scutari) potr\u00e0 introdurre una bella carica innovativa per la prosecuzione di una missione che ci ha molto coinvolto e appassionato&#8221;.<\/p>\n<p><a href=\"https:\/\/educazione.gesuiti.it\/wp-content\/uploads\/sites\/9\/2016\/05\/2016_16_SCutari.jpg\"><img loading=\"lazy\" decoding=\"async\" class=\"aligncenter size-full wp-image-1001\" src=\"https:\/\/educazione.gesuiti.it\/wp-content\/uploads\/sites\/9\/2016\/05\/2016_16_SCutari.jpg\" alt=\"\" width=\"460\" height=\"460\" srcset=\"https:\/\/www.gesuitieducazione.it\/wp-content\/uploads\/2016\/05\/2016_16_SCutari.jpg 460w, https:\/\/www.gesuitieducazione.it\/wp-content\/uploads\/2016\/05\/2016_16_SCutari-300x300.jpg 300w, https:\/\/www.gesuitieducazione.it\/wp-content\/uploads\/2016\/05\/2016_16_SCutari-150x150.jpg 150w\" sizes=\"(max-width: 460px) 100vw, 460px\" \/><\/a><\/p>\n<p>&#8220;La creazione del centro (Cefaegi) &#8211; scriveva nel 2004 Padre Francesco Tata, Provinciale &#8211; deriva dagli obiettivi che la Provincia S.I. d&#8217;Italia si propone e dalla volont\u00e0 espressa nella Congregazione Provinciale ultima di sostenere l&#8217;importanza e al medesimo tempo di affrontare la sfida della presenza apostolica nel campo educativo.\u00a0L&#8217;avvio di un Centro di Formazione esprime da parte della Compagnia di Ges\u00f9 la volont\u00e0 di sostegno all&#8217;attivit\u00e0 educativa nei collegi della Provincia d&#8217;Italia e la volont\u00e0 di affrontare adeguatamente le inevitabili trasformazioni in atto&#8221;.<\/p>\n<p>Ronny Alessio \u00e8 nato a Bassano del Grappa il 28 ottobre 1974, diplomato all&#8217;istituto professionale Lampertico, \u00e8 ispirato dalle lettere di Don Lorenzo Milani, figura che conosce attraverso molte testimonianze finch\u00e9 si trova a Barbiana con la sua parrocchia di appartenenza. Grazie alle lettere di don Lorenzo decide di iscriversi all&#8217;universit\u00e0 di Padova alla facolt\u00e0 di ingegneria meccanica, dove si laurea nel 2000. In questo tempo presta servizio in una comunit\u00e0 che si occupa di disagio giovanile. Durante questo servizio, durato quasi sei anni, chiarisce la sua chiamata alla vita religiosa. Dopo due anni di lavoro come ingegnere a Lonigo, entra nella compagnia di Ges\u00f9 nel 2002. Svolge gli studi di filosofia a Padova tra il 2004 e il 2006 e il suo magistero a Scutari tra il 2006 e il 2008, con la direzione di padre Brambillasca. Conosce qui per la prima volta la formazione dei docenti e le figure della dott.ssa Carmagni, p. Teresio e p. Danieli. Svolge poi gli studi di teologia a Madrid, e la licenza a Padova in liturgia pastorale. E&#8217; ordinato sacerdote il 14 aprile 2012 da mons. Giancarlo Maria Bregantini. In questo tempo, 2011- 2013, frequenta anche il corso di counseling presso la scuola formativa di Daniele Novara e il &#8220;Centro psicopedagogico per la pace&#8221; sulla gestione dei conflitti e la formazione scolastica.<br \/>\nInviato a Scutari nel 2013, diviene direttore generale della scuola Pjeter Meshkalla dal 2014 fino al 2018.<br \/>\nNel settembre 2018 comincia il suo &#8220;terz&#8217;anno&#8221; in Irlanda, includendo un&#8217;esperienza con il JRS, associazione che si occupa dei rifugiati, di quasi tre mesi, ad Atene.<\/p>\n<p>&#8220;Durante il mio terz&#8217;anno &#8211; dichiara P. Ronny &#8211; ho riscoperto l&#8217;importanza nel nostro modo di procedere dello sguardo contemplativo: contemplare Dio operante in ogni persona e cosa. Mi sono ripromesso di rimanere fedele a questa &#8220;riscoperta&#8221;, ben cosciente della difficolt\u00e0 di essere contemplativi e liberi dalle nostre idee tra tante urgenze. Il CEFAEGI mi sembra un ottima occasione per aiutarci vicendevolmente a mantenere questo sguardo contemplativo, sguardo che riconosco in molti laici e gesuiti che gi\u00e0 lavorano nelle nostre scuole&#8221;.<\/p>\n<p>Un grazie di cuore al Padre Teresio per il lavoro instancabile di questi quindici anni, nel realizzare, costruire e condurre il Cefaegi e la sua \u00e9quipe, nel formare e nell&#8217;accompagnare con discrezione e professionalit\u00e0 centinaia di insegnanti nel loro percorso di avvicinamento alla pedagogia ignaziana e alla crescita nel loro ruolo di docenti di scuole della Compagnia di Ges\u00f9.<\/p>\n<p>Al Padre Ronny un caloroso &#8220;bentornato&#8221; nella rete Gesuiti Educazione e tanti auguri di buon lavoro in questo nuovo importante incarico!<\/p>\n","protected":false},"excerpt":{"rendered":"<p>Padre Ronny Alessio SJ, a partire dal 1 settembre 2019, subentrer\u00e0 a Padre Teresio Gianuzzi SJ nel ruolo di Presidente dell&#8217;Associazione CEFAEGI (Centro Formazione arttivit\u00e0 educativa Gesui d&#8217;Italia) e di Direttore dei Corsi e dei Seminari riconosciuti a livello nazionale dal MIUR.<\/p>\n","protected":false},"author":4,"featured_media":2019,"comment_status":"closed","ping_status":"open","sticky":false,"template":"","format":"standard","meta":{"_acf_changed":false,"footnotes":""},"categories":[10],"tags":[58,194,195],"istituto":[],"partner":[],"class_list":["post-2018","post","type-post","status-publish","format-standard","has-post-thumbnail","hentry","category-notizie","tag-cefaegi","tag-p-ronny-alessio-sj","tag-p-teresio-gianuzzi-sj"],"acf":[],"_links":{"self":[{"href":"https:\/\/www.gesuitieducazione.it\/en\/wp-json\/wp\/v2\/posts\/2018"}],"collection":[{"href":"https:\/\/www.gesuitieducazione.it\/en\/wp-json\/wp\/v2\/posts"}],"about":[{"href":"https:\/\/www.gesuitieducazione.it\/en\/wp-json\/wp\/v2\/types\/post"}],"author":[{"embeddable":true,"href":"https:\/\/www.gesuitieducazione.it\/en\/wp-json\/wp\/v2\/users\/4"}],"replies":[{"embeddable":true,"href":"https:\/\/www.gesuitieducazione.it\/en\/wp-json\/wp\/v2\/comments?post=2018"}],"version-history":[{"count":0,"href":"https:\/\/www.gesuitieducazione.it\/en\/wp-json\/wp\/v2\/posts\/2018\/revisions"}],"wp:featuredmedia":[{"embeddable":true,"href":"https:\/\/www.gesuitieducazione.it\/en\/wp-json\/wp\/v2\/media\/2019"}],"wp:attachment":[{"href":"https:\/\/www.gesuitieducazione.it\/en\/wp-json\/wp\/v2\/media?parent=2018"}],"wp:term":[{"taxonomy":"category","embeddable":true,"href":"https:\/\/www.gesuitieducazione.it\/en\/wp-json\/wp\/v2\/categories?post=2018"},{"taxonomy":"post_tag","embeddable":true,"href":"https:\/\/www.gesuitieducazione.it\/en\/wp-json\/wp\/v2\/tags?post=2018"},{"taxonomy":"istituto","embeddable":true,"href":"https:\/\/www.gesuitieducazione.it\/en\/wp-json\/wp\/v2\/istituto?post=2018"},{"taxonomy":"partner","embeddable":true,"href":"https:\/\/www.gesuitieducazione.it\/en\/wp-json\/wp\/v2\/partner?post=2018"}],"curies":[{"name":"wp","href":"https:\/\/api.w.org\/{rel}","templated":true}]}}