{"id":2008,"date":"2019-06-29T16:39:13","date_gmt":"2019-06-29T14:39:13","guid":{"rendered":"https:\/\/educazione.gesuiti.it\/?p=2008"},"modified":"2019-06-29T16:39:13","modified_gmt":"2019-06-29T14:39:13","slug":"albania-anche-lestate-e-un-tempo-propizio-al-via-il-campo-estivo-in-albania","status":"publish","type":"post","link":"https:\/\/www.gesuitieducazione.it\/en\/albania-anche-lestate-e-un-tempo-propizio-al-via-il-campo-estivo-in-albania\/","title":{"rendered":"Albania. Anche l&#8217;estate \u00e8 un &#8220;tempo propizio&#8221;: al via il campo estivo in Albania."},"content":{"rendered":"<p>Tutti insieme, da tanti paesi, oltre quaranta persone, ovviamente con l&#8217;\u00e9quipe pastorale di Scutari, i gesuiti e tanti collaboratori della scuola.<\/p>\n<p>Tutti insieme, uniti nell&#8217;amicizia e nella solidariet\u00e0, coordinati da P. Salvo Collura SJ, responsabile della Pastorale di rete della Fondazione Gesuiti Educazione. C&#8217;\u00e8 anche una mamma da uno dei nostri Collegi, che dedizione ed entusiasmo e un pizzico di spirito di avventura, si \u00e8 unita al gruppo.<\/p>\n<p>Questo gruppo lavorer\u00e0 in aree periferiche e disagiate, cercando di incontrare i &#8220;lontani&#8221;, per sperimentare un avvicinamento della fede all&#8217;Albania. Si cerca di coinvolgere i ragazzi albanesi tramite possibilit\u00e0 e opportunit\u00e0 a portata di loro, avvicinandoci noi a loro. E&#8217; un &#8220;farsi prossimi&#8221;, lavorare noi con loro, insieme a loro.<\/p>\n<p>Questo campo di lavoro si inserisce tra le numerose proposte estive ai ragazzi &#8211; e non solo &#8211; delle nostre scuole. Anche l&#8217;estate, infatti, nella logica della formazione integrale ignaziana, pur essendo un giusto tempo di riposo, \u00e8 vista come un &#8220;tempo propizio&#8221;, per svolgere attivit\u00e0 che durante l&#8217;anno scolastico non si avrebbe la possibilit\u00e0 di svolgere. Per fare esperienze di crescita personale, perch\u00e8 dopo un campo di questo tipo si ritorna indubbiamente cresciuti, maturati, pi\u00f9 ricchi. E&#8217; un modo per incontrare persone, storie, idee, vite. Ci si pu\u00f2 confrontare con realt\u00e0 diverse, talvolta piacevoli, talaltra anche difficili e impegnative. Si vedono posti nuovi, ci si diverte, si sta insieme. Si aprono i propri orizzonti e, non da ultimo, si pu\u00f2 anche donare un po&#8217; del proprio tempo a persone e situazioni che sono meno fortunate di noi e magari si trovano pi\u00f9 in difficolt\u00e0.<\/p>\n","protected":false},"excerpt":{"rendered":"<p>E&#8217; iniziato sabato 29 giugno un campo nel centro-nord dell&#8217;Albania, con base a Scutari. Stanno lavorando in questo progetto un bel gruppo di ragazzi e adulti provenienti dalle nostre scuole e realt\u00e0 di Malta, Roma, Milano, Torino e Scutari.<\/p>\n","protected":false},"author":4,"featured_media":2010,"comment_status":"closed","ping_status":"open","sticky":false,"template":"","format":"standard","meta":{"_acf_changed":false,"footnotes":""},"categories":[10],"tags":[],"istituto":[],"partner":[],"class_list":["post-2008","post","type-post","status-publish","format-standard","has-post-thumbnail","hentry","category-notizie"],"acf":[],"_links":{"self":[{"href":"https:\/\/www.gesuitieducazione.it\/en\/wp-json\/wp\/v2\/posts\/2008"}],"collection":[{"href":"https:\/\/www.gesuitieducazione.it\/en\/wp-json\/wp\/v2\/posts"}],"about":[{"href":"https:\/\/www.gesuitieducazione.it\/en\/wp-json\/wp\/v2\/types\/post"}],"author":[{"embeddable":true,"href":"https:\/\/www.gesuitieducazione.it\/en\/wp-json\/wp\/v2\/users\/4"}],"replies":[{"embeddable":true,"href":"https:\/\/www.gesuitieducazione.it\/en\/wp-json\/wp\/v2\/comments?post=2008"}],"version-history":[{"count":0,"href":"https:\/\/www.gesuitieducazione.it\/en\/wp-json\/wp\/v2\/posts\/2008\/revisions"}],"wp:featuredmedia":[{"embeddable":true,"href":"https:\/\/www.gesuitieducazione.it\/en\/wp-json\/wp\/v2\/media\/2010"}],"wp:attachment":[{"href":"https:\/\/www.gesuitieducazione.it\/en\/wp-json\/wp\/v2\/media?parent=2008"}],"wp:term":[{"taxonomy":"category","embeddable":true,"href":"https:\/\/www.gesuitieducazione.it\/en\/wp-json\/wp\/v2\/categories?post=2008"},{"taxonomy":"post_tag","embeddable":true,"href":"https:\/\/www.gesuitieducazione.it\/en\/wp-json\/wp\/v2\/tags?post=2008"},{"taxonomy":"istituto","embeddable":true,"href":"https:\/\/www.gesuitieducazione.it\/en\/wp-json\/wp\/v2\/istituto?post=2008"},{"taxonomy":"partner","embeddable":true,"href":"https:\/\/www.gesuitieducazione.it\/en\/wp-json\/wp\/v2\/partner?post=2008"}],"curies":[{"name":"wp","href":"https:\/\/api.w.org\/{rel}","templated":true}]}}