{"id":1905,"date":"2019-03-17T22:23:34","date_gmt":"2019-03-17T21:23:34","guid":{"rendered":"https:\/\/educazione.gesuiti.it\/?p=1905"},"modified":"2021-12-21T14:14:06","modified_gmt":"2021-12-21T12:14:06","slug":"albania-forumsi2019-pastorale-di-rete-e-il-coraggio-di-affrontare-le-sfide","status":"publish","type":"post","link":"https:\/\/www.gesuitieducazione.it\/en\/albania-forumsi2019-pastorale-di-rete-e-il-coraggio-di-affrontare-le-sfide\/","title":{"rendered":"Albania. FORUMSI2019, la Pastorale di rete e il coraggio di affrontare le sfide"},"content":{"rendered":"<p>40 giovani &#8220;delegati&#8221; dalle nostre scuole hanno visitato l&#8217;Albania, in particolare Tirana e Scutari, incontrato persone, partecipato a workshop. Si sono interrogati, confrontati, hanno riflettuto su dati, fatti, eventi e sulla realt\u00e0 in cui viviamo, con un respiro globale.<\/p>\n<p>&#8220;Questo Forum2019 \u00e8 stata una prima esperienza di &#8220;sentire ignaziano comune&#8221; &#8211; racconta P. Salvo Collura SJ, responsabile della Pastorale di rete &#8211; non pi\u00f9 a partire solo dal quarto anno dei Licei e dal Kair\u00f2s, ma gi\u00e0 dagli anni precedenti e in particolare dal terzo&#8221;.<\/p>\n<p>Ci siamo posti profonde e provocanti domande, quali:<br \/>\nSi pu\u00f2 sognare ancora, da cristiani, un mondo in cui i diritti umani abbiano\/siano valore?<br \/>\nSi pu\u00f2 ancora sperare e lottare per dare vita ai giorni e non solo giorni alla vita?<br \/>\nPossiamo ancora credere che, prima dei capitali e dei traffici d&#8217;esseri umani, ci sia davvero posto per dare valore al battito di ogni singolo cuore sulla terra?<br \/>\nPossiamo farlo da studenti ignaziani?<\/p>\n<p>Il prof. Massimo Cermelli, in uno degli incontri di formazione su Diritti Umani, Ambiente, Immigrazione, ha guidato i partecipanti in una analisi sociopolitica, invitando i ragazzi a guardare alla realt\u00e0 partendo dal &#8220;di piu&#8221;, dal Magis, che la abita. A maggiori disuguaglianze sociali non corrisponde maggiore sviluppo. Si \u00e8 quindi riflettutto su una Pastorale di rete che abbia il coraggio di affrontare le sfide delle scienze umane e farsi azione politica. Si \u00e8 riflettuto sul fatto che i disastri e le calamit\u00e0 naturali sono la prima causa di migrazione. Eppure, la percezione comune non \u00e8 questa. Abbiamo un difetto negli strumenti di analisi o nella percezione della realt\u00e0?<\/p>\n<p><a href=\"https:\/\/educazione.gesuiti.it\/wp-content\/uploads\/sites\/9\/2019\/03\/2019-03-15-FORUM-studenti-ignaziani-albania4.jpg\"><img loading=\"lazy\" decoding=\"async\" class=\"aligncenter wp-image-1912\" src=\"https:\/\/educazione.gesuiti.it\/wp-content\/uploads\/sites\/9\/2019\/03\/2019-03-15-FORUM-studenti-ignaziani-albania4.jpg\" alt=\"\" width=\"459\" height=\"332\" srcset=\"https:\/\/www.gesuitieducazione.it\/wp-content\/uploads\/2019\/03\/2019-03-15-FORUM-studenti-ignaziani-albania4.jpg 635w, https:\/\/www.gesuitieducazione.it\/wp-content\/uploads\/2019\/03\/2019-03-15-FORUM-studenti-ignaziani-albania4-300x217.jpg 300w\" sizes=\"(max-width: 459px) 100vw, 459px\" \/><\/a><\/p>\n<p>L&#8217;ospitalit\u00e0 albanese \u00e8 stata meravigliosa ed eccezionale. I partecipanti hanno vissuto a diretto contatto con molte persone del posto. Hanno visitato luoghi, incontrato persone, sentito racconti, talvolta anche molto dolorosi e di grande sofferenza, hanno conosciuto un popolo provato da una storia difficile, ma sostenuta dal coraggio di uomini che vogliono farcela.<\/p>\n<p><a href=\"https:\/\/educazione.gesuiti.it\/wp-content\/uploads\/sites\/9\/2019\/03\/2019-03-15-FORUM-studenti-ignaziani-albania.jpg\"><img loading=\"lazy\" decoding=\"async\" class=\"aligncenter wp-image-1909\" src=\"https:\/\/educazione.gesuiti.it\/wp-content\/uploads\/sites\/9\/2019\/03\/2019-03-15-FORUM-studenti-ignaziani-albania.jpg\" alt=\"\" width=\"458\" height=\"344\" srcset=\"https:\/\/www.gesuitieducazione.it\/wp-content\/uploads\/2019\/03\/2019-03-15-FORUM-studenti-ignaziani-albania.jpg 613w, https:\/\/www.gesuitieducazione.it\/wp-content\/uploads\/2019\/03\/2019-03-15-FORUM-studenti-ignaziani-albania-300x225.jpg 300w\" sizes=\"(max-width: 458px) 100vw, 458px\" \/><\/a><\/p>\n<p>Molto belli e toccanti gli incontri con le famiglie del quartiere di Kombinat, la testimonianza di Suor Lula, cos\u00ec come i racconti e il &#8220;contatto&#8221; con i martiri albanesi, a cui \u00e8 legata la nostra Provincia Euromediterranea.<\/p>\n<p><a href=\"https:\/\/educazione.gesuiti.it\/wp-content\/uploads\/sites\/9\/2019\/03\/2019-03-15-FORUM-studenti-ignaziani-albania2.jpg\"><img loading=\"lazy\" decoding=\"async\" class=\"aligncenter wp-image-1910\" src=\"https:\/\/educazione.gesuiti.it\/wp-content\/uploads\/sites\/9\/2019\/03\/2019-03-15-FORUM-studenti-ignaziani-albania2.jpg\" alt=\"\" width=\"457\" height=\"335\" srcset=\"https:\/\/www.gesuitieducazione.it\/wp-content\/uploads\/2019\/03\/2019-03-15-FORUM-studenti-ignaziani-albania2.jpg 628w, https:\/\/www.gesuitieducazione.it\/wp-content\/uploads\/2019\/03\/2019-03-15-FORUM-studenti-ignaziani-albania2-300x220.jpg 300w\" sizes=\"(max-width: 457px) 100vw, 457px\" \/><\/a><\/p>\n<p>&#8220;E&#8217; stata una grande prova, la prima, di una lunga serie &#8211; racconta Riccardo, uno dei ragazzi partecipanti &#8211; Non c&#8217;\u00e8 niente di pi\u00f9 commuovente che vedere volti stanchi, affaticati dalla corruzione e dall&#8217;assoluta ineguaglianza sociale che cercano in qualsiasi modo, di essere sorridenti e solari per chi cerca di far capire che non siano soli, ma che ci siano molte persone, chi pi\u00f9 e chi meno giovane, pronti a dedicarsi alla loro felicit\u00e0. Ora la sfida \u00e8 continuare, con il nostro zaino in spalla, a ripartire. Pronti a condividere consapevolezza e solidariet\u00e0. Per chi \u00e8 messo nel dimenticatoio dal proprio paese e chi subisce la paura comune del &#8220;diverso&#8221;. Quotidianamente vengono lanciati segni d&#8217;allarme, apparentemente silenziosi per le nostre orecchie ma assordanti per il nostro cuore&#8221;.<\/p>\n<p><a href=\"https:\/\/educazione.gesuiti.it\/wp-content\/uploads\/sites\/9\/2019\/03\/2019-03-15-FORUM-studenti-ignaziani-albania6.jpg\"><img loading=\"lazy\" decoding=\"async\" class=\"aligncenter wp-image-1914\" src=\"https:\/\/educazione.gesuiti.it\/wp-content\/uploads\/sites\/9\/2019\/03\/2019-03-15-FORUM-studenti-ignaziani-albania6.jpg\" alt=\"\" width=\"455\" height=\"365\" srcset=\"https:\/\/www.gesuitieducazione.it\/wp-content\/uploads\/2019\/03\/2019-03-15-FORUM-studenti-ignaziani-albania6.jpg 574w, https:\/\/www.gesuitieducazione.it\/wp-content\/uploads\/2019\/03\/2019-03-15-FORUM-studenti-ignaziani-albania6-300x240.jpg 300w\" sizes=\"(max-width: 455px) 100vw, 455px\" \/><\/a><\/p>\n<p>&#8220;E&#8217; bello che la Pastorale proponga iniziative fondate anche sullo studio scientifico e serio dei problemi, superando\u00a0 un approccio talvolta troppo &#8220;sloganistico&#8221;, &#8220;giornalistico&#8221;, solo &#8220;affettivo&#8221; o &#8220;narrativo&#8221;. Abbiamo lanciato una idea di pastorale che vuole riflettere, partecipare e proporre, anche in modo trasversale. Il mio sogno \u00e8 che questo forum diventi sempre di pi\u00f9 davvero &#8220;degli Studenti&#8221;, cio\u00e8 che siano sempre di pi\u00f9 loro a prenderlo in mano, accompagnati da noi pastoralisti&#8221;.<\/p>\n<p>&#8220;Mi ha molto colpito ed emozionato &#8211; continua P. Salvo &#8211; anche la partecipazione emotiva dei nostri ragazzi di Scutari, che erano cos\u00ec orgogliosi di mostrare la loro bella scuola ai loro compagni italiani. Inoltre, l&#8217;aspetto dell&#8217;amicizia e della fraternit\u00e0 \u00e8 stato cos\u00ec tangibile in questi giorni da farmi davvero capire come questi momenti erano davvero desiderati da tutti i partecipanti. Credo sia questo anche il valore aggiunto del modo di fare &#8220;ignaziano&#8221;: essere amici tra di noi, per essere amici in Cristo e in azione nel mondo!&#8221;.<\/p>\n<p><a href=\"https:\/\/educazione.gesuiti.it\/wp-content\/uploads\/sites\/9\/2019\/03\/2019-03-15-FORUM-studenti-ignaziani-albania5.jpg\"><img loading=\"lazy\" decoding=\"async\" class=\"aligncenter size-full wp-image-1913\" src=\"https:\/\/educazione.gesuiti.it\/wp-content\/uploads\/sites\/9\/2019\/03\/2019-03-15-FORUM-studenti-ignaziani-albania5.jpg\" alt=\"\" width=\"460\" height=\"485\" srcset=\"https:\/\/www.gesuitieducazione.it\/wp-content\/uploads\/2019\/03\/2019-03-15-FORUM-studenti-ignaziani-albania5.jpg 460w, https:\/\/www.gesuitieducazione.it\/wp-content\/uploads\/2019\/03\/2019-03-15-FORUM-studenti-ignaziani-albania5-285x300.jpg 285w\" sizes=\"(max-width: 460px) 100vw, 460px\" \/><\/a><\/p>\n<p>&nbsp;<\/p>\n<p>&nbsp;<\/p>\n<p>&nbsp;<\/p>\n","protected":false},"excerpt":{"rendered":"<p>Si \u00e8 tenuto in Albania dal 1 al 5 marzo 2019 il ForumSI2019, il primo forum degli Studenti Ignaziani, per promuovere la creazione di una comune coscienza tra i ragazzi dell&#8217;ultimo triennio dei Licei nell&#8217;elaborazione delle proposte pastorali di Rete e per approfondire il tema delle questioni ambientali sulla base dell&#8217;obiettivo #8 di Rio, con esplicito riferimento al contributo specifico della Pastorale della nostra rete.<\/p>\n","protected":false},"author":4,"featured_media":1911,"comment_status":"closed","ping_status":"open","sticky":false,"template":"","format":"standard","meta":{"_acf_changed":false,"footnotes":""},"categories":[258],"tags":[],"istituto":[],"partner":[],"class_list":["post-1905","post","type-post","status-publish","format-standard","has-post-thumbnail","hentry","category-attivita"],"acf":[],"_links":{"self":[{"href":"https:\/\/www.gesuitieducazione.it\/en\/wp-json\/wp\/v2\/posts\/1905"}],"collection":[{"href":"https:\/\/www.gesuitieducazione.it\/en\/wp-json\/wp\/v2\/posts"}],"about":[{"href":"https:\/\/www.gesuitieducazione.it\/en\/wp-json\/wp\/v2\/types\/post"}],"author":[{"embeddable":true,"href":"https:\/\/www.gesuitieducazione.it\/en\/wp-json\/wp\/v2\/users\/4"}],"replies":[{"embeddable":true,"href":"https:\/\/www.gesuitieducazione.it\/en\/wp-json\/wp\/v2\/comments?post=1905"}],"version-history":[{"count":1,"href":"https:\/\/www.gesuitieducazione.it\/en\/wp-json\/wp\/v2\/posts\/1905\/revisions"}],"predecessor-version":[{"id":4570,"href":"https:\/\/www.gesuitieducazione.it\/en\/wp-json\/wp\/v2\/posts\/1905\/revisions\/4570"}],"wp:featuredmedia":[{"embeddable":true,"href":"https:\/\/www.gesuitieducazione.it\/en\/wp-json\/wp\/v2\/media\/1911"}],"wp:attachment":[{"href":"https:\/\/www.gesuitieducazione.it\/en\/wp-json\/wp\/v2\/media?parent=1905"}],"wp:term":[{"taxonomy":"category","embeddable":true,"href":"https:\/\/www.gesuitieducazione.it\/en\/wp-json\/wp\/v2\/categories?post=1905"},{"taxonomy":"post_tag","embeddable":true,"href":"https:\/\/www.gesuitieducazione.it\/en\/wp-json\/wp\/v2\/tags?post=1905"},{"taxonomy":"istituto","embeddable":true,"href":"https:\/\/www.gesuitieducazione.it\/en\/wp-json\/wp\/v2\/istituto?post=1905"},{"taxonomy":"partner","embeddable":true,"href":"https:\/\/www.gesuitieducazione.it\/en\/wp-json\/wp\/v2\/partner?post=1905"}],"curies":[{"name":"wp","href":"https:\/\/api.w.org\/{rel}","templated":true}]}}