{"id":1895,"date":"2019-03-07T11:14:25","date_gmt":"2019-03-07T10:14:25","guid":{"rendered":"https:\/\/educazione.gesuiti.it\/?p=1895"},"modified":"2019-03-07T11:14:25","modified_gmt":"2019-03-07T10:14:25","slug":"roma-una-commissione-economica-per-la-fge","status":"publish","type":"post","link":"https:\/\/www.gesuitieducazione.it\/en\/roma-una-commissione-economica-per-la-fge\/","title":{"rendered":"Roma. Una commissione economica per la FGE"},"content":{"rendered":"<p>I componenti che sono stati nominati dal CDA sono: Massimo Cermelli, Alessia Fontana, Alberto Marini, Francesco Mengozzi, Edward Poulton, con il Presidente P. Jimmy Bartolo e il Direttore Guido Bigotto.<\/p>\n<p>Questo gruppo di lavoro \u00e8 stato istituito soprattutto per rispondere ad alcune necessit\u00e0 in relazione alla elaborazione di un piano di sostenibilit\u00e0 economica e finanziaria di rete di lungo periodo. Il fine \u00e8 quello di giungere ad una situazione globale di equilibrio economico-finanziario, attraverso un utilizzo il pi\u00f9 efficiente ed efficace possibile delle nostre risorse di rete.<\/p>\n<p>Moltissimi passi sono gi\u00e0 stati compiuti in questi ultimi anni per raggiungere un equilibrio economico-finanziario di lungo periodo delle nostre scuole, per riorganizzare, uniformare e implementare il sistema di gestione economico-patrimoniale, anche in una logica di &#8220;gestione apostolica&#8221; delle risorse.<\/p>\n<p>Le Linee Guida per una Gestione Economica Apostolica, emanate dalla Fondazione nel luglio 2018, identificano le e linee ispiratrici anche di questo progetto: \u00abNel cammino di qualificazione ignaziana delle nostre scuole, la Compagnia, attraverso l\u2019azione della Fondazione Gesuiti Educazione, considera elemento essenziale della stessa identit\u00e0 ignaziana anche quello di pratiche amministrative improntate alla giustizia, alla trasparenza, all\u2019efficacia insieme economica ed apostolica.<\/p>\n<p>Non si pu\u00f2 non ricordare in questa introduzione il costante richiamo che Papa Francesco sta facendo ad una gestione dei beni ecclesiastici che esca da logiche di privilegio o di improvvisazione. Esiste una responsabilit\u00e0 nell\u2019amministrare con cura, trasparenza e professionalit\u00e0 in vista della missione. Ne va della testimonianza stessa delle Chiesa.<\/p>\n<p>Una citazione per tutte: \u201cOccorre vigilare attentamente affinch\u00e9 i beni degli Istituti siano amministrati con oculatezza e trasparenza, siano tutelati e preservati, coniugando la prioritaria dimensione carismatico-spirituale alla dimensione economica e all\u2019efficienza, che ha un suo proprio humus nella tradizione amministrativa degli Istituti che non tollera sprechi ed \u00e8 attenta al buon utilizzo delle risorse\u201d\u00bb.<\/p>\n<p>Le tematiche operative sulle quali la commissione si trover\u00e0 a lavorare sono molte, ampie e diversificate: dalla fiscalit\u00e0 alla gestione efficiente della liquidit\u00e0, dal fundraising all&#8217;evoluzione normativa del terzo settore, dalla gestione del patrimonio immobiliare al perseguimento di un equilibrio economico duraturo.<\/p>\n<p>In sintesi, si tratta di assumere la prospettiva della Compagnia di Ges\u00f9 in merito agli obiettivi che essa ha inteso darsi in relazione all\u2019apostolato educativo e di ragionare sugli strumenti operativi migliori per raggiungere tali finalit\u00e0, nel modo pi\u00f9 efficace ed efficiente possibile. Si rende necessaria un\u2019analisi delle scelte compiute finora, una valutazione dei punti di forza e debolezza dell\u2019attuale sistema ed una proposta di eventuali percorsi diversi, finalizzati al raggiungimento degli scopi propri dell\u2019attivit\u00e0 educativa di rete.<\/p>\n<p>Nel primo incontro del 25 febbraio, la Commissione ha iniziato a conoscere ed esaminare &#8220;il contesto&#8221;, la realt\u00e0 della nostra rete, riflettendo sulla nostra identit\u00e0, sulle peculiarit\u00e0 e sul nostro &#8220;modo di procedere&#8221;.<\/p>\n<p><a href=\"https:\/\/educazione.gesuiti.it\/wp-content\/uploads\/sites\/9\/2019\/03\/2019-02-25-commissione-economica.jpeg\"><img loading=\"lazy\" decoding=\"async\" class=\"aligncenter wp-image-1898\" src=\"https:\/\/educazione.gesuiti.it\/wp-content\/uploads\/sites\/9\/2019\/03\/2019-02-25-commissione-economica-800x600.jpeg\" alt=\"\" width=\"460\" height=\"345\" \/><\/a><\/p>\n","protected":false},"excerpt":{"rendered":"<p>Luned\u00ec 25 febbraio a Roma si \u00e8 tenuta la prima riunione della nuova Commissione Economica della Fondazione Gesuiti Educazione, un gruppo di lavoro composto da professionisti ed esperti.<\/p>\n","protected":false},"author":4,"featured_media":1898,"comment_status":"closed","ping_status":"open","sticky":false,"template":"","format":"standard","meta":{"_acf_changed":false,"footnotes":""},"categories":[10],"tags":[],"istituto":[],"partner":[],"class_list":["post-1895","post","type-post","status-publish","format-standard","has-post-thumbnail","hentry","category-notizie"],"acf":[],"_links":{"self":[{"href":"https:\/\/www.gesuitieducazione.it\/en\/wp-json\/wp\/v2\/posts\/1895"}],"collection":[{"href":"https:\/\/www.gesuitieducazione.it\/en\/wp-json\/wp\/v2\/posts"}],"about":[{"href":"https:\/\/www.gesuitieducazione.it\/en\/wp-json\/wp\/v2\/types\/post"}],"author":[{"embeddable":true,"href":"https:\/\/www.gesuitieducazione.it\/en\/wp-json\/wp\/v2\/users\/4"}],"replies":[{"embeddable":true,"href":"https:\/\/www.gesuitieducazione.it\/en\/wp-json\/wp\/v2\/comments?post=1895"}],"version-history":[{"count":0,"href":"https:\/\/www.gesuitieducazione.it\/en\/wp-json\/wp\/v2\/posts\/1895\/revisions"}],"wp:featuredmedia":[{"embeddable":true,"href":"https:\/\/www.gesuitieducazione.it\/en\/wp-json\/wp\/v2\/media\/1898"}],"wp:attachment":[{"href":"https:\/\/www.gesuitieducazione.it\/en\/wp-json\/wp\/v2\/media?parent=1895"}],"wp:term":[{"taxonomy":"category","embeddable":true,"href":"https:\/\/www.gesuitieducazione.it\/en\/wp-json\/wp\/v2\/categories?post=1895"},{"taxonomy":"post_tag","embeddable":true,"href":"https:\/\/www.gesuitieducazione.it\/en\/wp-json\/wp\/v2\/tags?post=1895"},{"taxonomy":"istituto","embeddable":true,"href":"https:\/\/www.gesuitieducazione.it\/en\/wp-json\/wp\/v2\/istituto?post=1895"},{"taxonomy":"partner","embeddable":true,"href":"https:\/\/www.gesuitieducazione.it\/en\/wp-json\/wp\/v2\/partner?post=1895"}],"curies":[{"name":"wp","href":"https:\/\/api.w.org\/{rel}","templated":true}]}}