{"id":1889,"date":"2019-03-01T09:03:05","date_gmt":"2019-03-01T08:03:05","guid":{"rendered":"https:\/\/educazione.gesuiti.it\/?p=1889"},"modified":"2021-12-21T14:14:14","modified_gmt":"2021-12-21T12:14:14","slug":"roma-le-preferenze-apostoliche-nelle-nostre-scuole","status":"publish","type":"post","link":"https:\/\/www.gesuitieducazione.it\/en\/roma-le-preferenze-apostoliche-nelle-nostre-scuole\/","title":{"rendered":"Roma. Le preferenze apostoliche nelle nostre scuole"},"content":{"rendered":"<p>Queste quattro preferenze apostoliche dovrebbero indicare il \u201cmodo di procedere\u201d e gli impegni dei gesuiti e dei loro associati nei prossimi 10 anni. Esse rappresentano quindi i punti di riferimento fondamentali, che orientano le azioni di tutta la Compagnia, catturano l\u2019immaginazione, risvegliano desideri e uniscono nel servizio nella missione. Sono state individuati dopo due anni di intenso discernimento comunitario, richiesto nel 2016 dalla 36ma Congregazione Generale. ll lavoro effettuato era stato presentato a febbraio a papa Francesco che, dopo un tempo di preghiera, ha riconsegnato il lavoro al Padre Generale, come missione per la Compagnia.<\/p>\n<p>Sinteticamente, queste quattro preferenze apostoliche sono:<\/p>\n<ol>\n<li>Promuovere il discernimento e gli Esercizi spirituali: aiutare le persone a trovare Ges\u00f9 Cristo e a seguirlo;<\/li>\n<li>Camminare con gli esclusi: camminare al fianco dei poveri, dei vulnerabili, degli esclusi e di coloro che la societ\u00e0 considera inutili, in una missione di riconciliazione e giustizia;<\/li>\n<li>Accompagnare i giovani in cammino: accompagnare i giovani nella creazione di un futuro pieno di speranza<\/li>\n<li>Prendersi cura della nostra casa comune: lavorare, con profondit\u00e0 evangelica, per la protezione e il rinnovamento della Creazione di Dio.<\/li>\n<\/ol>\n<p><a href=\"https:\/\/educazione.gesuiti.it\/wp-content\/uploads\/sites\/9\/2019\/03\/priorit\u00e0-apostoliche.jpg\"><img loading=\"lazy\" decoding=\"async\" class=\"aligncenter wp-image-1892\" src=\"https:\/\/educazione.gesuiti.it\/wp-content\/uploads\/sites\/9\/2019\/03\/priorit\u00e0-apostoliche.jpg\" alt=\"\" width=\"460\" height=\"307\" \/><\/a><\/p>\n<p>La terza preferenza riguarda esplicitamente l&#8217;<strong>accompagnamento dei giovani<\/strong>, nella loro crescita e, quindi, anche nella loro formazione ed educazione. E&#8217; il fulcro del lavoro delle nostre scuole.<\/p>\n<p>Queste quattro preferenze mettono a fuoco in modo efficace e chiaro le &#8220;linee&#8221; della missione universale della Compagnia di Ges\u00f9, in piena sintonia con quelle della Provincia Euromediterranea e, di conseguenza, anche di quella delle scuole. Ci consentono dunque di confermare e proseguire con rinnovata energia il percorso che nelle nostre scuole, anche sulla scia delle indicazioni dell&#8217;<strong>Action Statement di Rio<\/strong> e delle nostre<strong> Linee Guida<\/strong>, si sta facendo per orientare e rendere pi\u00f9 efficaci e incisive le nostre attivit\u00e0 con i giovani.<\/p>\n<p>&#8220;Vedo una perfetta e bellissima sintonia e armonia tra questi documenti ai diversi livelli e nei diversi ambiti apostolici della Compagnia &#8211; commenta P. Jimmy Bartolo SJ, Presidente della Fondazione Gesuiti Educazione &#8211; La nostra sfida ora \u00e8 quella di farli conoscere, di renderli propri e di armonizzare le nostre azioni in questa direzione&#8221;.<\/p>\n<p>La <strong>proposta pastorale<\/strong> nelle nostre scuole prevede, infatti, proprio la promozione del discernimento e attivit\u00e0 con i ragazzi che, attraverso un percorso graduale e adatto a ciascuna et\u00e0 (ad esempio con ritiri spirituali o con l&#8217;esperienza del Kairos), culmina con la proposta proprio degli <strong>Esercizi Spirituali<\/strong> nell&#8217;ultimo anno del Liceo.<\/p>\n<p>Anche per i nostri Docenti, la proposta degli Esercizi Spirituali, solitamente in tempo di quaresima o di Pasqua, sia a livello di rete sia a livello di singole scuole, rappresenta un elemento caratterizzante per la formazione personale.<\/p>\n<p>Inoltre, una specifica priorit\u00e0 scelta dalla nostra rete Gesuiti Educazione in base all&#8217;Action Statement di Rio, consiste proprio nell&#8217;introduzione dell&#8217;<strong>EXAMEN<\/strong>, una caratteristica tipicamente ignaziana di &#8220;rilettura&#8221; delle esperienze vissute e della propria &#8220;quotidianit\u00e0&#8221; per orientare le nostre attivit\u00e0 e scorgere l&#8217;azione di Dio nella nostra vita.<\/p>\n<p>Anche l&#8217;attenzione alla <strong>casa comune<\/strong> \u00e8 una priorit\u00e0 a cui da alcuni anni stanno lavorando le nostre scuole, attraverso progetti che definiamo di &#8220;<strong>cittadinanza globale<\/strong>&#8220;, cogliendo le ricche indicazioni della Laudato s\u00ec di Papa Francesco, in un&#8217;ottica universale, educando i giovani a vivere davvero da cittadini globali, convinti che, come diceva Padre Nadal, &#8220;il mondo \u00e8 la nostra casa&#8221;.<\/p>\n<p>Infine, anche l&#8217;attenzione agli esclusi, ai poveri, a chi \u00e8 &#8220;meno fortunato&#8221;, costituisce da sempre un elemento identificativo delle nostre scuole. In molte realt\u00e0 della nostra rete da tempo esistono progetti e attivit\u00e0 di questo genere. Tra le pi\u00f9 significative sicuramente la proposta dei campi di lavoro estivi, in collaborazione con la CVX-LMS, cos\u00ec come le attivit\u00e0 in collaborazione con il Centro Astalli e il JRS. Pi\u00f9 nel piccolo, in quasi tutte le nostre scuole sono previste attivit\u00e0 che portano ad entrare in contatto con chi \u00e8 emarginato, escluso, povero, emarginato, &#8220;scartato dalla societ\u00e0&#8221;.<\/p>\n<p>Queste quattro preferenze confermano quindi il lavoro delle nostre scuole della rete Gesuiti Educazione, inseriti nel Piano Apostolico della nostra Provincia in sintonia con la missione della Compagnia universale, e ci forniscono nuovo entusiasmo e rinnovato vigore per proseguire nella impegnativa e ambiziosa sfida educativa.<\/p>\n<p>&nbsp;<\/p>\n","protected":false},"excerpt":{"rendered":"<p>Marted\u00ec 19 febbraio 2019 il Padre Generale Arturo Sosa SJ ha annunciato le quattro &#8220;Preferenze apostoliche universali&#8221; per tutta la Compagnia di Ges\u00f9 nel mondo. Tra di esse, una specifica riguarda i giovani, in quanto richiede di &#8220;accompagnare i giovani verso un futuro pieno di speranza&#8221;. Ma anche le altre preferenze riguardano aspetti importanti per le nostre scuole.<\/p>\n","protected":false},"author":4,"featured_media":1892,"comment_status":"closed","ping_status":"open","sticky":false,"template":"","format":"standard","meta":{"_acf_changed":false,"footnotes":""},"categories":[258],"tags":[],"istituto":[],"partner":[],"class_list":["post-1889","post","type-post","status-publish","format-standard","has-post-thumbnail","hentry","category-attivita"],"acf":[],"_links":{"self":[{"href":"https:\/\/www.gesuitieducazione.it\/en\/wp-json\/wp\/v2\/posts\/1889"}],"collection":[{"href":"https:\/\/www.gesuitieducazione.it\/en\/wp-json\/wp\/v2\/posts"}],"about":[{"href":"https:\/\/www.gesuitieducazione.it\/en\/wp-json\/wp\/v2\/types\/post"}],"author":[{"embeddable":true,"href":"https:\/\/www.gesuitieducazione.it\/en\/wp-json\/wp\/v2\/users\/4"}],"replies":[{"embeddable":true,"href":"https:\/\/www.gesuitieducazione.it\/en\/wp-json\/wp\/v2\/comments?post=1889"}],"version-history":[{"count":1,"href":"https:\/\/www.gesuitieducazione.it\/en\/wp-json\/wp\/v2\/posts\/1889\/revisions"}],"predecessor-version":[{"id":4571,"href":"https:\/\/www.gesuitieducazione.it\/en\/wp-json\/wp\/v2\/posts\/1889\/revisions\/4571"}],"wp:featuredmedia":[{"embeddable":true,"href":"https:\/\/www.gesuitieducazione.it\/en\/wp-json\/wp\/v2\/media\/1892"}],"wp:attachment":[{"href":"https:\/\/www.gesuitieducazione.it\/en\/wp-json\/wp\/v2\/media?parent=1889"}],"wp:term":[{"taxonomy":"category","embeddable":true,"href":"https:\/\/www.gesuitieducazione.it\/en\/wp-json\/wp\/v2\/categories?post=1889"},{"taxonomy":"post_tag","embeddable":true,"href":"https:\/\/www.gesuitieducazione.it\/en\/wp-json\/wp\/v2\/tags?post=1889"},{"taxonomy":"istituto","embeddable":true,"href":"https:\/\/www.gesuitieducazione.it\/en\/wp-json\/wp\/v2\/istituto?post=1889"},{"taxonomy":"partner","embeddable":true,"href":"https:\/\/www.gesuitieducazione.it\/en\/wp-json\/wp\/v2\/partner?post=1889"}],"curies":[{"name":"wp","href":"https:\/\/api.w.org\/{rel}","templated":true}]}}