{"id":1863,"date":"2019-02-19T06:00:06","date_gmt":"2019-02-19T05:00:06","guid":{"rendered":"https:\/\/educazione.gesuiti.it\/?p=1863"},"modified":"2021-12-21T14:14:18","modified_gmt":"2021-12-21T12:14:18","slug":"milano-educare-alla-consapevolezza-responsabilita-e-liberta-nel-digitale","status":"publish","type":"post","link":"https:\/\/www.gesuitieducazione.it\/en\/milano-educare-alla-consapevolezza-responsabilita-e-liberta-nel-digitale\/","title":{"rendered":"Milano. Educare alla consapevolezza, responsabilit\u00e0 e libert\u00e0 nel digitale"},"content":{"rendered":"<p>In passato la tecnologia era presente nella scuola come materia di insegnamento (&#8220;informatica&#8221;) pi\u00f9 che competenza trasversale; per questo interessava solo il docente della singola disciplina. Inoltre, era concepita principalmente come conoscenza degli strumenti informatici e del loro utilizzo. Oggi, invece, la presenza delle tecnologie nella vita delle persone e soprattutto dei giovani \u00e8 cos\u00ec pervasiva che non la si pu\u00f2 pi\u00f9 relegare a una materia specifica. Inoltre, la nostra pedagogia ci spinge ad andare al di l\u00e0 dei &#8220;saperi disciplinari&#8221;, per promuovere competenze &#8220;di vita&#8221;, che rendano i nostri ragazzi degli adulti responsabili, capaci di vivere pineamente, con spirito critico, nel mondo di domani.<\/p>\n<p>&#8220;Cos\u00ec come esplicitato nelle nostre Linee Guida, la scelta delle scuole della rete Gesuiti Educazione &#8211; spiega Francesca Argenti, referente nazionale per le tecnologie &#8211;\u00a0 \u00e8 pertanto quella di accettare nel modo pi\u00f9 ampio possibile la triplice sfida culturale, pedagogica e didattica che le tecnologie impongono, come sfida trasversale, che riguarda tutto il corpo docente e tutte le materie e che obbliga la scuola a continui confronti, aggiornamenti, sperimentazioni e innovazioni. In questa prospettiva, non si tratta di declinare delle competenze prettamente tecniche, utilitaristiche, strumentali e professionalizzanti in tecnologia, ma si tratta di capire come proprio l\u2019utilizzo critico e consapevole delle tecnologie aiuti e accompagni l&#8217;acquisizione di quelle competenze &#8220;per la vita&#8221;, pi\u00f9 ampie, cos\u00ec come descritte nel profilo dello studente. Per questo la tecnologia va pensata a servizio del profilo dello studente ignaziano, inserita nel curriculum verticale e riguarda l&#8217;attivit\u00e0 di ciascun docente, indipendentemente dalla disciplina insegnata, in quanto ciascuno \u00e8 chiamato a partecipare con le proprie insostituibili capacit\u00e0 formative e culturali alla educazione integrale di ogni alunno&#8221;.<\/p>\n<p>La diffusione delle tecnologie non \u00e8 oggi solo un cambiamento che porta all utilizzo di mezzi e strumenti pi\u00f9 efficaci, ma si tratta piuttosto di una vera e propria svolta culturale ed epocale: con l\u2019avvento delle tecnologie infatti cambiano i linguaggi, i modi di pensare, di relazionarsi, di agire, di rapportarsi al mondo esterno e interno, di vivere il tempo e lo spazio in altre parole cambia il nostro \u201cmodo di essere nel mondo, a tal punto che talvolta si arriva a parlare di una vera e propria \u201csvolta antropologica , sottolineando che non sono solo i mezzi e gli strumenti a essere cambiati, ma sta cambiando, si direbbe, l&#8217;uomo nel suo rapporto con s\u00e9 stesso e con gli altri.<\/p>\n<p>Poich\u00e9 il nostro progetto di scuola vuole aiutare i ragazzi a collocarsi nel mondo, come &#8220;cittadini globali&#8221;, a trovare il loro posto nella complessit\u00e0 che sono chiamati ad abitare, non possiamo non accogliere la sfida tecnologica che questa realt\u00e0 ci pone.<\/p>\n<p><a href=\"https:\/\/educazione.gesuiti.it\/wp-content\/uploads\/sites\/9\/2019\/02\/2019-02-15-ITAS-LEADER5.jpeg\"><img loading=\"lazy\" decoding=\"async\" class=\"aligncenter wp-image-1879\" src=\"https:\/\/educazione.gesuiti.it\/wp-content\/uploads\/sites\/9\/2019\/02\/2019-02-15-ITAS-LEADER5-800x451.jpeg\" alt=\"\" width=\"460\" height=\"259\" \/><\/a><\/p>\n<p>Le tecnologie sono presenti nella quotidianit\u00e0 dei nostri alunni, nelle loro relazioni, nelle loro modalit\u00e0 comunicative, nel loro modo di approcciare e conoscere il mondo. Le tecnologie di oggi veicolano anche le loro emozioni, i loro desideri e l&#8217;espressione della loro interiorit\u00e0, che spessono loro stessi non sono in grado di comprendere e governare con responsabilit\u00e0. Ecco quindi le tecnologie rappresentano da un lato un alleato importante nella progettazione di attivit\u00e0 formative, dall&#8217;altro un terreno che noi educatori non possiamo ignorare e lasciare all'&#8221;autogestione&#8221; dei nostri ragazzi.<\/p>\n<p><a href=\"https:\/\/educazione.gesuiti.it\/wp-content\/uploads\/sites\/9\/2019\/02\/2019-02-15-ITAS-LEADER6.jpeg\"><img loading=\"lazy\" decoding=\"async\" class=\"aligncenter wp-image-1880\" src=\"https:\/\/educazione.gesuiti.it\/wp-content\/uploads\/sites\/9\/2019\/02\/2019-02-15-ITAS-LEADER6-800x451.jpeg\" alt=\"\" width=\"460\" height=\"259\" \/><\/a><\/p>\n<p>Su queste riflessioni e con questo spirito, nei due giorni di lavori, i referenti delle tecnologie delle scuole della nostra rete si sono confrontati, condividendo le esperienze in atto nelle varie scuole, riflettendo sulle nuove sfide e progettando attivit\u00e0 e percorsi comuni.<\/p>\n<p><a href=\"https:\/\/educazione.gesuiti.it\/wp-content\/uploads\/sites\/9\/2019\/02\/2019-02-15-ITAS-LEADER4.jpeg\"><img loading=\"lazy\" decoding=\"async\" class=\"aligncenter wp-image-1878\" src=\"https:\/\/educazione.gesuiti.it\/wp-content\/uploads\/sites\/9\/2019\/02\/2019-02-15-ITAS-LEADER4-800x451.jpeg\" alt=\"\" width=\"460\" height=\"259\" \/><\/a><\/p>\n<p>In tutte le nostre scuole sono in atto molte attivit\u00e0 interessanti, di alto valore didattico e formativo nel campo delle tecnologie. Alcune sono specifiche di singole scuole, altre, invece, sono comuni a molte delle nostre scuole. Un esempio \u00e8 rappresentato dalla didattica con i tablet e, in particolare, con gli Ipad. Per questo, nel pomeriggio di gioved\u00ec 14 febbraio, i responsabili delle tecnologie hanno avuto in incontro con Andrea Maricelli, formatore Apple che ha accompagnato alcune nostre scuole nell&#8217;introduzione della didattica con gli Ipad, per un confronto su alcune nuove interessanti evoluzioni e possibilit\u00e0 offerte dal mondo Apple per l&#8217;Educazione.<\/p>\n<p>La seconda giornata di lavori, invece, \u00e8 stata dedicata di pi\u00f9 agli aspetti progettuali, alla revisione del &#8220;profilo del leader ITAS&#8221; delle nostre scuole e all&#8217;individuazione di alcune azioni concrete comuni da intraprendere nelle nostre scuole nel futuro.<\/p>\n<p><a href=\"https:\/\/educazione.gesuiti.it\/wp-content\/uploads\/sites\/9\/2019\/02\/2019-02-15-ITAS-LEADER2.jpeg\"><img loading=\"lazy\" decoding=\"async\" class=\"aligncenter wp-image-1876\" src=\"https:\/\/educazione.gesuiti.it\/wp-content\/uploads\/sites\/9\/2019\/02\/2019-02-15-ITAS-LEADER2-800x451.jpeg\" alt=\"\" width=\"460\" height=\"259\" \/><\/a><\/p>\n","protected":false},"excerpt":{"rendered":"<p>Il 14 e il 15 febbraio si \u00e8 tenuto a Milano, presso la sede della Fondazione Gesuiti Educazione, un seminario per i referenti delle tecnologie delle scuole della rete.<\/p>\n","protected":false},"author":4,"featured_media":1882,"comment_status":"closed","ping_status":"open","sticky":false,"template":"","format":"standard","meta":{"_acf_changed":false,"footnotes":""},"categories":[258],"tags":[189],"istituto":[],"partner":[],"class_list":["post-1863","post","type-post","status-publish","format-standard","has-post-thumbnail","hentry","category-attivita","tag-tencologie"],"acf":[],"_links":{"self":[{"href":"https:\/\/www.gesuitieducazione.it\/en\/wp-json\/wp\/v2\/posts\/1863"}],"collection":[{"href":"https:\/\/www.gesuitieducazione.it\/en\/wp-json\/wp\/v2\/posts"}],"about":[{"href":"https:\/\/www.gesuitieducazione.it\/en\/wp-json\/wp\/v2\/types\/post"}],"author":[{"embeddable":true,"href":"https:\/\/www.gesuitieducazione.it\/en\/wp-json\/wp\/v2\/users\/4"}],"replies":[{"embeddable":true,"href":"https:\/\/www.gesuitieducazione.it\/en\/wp-json\/wp\/v2\/comments?post=1863"}],"version-history":[{"count":1,"href":"https:\/\/www.gesuitieducazione.it\/en\/wp-json\/wp\/v2\/posts\/1863\/revisions"}],"predecessor-version":[{"id":4572,"href":"https:\/\/www.gesuitieducazione.it\/en\/wp-json\/wp\/v2\/posts\/1863\/revisions\/4572"}],"wp:featuredmedia":[{"embeddable":true,"href":"https:\/\/www.gesuitieducazione.it\/en\/wp-json\/wp\/v2\/media\/1882"}],"wp:attachment":[{"href":"https:\/\/www.gesuitieducazione.it\/en\/wp-json\/wp\/v2\/media?parent=1863"}],"wp:term":[{"taxonomy":"category","embeddable":true,"href":"https:\/\/www.gesuitieducazione.it\/en\/wp-json\/wp\/v2\/categories?post=1863"},{"taxonomy":"post_tag","embeddable":true,"href":"https:\/\/www.gesuitieducazione.it\/en\/wp-json\/wp\/v2\/tags?post=1863"},{"taxonomy":"istituto","embeddable":true,"href":"https:\/\/www.gesuitieducazione.it\/en\/wp-json\/wp\/v2\/istituto?post=1863"},{"taxonomy":"partner","embeddable":true,"href":"https:\/\/www.gesuitieducazione.it\/en\/wp-json\/wp\/v2\/partner?post=1863"}],"curies":[{"name":"wp","href":"https:\/\/api.w.org\/{rel}","templated":true}]}}