{"id":1853,"date":"2019-02-09T12:53:24","date_gmt":"2019-02-09T11:53:24","guid":{"rendered":"https:\/\/educazione.gesuiti.it\/?p=1853"},"modified":"2019-02-09T12:53:24","modified_gmt":"2019-02-09T11:53:24","slug":"roma-educare-da-buoni-frutti-ecologia-integrale-nelle-scuole","status":"publish","type":"post","link":"https:\/\/www.gesuitieducazione.it\/en\/roma-educare-da-buoni-frutti-ecologia-integrale-nelle-scuole\/","title":{"rendered":"Roma. Educare d\u00e0 buoni frutti:  ecologia integrale nelle scuole"},"content":{"rendered":"<p><em>\u201cChe tipo di mondo desideriamo trasmettere a coloro che verranno dopo di noi, ai bambini che stanno crescendo? \u2026se questa domanda viene posta con coraggio, ci conduce inesorabilmente ad altri interrogativi molto diretti: A che scopo passiamo da questo mondo? Per quale fine siamo venuti in questa vita? Per che scopo lavoriamo e lottiamo? Perch\u00e9 questa terra ha bisogno di noi? Pertanto, non basta pi\u00f9 dire che dobbiamo preoccuparci per le future generazioni.\u00a0<strong>Occorre rendersi conto che quello che c\u2019\u00e8 in gioco \u00e8 la dignit\u00e0 di noi stessi. Siamo noi i primi interessati a trasmettere un pianeta abitabile per l\u2019umanit\u00e0 che verr\u00e0 dopo di noi.<\/strong>\u00a0\u00c8 un dramma per noi stessi, perch\u00e9 ci\u00f2 chiama in causa il significato del nostro passaggio su questa terra\u201d (Laudato S\u00ec 160).<\/em><\/p>\n<p>A partire da domande e riflessioni di questo tipo, il seminario si inserisce in un progetto pilota di Educazione alla Cittadinanza Globale e mira a promuovere una politica ambientale e sociale all\u2019interno della scuola, sulla base delle indicazioni emerse dall\u2019<strong>Action Statement<\/strong> rilasciato dal Congresso Internazionale dei Delegati dell\u2019Educazione della Compagnia di Ges\u00f9 a Rio de Janeiro ad ottobre 2017 e in riferimento alle Linee guida sul Curriculum Ignaziano miranti a integrare la giustizia, la fede e la cura della casa comune all\u2019interno del curriculum scolastico.<\/p>\n<p>Per il mondo della scuola si tratta di una sfida e un\u2019occasione di primaria importanza: formare ad una cittadinanza ecologica per rendere i giovani d\u2019oggi i primi protagonisti di una ecologia integrale, di uno sguardo sulla realt\u00e0 che sappia considerare tutti i fattori, dal rispetto per l\u2019ambiente all\u2019amore per il singolo uomo. La questione \u00e8 educativa: non basta qualche gesto di buona condotta sia verso la natura sia verso gli altri; si tratta di sfidare giovani e adulti a prendere coscienza che l\u2019uomo e la natura prendono valore solo se vibra nel cuore il senso del mistero.\u00a0<strong>Questo \u00e8 il principio educativo imprescindibile, che tutto \u00e8 in relazione perch\u00e9 in relazione con l\u2019altro.<\/strong><\/p>\n<p><a href=\"https:\/\/educazione.gesuiti.it\/wp-content\/uploads\/sites\/9\/2019\/02\/2019-02-09-cittadinanza2.jpg\"><img loading=\"lazy\" decoding=\"async\" class=\"aligncenter wp-image-1857\" src=\"https:\/\/educazione.gesuiti.it\/wp-content\/uploads\/sites\/9\/2019\/02\/2019-02-09-cittadinanza2.jpg\" alt=\"\" width=\"460\" height=\"396\" srcset=\"https:\/\/www.gesuitieducazione.it\/wp-content\/uploads\/2019\/02\/2019-02-09-cittadinanza2.jpg 557w, https:\/\/www.gesuitieducazione.it\/wp-content\/uploads\/2019\/02\/2019-02-09-cittadinanza2-300x259.jpg 300w\" sizes=\"(max-width: 460px) 100vw, 460px\" \/><\/a><\/p>\n<p><em>\u201cLa sfida urgente di proteggere la nostra casa comune comprende la preoccupazione di unire tutta la famiglia umana nella ricerca di uno sviluppo sostenibile e integrale, poich\u00e9 sappiamo che le cose possono cambiare. (\u2026). L\u2019umanit\u00e0 ha ancora la capacit\u00e0 di collaborare per costruire la nostra casa comune\u201d (LS 13).<\/em><\/p>\n<p>Raccogliendo la sollecitazione delineata dalla\u00a0<em>Laudato Si\u2019\u00a0<\/em>e riconoscendo da un lato la necessit\u00e0 del coinvolgimento e del protagonismo delle comunit\u00e0 locali nella costruzione di una societ\u00e0 giusta e rispettosa dell\u2019uomo e dell\u2019ambiente, e dall\u2019altro l\u2019importanza del coinvolgimento della popolazione italiana nelle dinamiche di sviluppo, la Fondazione Gesuiti Educazione insieme con la Fondazione MAGIS ha avviato un progetto triennale di\u00a0<strong>Educazione alla cittadinanza globale e formazione interculturale<\/strong>\u00a0affinch\u00e9 una nuova generazione di cittadini e cittadine venga formata con conoscenze, capacit\u00e0, valori e atteggiamenti che favoriscano un mondo pi\u00f9 sostenibile e inclusivo.<\/p>\n<p>Allora l\u2019educazione, attraverso la promozione dello sviluppo sostenibile, della pace e della cittadinanza globale, pu\u00f2 generare davvero quella rivoluzione culturale invocata dalla\u00a0<em>Laudato Si\u2019<\/em>\u00a0e determinare un cambiamento nella societ\u00e0 umana.<\/p>\n<p><a href=\"https:\/\/educazione.gesuiti.it\/wp-content\/uploads\/sites\/9\/2019\/02\/2019-02-09-cittadinanza3.jpg\"><img loading=\"lazy\" decoding=\"async\" class=\"aligncenter wp-image-1860\" src=\"https:\/\/educazione.gesuiti.it\/wp-content\/uploads\/sites\/9\/2019\/02\/2019-02-09-cittadinanza3.jpg\" alt=\"\" width=\"460\" height=\"442\" srcset=\"https:\/\/www.gesuitieducazione.it\/wp-content\/uploads\/2019\/02\/2019-02-09-cittadinanza3.jpg 499w, https:\/\/www.gesuitieducazione.it\/wp-content\/uploads\/2019\/02\/2019-02-09-cittadinanza3-300x289.jpg 300w\" sizes=\"(max-width: 460px) 100vw, 460px\" \/><\/a><\/p>\n","protected":false},"excerpt":{"rendered":"<p>Il 28 e 29 gennaio 2019 si \u00e8 svolto a Roma un seminario di approfondimento sull\u2019Educazione alla Cittadinanza Globale intitolato \u201cEducare d\u00e0 buoni frutti: ecologia integrale nelle scuole\u201d, organizzato dalla Fondazione MAGIS in collaborazione con la Fondazione Gesuiti Educazione e rivolto a un gruppo di 10 docenti dell\u2019Istituto Massimiliano Massimo.<br \/>\nLaudato Si\u2019, Agenda 2030, sviluppo sostenibile, ecologia integrale, sfide educative, cooperazione missionaria e internazionale: sono i temi di approfondimento e riflessione su cui si sono misurati i docenti.<\/p>\n","protected":false},"author":4,"featured_media":1855,"comment_status":"closed","ping_status":"open","sticky":false,"template":"","format":"standard","meta":{"_acf_changed":false,"footnotes":""},"categories":[10],"tags":[100,188],"istituto":[],"partner":[],"class_list":["post-1853","post","type-post","status-publish","format-standard","has-post-thumbnail","hentry","category-notizie","tag-laudato-si","tag-cittadinanza-globale"],"acf":[],"_links":{"self":[{"href":"https:\/\/www.gesuitieducazione.it\/en\/wp-json\/wp\/v2\/posts\/1853"}],"collection":[{"href":"https:\/\/www.gesuitieducazione.it\/en\/wp-json\/wp\/v2\/posts"}],"about":[{"href":"https:\/\/www.gesuitieducazione.it\/en\/wp-json\/wp\/v2\/types\/post"}],"author":[{"embeddable":true,"href":"https:\/\/www.gesuitieducazione.it\/en\/wp-json\/wp\/v2\/users\/4"}],"replies":[{"embeddable":true,"href":"https:\/\/www.gesuitieducazione.it\/en\/wp-json\/wp\/v2\/comments?post=1853"}],"version-history":[{"count":0,"href":"https:\/\/www.gesuitieducazione.it\/en\/wp-json\/wp\/v2\/posts\/1853\/revisions"}],"wp:featuredmedia":[{"embeddable":true,"href":"https:\/\/www.gesuitieducazione.it\/en\/wp-json\/wp\/v2\/media\/1855"}],"wp:attachment":[{"href":"https:\/\/www.gesuitieducazione.it\/en\/wp-json\/wp\/v2\/media?parent=1853"}],"wp:term":[{"taxonomy":"category","embeddable":true,"href":"https:\/\/www.gesuitieducazione.it\/en\/wp-json\/wp\/v2\/categories?post=1853"},{"taxonomy":"post_tag","embeddable":true,"href":"https:\/\/www.gesuitieducazione.it\/en\/wp-json\/wp\/v2\/tags?post=1853"},{"taxonomy":"istituto","embeddable":true,"href":"https:\/\/www.gesuitieducazione.it\/en\/wp-json\/wp\/v2\/istituto?post=1853"},{"taxonomy":"partner","embeddable":true,"href":"https:\/\/www.gesuitieducazione.it\/en\/wp-json\/wp\/v2\/partner?post=1853"}],"curies":[{"name":"wp","href":"https:\/\/api.w.org\/{rel}","templated":true}]}}