{"id":1733,"date":"2018-10-31T10:52:08","date_gmt":"2018-10-31T09:52:08","guid":{"rendered":"https:\/\/educazione.gesuiti.it\/?p=1733"},"modified":"2018-10-31T10:52:08","modified_gmt":"2018-10-31T09:52:08","slug":"grecia-i-nostri-maturandi-tra-le-diverse-anime-della-grecia","status":"publish","type":"post","link":"https:\/\/www.gesuitieducazione.it\/en\/grecia-i-nostri-maturandi-tra-le-diverse-anime-della-grecia\/","title":{"rendered":"Grecia. I nostri maturandi tra le diverse &#8220;anime della Grecia&#8221;"},"content":{"rendered":"<p>\u201cLa prima serata della visita di istruzione &#8211; commenta Padre Eraldo Cacchione SJ &#8211; si \u00e8 svolta con una lezione-dibattito sulla situazione della Grecia contemporanea, a partire dalla grande crisi economica del 2010. L\u2019etno-antropologo Panagiotis Grigoriou, autore di un importante blog in lingua francese che ha seguito passo passo la crisi greca, ha intrattenuto i nostri 250 studenti esponendo le ragioni e la fenomenologia della crisi greca partendo da un approccio antropologico. I dati presentati da Panagiotis sono stati sconcertanti e presentano la Grecia come un paese \u2018finanziariamente occupato\u2019 da fondi non-statali, appartenenti a privati, attraverso i quali il gigantesco debito pubblico \u00e8 stato \u2018ripianato\u2019 in seguito alle misure di austerity imposte al governo greco dalla \u2018troika\u2019. Oggi la Grecia ha perso una buona parte della sua sovranit\u00e0; questo dato di fatto \u00e8 stato esaminato da Grigoriou in diversi aspetti: crisi sociale, crisi dei servizi pubblici essenziali, crisi delle pensioni e degli stipendi, crisi occupazionale. I ragazzi hanno risposto ponendo domande di approfondimento e non sempre concordando in toto con l\u2019analisi dello storico.\u00a0La cosa pi\u00f9 importante di questo inizio di visita \u00e8 che la riflessione iniziale ci ha permesso di non \u2018atterrare\u2019 come extraterrestri nel contesto che andremo scoprendo, ma di vivere i nostri giorni partendo da un \u2018punto di vista\u2019, con cui dovremo confrontarci durante ogni esplorazione delle diverse mete previste in questo viaggio. Panagiotis rester\u00e0 per tutta la settimana con il gruppo, spostandosi ogni giorno con un diverso pullman, a disposizione di giovani ed adulti per continuare la conversazione a tu per tu con chi vorr\u00e0 discorrere con lui da ciascuna delle nostre scuole. Ritengo che questo sia un buon livello al quale situare un viaggio di istruzione di \u2018Maturit\u00e0\u2019: non solo \u2018vedere\u2019, ma essere capaci di riflettere criticamente su ci\u00f2 che si vede e di ricavare i fondamenti per una nuova consapevolezza e una possibile azione di cambiamento sociale, nella linea di una \u2018fede che compie la giustizia\u2019.<\/p>\n<p>I ragazzi, a rotazione, &#8220;rileggono&#8221; giornate o momenti del viaggio in un&#8217;ottica riflessiva, secondo la pedagogia ignaziana, per rivivere e rielaborare pi\u00f9 in profondit\u00e0 quanto osservato, sentito, &#8220;gustato&#8221;.<\/p>\n<p>Racconta Virgina da Palermo:<\/p>\n<p>&#8220;Domenica 28 Ottobre, ore 4:00 del mattino, tutto il 5^ anno \u00e8 riunito in aeroporto. Anche se con alcune difficolt\u00e0, i giovani avventurieri arrivano ad Atene, con tante ansie e paure, ma con altrettanta curiosit\u00e0 e speranza nel cuore.\u00a0Ricercare, scoprire e amare, le tre parole che ci sussurra il nostro animo, le tre parole guida del nostro viaggio, le tre parole chiave che ci servono ad aprire quel mondo che ci porter\u00e0 in una cultura sconosciuta, ma desiderosa di farsi conoscere. Pian piano, ad ogni passo all\u2019interno di quel grande edificio, esso ci concedeva un pezzo di puzzle per ricostruire quella che \u00e8 la grande storia Greca. Ogni cosa era storia che portava ciascuno di noi a una riflessione, a un punto interrogativo che punta a scomparire a fine esperienza, ma che probabilmente finir\u00e0 per essere sostituito da un&#8217;altra domanda poich\u00e9 l\u2019uomo non pu\u00f2 che porsi interrogativi sempre nuovi.<\/p>\n<p><a href=\"https:\/\/educazione.gesuiti.it\/wp-content\/uploads\/sites\/9\/2018\/10\/WhatsApp-Image-2018-10-29-at-14.02.13.jpg\"><img loading=\"lazy\" decoding=\"async\" class=\"aligncenter size-full wp-image-1740\" src=\"https:\/\/educazione.gesuiti.it\/wp-content\/uploads\/sites\/9\/2018\/10\/WhatsApp-Image-2018-10-29-at-14.02.13.jpg\" alt=\"\" width=\"460\" height=\"460\" srcset=\"https:\/\/www.gesuitieducazione.it\/wp-content\/uploads\/2018\/10\/WhatsApp-Image-2018-10-29-at-14.02.13.jpg 460w, https:\/\/www.gesuitieducazione.it\/wp-content\/uploads\/2018\/10\/WhatsApp-Image-2018-10-29-at-14.02.13-300x300.jpg 300w, https:\/\/www.gesuitieducazione.it\/wp-content\/uploads\/2018\/10\/WhatsApp-Image-2018-10-29-at-14.02.13-150x150.jpg 150w\" sizes=\"(max-width: 460px) 100vw, 460px\" \/><\/a><\/p>\n<p>Ogni disegno, ogni orma, ogni incisione sono un&#8217;impronta passata che, ancora nel presente, lascia un segno. Ci trasmette meraviglia nell\u2019aver ricercato, scoperto e amato una cultura differente dalla nostra, una cultura che tra i banchi di scuola ci sembra cos\u00ec lontana, ma in realt\u00e0 \u00e8 cos\u00ec vicina.\u00a0In seguito la ricerca prosegue nell\u2019ambito culinario, girando per una piazza vicina all\u2019hotel. Alcuni di noi hanno assaggiato le gustosissime pietanze tipiche greche circondato dagli odori e sapori tipici.\u00a0Nel pomeriggio comincia la passeggiata verso la scoperta del quartiere e della citt\u00e0. Alcuni dei monumenti e strutture viste sono: La Biblioteca Nazionale, il Parlamento, L\u2019Accademia e la Chiesa di Kapnikarea. Gli edifici sono accomunati dalla tendenza a progettare l\u2019Atene moderna seguendo il gusto classico e il mito dell\u2019Ellade, tanto apprezzato dai locali quanto dai turisti europei, in cerca di qualcosa di suggestivo. Infine, l\u2019ultimo momento della giornata: un momento di condivisone insieme a tutte le scuole (Roma, Torino, Milano, Messina e Palermo). Un momento pieno di emozioni contrastanti, poich\u00e9 l\u2019imbarazzo \u00e8 sempre accompagnato dalla voglia di conoscersi. Molti, invece, hanno potuto rincontrare amici che da tempo non vedevano, tutto in un clima di gioia e serenit\u00e0&#8221;.<\/p>\n<p><a href=\"https:\/\/educazione.gesuiti.it\/wp-content\/uploads\/sites\/9\/2018\/10\/gRECIA-2018-10-29-WEB.jpg\"><img loading=\"lazy\" decoding=\"async\" class=\"aligncenter size-full wp-image-1737\" src=\"https:\/\/educazione.gesuiti.it\/wp-content\/uploads\/sites\/9\/2018\/10\/gRECIA-2018-10-29-WEB.jpg\" alt=\"\" width=\"460\" height=\"460\" srcset=\"https:\/\/www.gesuitieducazione.it\/wp-content\/uploads\/2018\/10\/gRECIA-2018-10-29-WEB.jpg 460w, https:\/\/www.gesuitieducazione.it\/wp-content\/uploads\/2018\/10\/gRECIA-2018-10-29-WEB-300x300.jpg 300w, https:\/\/www.gesuitieducazione.it\/wp-content\/uploads\/2018\/10\/gRECIA-2018-10-29-WEB-150x150.jpg 150w\" sizes=\"(max-width: 460px) 100vw, 460px\" \/><\/a><\/p>\n<p>Prosegue\u00a0Leonardo da Roma con il racconto della giornata del 29 ottobre:<\/p>\n<p>&#8220;Dopo aver fatto colazione in hotel, la classe, ancora &#8220;sonnechiante&#8221;, sal\u00ec sul pullman, pronto a farci varcare l&#8217;istmo di Corinto, la sottile striscia di terra che unisce il Peloponneso alla Grecia. Dopo aver ripreso le energie in un bar di passaggio, siamo stati pronti a visitare la citt\u00e0 di Corinto&#8230; fuori dal museo, un &#8216;locus amoenus&#8217; di rovine (tra cui il pulpito di San Paolo) sul prato, sotto gli alberi, vicino ai cespugli,&#8230; circondati da cani e gatti che riposavano insieme. Rifugiati sotto un albero, padre Salvo ci lesse un passaggio della Prima lettera di S. Paolo ai Corinti: l&#8217;inno all&#8217;amore. Le sue parole diedero a tutti noi degli spunti di riflessione, che ci hanno accompagnato per tutta la giornata. Camminando tra le rovine ci siamo impressionati per la bellezza dei resti del Tempio di Apollo, che, dopo pi\u00f9 di 2000 anni, resta ancora in piedi. Chiss\u00e0 cosa direbbero quei massi se potessero parlare&#8230;<br \/>\nMicene. Dopo aver superato le mura ciclopiche ed aver varcato la &#8220;porta dei leoni&#8221; della rocca di Micene, abbiamo raggiunto il punto pi\u00f9 alto della citt\u00e0, da dove era possibile avere un&#8217;ampia vista dei colli e delle pianure. Che bel panorama godevano i micenei! Infine visitammo la tomba del re di Micene. L&#8217;ultima meta della giornata, Epidauro, dove abbiamo visitato un anfiteatro greco. Esso, oltre a divertire gli spettatori, veniva anche usato come terapia per le malattie psicosomatiche. Dopo aver fatto test di acustica, foto di gruppo e selfie con sconosciuti, ci avviammo verso Atene.<br \/>\nIl viaggio di ritorno lo abbiamo passato a: vedere film, fare gare di rap, ascoltare musica&#8230; ma soprattutto dormire. Dopo la cena siamo usciti tutti insieme a goderci Atene &#8220;notturna&#8221;.<\/p>\n<p><a href=\"https:\/\/educazione.gesuiti.it\/wp-content\/uploads\/sites\/9\/2018\/10\/WhatsApp-Image-2018-10-29-WEB.jpg\"><img loading=\"lazy\" decoding=\"async\" class=\"aligncenter size-full wp-image-1738\" src=\"https:\/\/educazione.gesuiti.it\/wp-content\/uploads\/sites\/9\/2018\/10\/WhatsApp-Image-2018-10-29-WEB.jpg\" alt=\"\" width=\"460\" height=\"259\" srcset=\"https:\/\/www.gesuitieducazione.it\/wp-content\/uploads\/2018\/10\/WhatsApp-Image-2018-10-29-WEB.jpg 460w, https:\/\/www.gesuitieducazione.it\/wp-content\/uploads\/2018\/10\/WhatsApp-Image-2018-10-29-WEB-300x169.jpg 300w\" sizes=\"(max-width: 460px) 100vw, 460px\" \/><\/a><\/p>\n<p>Infine, Elisa da Milano ci racconta il terzo giorno con la visita ad Atene e all&#8217;Acropoli:<\/p>\n<p>&#8220;Questa mattina abbiamo visitato l\u2019Acropoli. \u00c8 stato molto interessante percorrere il cammino che intraprendevano gli antichi per arrivare fino al Partenone e, nel mentre, imbattersi nei luoghi che rappresentavano il fulcro della vita cittadina dell\u2019epoca. Abbiamo, ad esempio, avuto l\u2019opportunit\u00e0 di ammirare il teatro di Dioniso, luogo di rappresentazione non itinerante pi\u00f9 antico al mondo. Oggetto di particolare attenzione \u00e8 stata anche l\u2019agor\u00e0, luogo prediletto dagli antichi per intrattenere rapporti sia sociali sia commerciali. Arrivati, infine, nei pressi del Partenone abbiamo potuto godere di un magnifico panorama. Dalla cima dell\u2019acropoli era possibile osservare la sagoma dell\u2019isola di Salamina e l\u2019agor\u00e0, luoghi che, nel corso del percorso di studi classici, sono stati numerose volte oggetto di studio.<br \/>\nAbbiamo, inoltre, visitato il museo dell\u2019Acropoli. Hanno, in particolare, destato la mia attenzione i kouroi, statue di uomini e donne risalenti al periodo arcaico. La caratteristica delle statue risalenti a questa particolare epoca della storia antica che mi ha maggiormente colpita \u00e8 il sorriso scolpito sui volti di tutti i kouroi. Esso riflette, infatti, lo stato d\u2019animo privo di preoccupazioni degli abitanti della Grecia in quel periodo della storia.<br \/>\nIn conclusione, ritengo una grande occasione quella di potere visitare luoghi che sono stati oggetto di studio per tutto il corso di studi intrapreso insieme non solo ad i miei compagni di scuola, ma anche ai ragazzi appartenenti a tutta la rete di scuole dei gesuiti, con i quali condividiamo un agire connotato da un \u201cmagis\u201d.<\/p>\n<p><a href=\"https:\/\/educazione.gesuiti.it\/wp-content\/uploads\/sites\/9\/2018\/10\/WhatsApp-Image-2018-10-30-at-13.26.51.jpg\"><img loading=\"lazy\" decoding=\"async\" class=\"aligncenter size-full wp-image-1739\" src=\"https:\/\/educazione.gesuiti.it\/wp-content\/uploads\/sites\/9\/2018\/10\/WhatsApp-Image-2018-10-30-at-13.26.51.jpg\" alt=\"\" width=\"460\" height=\"460\" srcset=\"https:\/\/www.gesuitieducazione.it\/wp-content\/uploads\/2018\/10\/WhatsApp-Image-2018-10-30-at-13.26.51.jpg 460w, https:\/\/www.gesuitieducazione.it\/wp-content\/uploads\/2018\/10\/WhatsApp-Image-2018-10-30-at-13.26.51-300x300.jpg 300w, https:\/\/www.gesuitieducazione.it\/wp-content\/uploads\/2018\/10\/WhatsApp-Image-2018-10-30-at-13.26.51-150x150.jpg 150w\" sizes=\"(max-width: 460px) 100vw, 460px\" \/><\/a><\/p>\n<p>&#8230; to be continued&#8230;<\/p>\n","protected":false},"excerpt":{"rendered":"<p>Dal 28 ottobre al 4 novembre 2018 i maturandi delle scuole Gesuiti Educazione sono in viaggio in Grecia. La Grecia ha da sempre avuto un ruolo fondamentale per la storia europea. Sin dall\u2019antichit\u00e0 \u00e8 stata crocevia e ponte tra Oriente e Occidente e ci\u00f2 le ha permesso di essere un luogo privilegiato per il pensiero, l\u2019arte, la religione e la politica. L\u2019itinerario che stanno vivendo i nostri ragazzi in questi giorni cerca di tenere insieme tutte queste anime percorrendone i luoghi, che spesso sono stati testimoni di vicende varie.<\/p>\n","protected":false},"author":4,"featured_media":1736,"comment_status":"closed","ping_status":"open","sticky":false,"template":"","format":"standard","meta":{"_acf_changed":false,"footnotes":""},"categories":[10],"tags":[180,181,182],"istituto":[],"partner":[],"class_list":["post-1733","post","type-post","status-publish","format-standard","has-post-thumbnail","hentry","category-notizie","tag-grecia","tag-maturita","tag-viaggio-in-grecia"],"acf":[],"_links":{"self":[{"href":"https:\/\/www.gesuitieducazione.it\/en\/wp-json\/wp\/v2\/posts\/1733"}],"collection":[{"href":"https:\/\/www.gesuitieducazione.it\/en\/wp-json\/wp\/v2\/posts"}],"about":[{"href":"https:\/\/www.gesuitieducazione.it\/en\/wp-json\/wp\/v2\/types\/post"}],"author":[{"embeddable":true,"href":"https:\/\/www.gesuitieducazione.it\/en\/wp-json\/wp\/v2\/users\/4"}],"replies":[{"embeddable":true,"href":"https:\/\/www.gesuitieducazione.it\/en\/wp-json\/wp\/v2\/comments?post=1733"}],"version-history":[{"count":0,"href":"https:\/\/www.gesuitieducazione.it\/en\/wp-json\/wp\/v2\/posts\/1733\/revisions"}],"wp:featuredmedia":[{"embeddable":true,"href":"https:\/\/www.gesuitieducazione.it\/en\/wp-json\/wp\/v2\/media\/1736"}],"wp:attachment":[{"href":"https:\/\/www.gesuitieducazione.it\/en\/wp-json\/wp\/v2\/media?parent=1733"}],"wp:term":[{"taxonomy":"category","embeddable":true,"href":"https:\/\/www.gesuitieducazione.it\/en\/wp-json\/wp\/v2\/categories?post=1733"},{"taxonomy":"post_tag","embeddable":true,"href":"https:\/\/www.gesuitieducazione.it\/en\/wp-json\/wp\/v2\/tags?post=1733"},{"taxonomy":"istituto","embeddable":true,"href":"https:\/\/www.gesuitieducazione.it\/en\/wp-json\/wp\/v2\/istituto?post=1733"},{"taxonomy":"partner","embeddable":true,"href":"https:\/\/www.gesuitieducazione.it\/en\/wp-json\/wp\/v2\/partner?post=1733"}],"curies":[{"name":"wp","href":"https:\/\/api.w.org\/{rel}","templated":true}]}}