{"id":1718,"date":"2018-07-02T10:11:25","date_gmt":"2018-07-02T08:11:25","guid":{"rendered":"https:\/\/educazione.gesuiti.it\/?p=1718"},"modified":"2018-07-02T10:11:25","modified_gmt":"2018-07-02T08:11:25","slug":"roma-padre-barlone-nuovo-assistente-ex-alunni","status":"publish","type":"post","link":"https:\/\/www.gesuitieducazione.it\/en\/roma-padre-barlone-nuovo-assistente-ex-alunni\/","title":{"rendered":"Roma. Padre Barlone nuovo assistente ex-alunni"},"content":{"rendered":"<p>Padre Sandro Barlone \u00e8 attualmente Professore Straordinario presso la Pontificia Universit\u00e0 Gregoriana di Roma e\u00a0Direttore del Centro Fede e Cultura &#8220;Alberto Hurtado&#8221;.<\/p>\n<p>Il Padre Provinciale, con una nota del 19 giugno in cui comunicava la nomina,\u00a0 sottolinea che &#8220;Padre Sandro, per il suo lavoro alla Pontificia Universit\u00e0 Gregoriana, \u00e8\u00a0gi\u00e0 molto sensibile alla formazione dei laici e, quindi, potr\u00e0 assicurare bene, con competenza e\u00a0grande passione, l\u2019accompagnamento di cui i nostri ex-alunni hanno bisogno&#8221;.<\/p>\n<p>Nella stessa lettera, Padre Matarazzo ringrazia anche con calore e affetto il Padre Uberto Ceroni per i lunghi anni (pi\u00f9 di 30!) dedicati con entusiasmo, energia e dedizione al servizio degli ex-alunni, esprimendo apprezzamento e aspettative per quanto si riuscir\u00e0 a realizzare con e per gli ex-alunni.<\/p>\n<p>&#8220;So bene che la FEDEREX &#8211; prosegue il Padre Provinciale &#8211; permette di continuare ad accompagnare i nostri ex-alunni, ormai adulti, nei loro contesti, non pi\u00f9 scolastici, ma professionali e familiari; \u00e8 una realt\u00e0\u00a0forse poco nota e nascosta, ma preziosa e importante, che ci consente di tenere viva in genitori\u00a0e professionisti, immersi in realt\u00e0 secolari spesso complesse, quella spiritualit\u00e0 ignaziana che\u00a0hanno respirato e apprezzato nelle nostre scuole; ci permette inoltre di continuare ad\u00a0assicurare loro una possibilit\u00e0 di incontro e una rete di sostegno reciproco, sempre pi\u00f9\u00a0necessari nel nostro contesto; questo ha certamente poi una grande ricaduta nella loro\u00a0concreta vita quotidiana e familiare&#8221;.<\/p>\n<p>Il Padre Barlone ha gi\u00e0 incontrato il Padre Jimmy Bartolo (Presidente Fondazione Gesuiti Educazione) e il Dott. Fabio Croccolo (Presidente Federex), per avviare i lavori insieme, ridandosi appuntamento a breve per un incontro di coordinamento e programmazione pi\u00f9 lungo e articolato.<\/p>\n<p>Il Consiglio Federex a Gozo (Malta) del 10 novembre prossimo sar\u00e0 l&#8217;occasione per presentare ufficialmente e pubblicamente il Padre Barlone.<\/p>\n<p>Un sentito ringraziamento da parte di tutti gli ex-alunni e della Fondazione Gesuiti Educazione va al Padre Ceroni per la sua attivit\u00e0, la sua dedizione e il suo lavoro in tutti questi lunghi anni di servizio.<\/p>\n","protected":false},"excerpt":{"rendered":"<p>Il Padre Sandro Barlone \u00e8 stato nominato nuovo assistente ecclesiastico della Federex, la federazione degli ex-alunni delle scuole dei gesuiti d&#8217;Italia, subentrando a Padre Uberto Ceroni.<\/p>\n","protected":false},"author":4,"featured_media":1719,"comment_status":"closed","ping_status":"open","sticky":false,"template":"","format":"standard","meta":{"_acf_changed":false,"footnotes":""},"categories":[10],"tags":[67,68],"istituto":[],"partner":[],"class_list":["post-1718","post","type-post","status-publish","format-standard","has-post-thumbnail","hentry","category-notizie","tag-ex-alunni","tag-federex"],"acf":[],"_links":{"self":[{"href":"https:\/\/www.gesuitieducazione.it\/en\/wp-json\/wp\/v2\/posts\/1718"}],"collection":[{"href":"https:\/\/www.gesuitieducazione.it\/en\/wp-json\/wp\/v2\/posts"}],"about":[{"href":"https:\/\/www.gesuitieducazione.it\/en\/wp-json\/wp\/v2\/types\/post"}],"author":[{"embeddable":true,"href":"https:\/\/www.gesuitieducazione.it\/en\/wp-json\/wp\/v2\/users\/4"}],"replies":[{"embeddable":true,"href":"https:\/\/www.gesuitieducazione.it\/en\/wp-json\/wp\/v2\/comments?post=1718"}],"version-history":[{"count":0,"href":"https:\/\/www.gesuitieducazione.it\/en\/wp-json\/wp\/v2\/posts\/1718\/revisions"}],"wp:featuredmedia":[{"embeddable":true,"href":"https:\/\/www.gesuitieducazione.it\/en\/wp-json\/wp\/v2\/media\/1719"}],"wp:attachment":[{"href":"https:\/\/www.gesuitieducazione.it\/en\/wp-json\/wp\/v2\/media?parent=1718"}],"wp:term":[{"taxonomy":"category","embeddable":true,"href":"https:\/\/www.gesuitieducazione.it\/en\/wp-json\/wp\/v2\/categories?post=1718"},{"taxonomy":"post_tag","embeddable":true,"href":"https:\/\/www.gesuitieducazione.it\/en\/wp-json\/wp\/v2\/tags?post=1718"},{"taxonomy":"istituto","embeddable":true,"href":"https:\/\/www.gesuitieducazione.it\/en\/wp-json\/wp\/v2\/istituto?post=1718"},{"taxonomy":"partner","embeddable":true,"href":"https:\/\/www.gesuitieducazione.it\/en\/wp-json\/wp\/v2\/partner?post=1718"}],"curies":[{"name":"wp","href":"https:\/\/api.w.org\/{rel}","templated":true}]}}