{"id":1699,"date":"2018-06-09T00:00:53","date_gmt":"2018-06-08T22:00:53","guid":{"rendered":"https:\/\/educazione.gesuiti.it\/?p=1699"},"modified":"2018-06-09T00:00:53","modified_gmt":"2018-06-08T22:00:53","slug":"messina-la-consegna-dei-crocifissi-ai-maturandi","status":"publish","type":"post","link":"https:\/\/www.gesuitieducazione.it\/en\/messina-la-consegna-dei-crocifissi-ai-maturandi\/","title":{"rendered":"Messina. La consegna dei crocifissi ai maturandi"},"content":{"rendered":"<p>Come ogni anno, ai ragazzi delle classi in uscita (dalla scuola primaria al liceo) \u00e8 stato consegnato un ricordo che simboleggia il momento di passaggio che ciascuno di noi sta vivendo\u2026 un momento di \u201cscelta\u201d, che segner\u00e0 il nostro percorso di vita, alla ricerca del nostro momento opportuno in cui qualcosa di speciale accade. A noi ragazzi del quinto anno, in particolare, \u00e8 stato consegnato il crocifisso.<\/p>\n<p>Ogni momento di passaggio comporta la perdita della stabilit\u00e0 che, talvolta a fatica, \u00e8 stata raggiunta ma che \u00e8 necessaria per andare avanti. E adesso tocca a noi abbandonare il nostro equilibrio, lanciarci verso una serie di infinite possibilit\u00e0 e affrontare concretamente la vita reale, con le scelte e gli ostacoli che questo comporta. Alcuni di noi cambieranno citt\u00e0 per andare all\u2019universit\u00e0, altri inizieranno percorsi diversi, ma questa scuola per noi rester\u00e0 sempre casa. E porteremo con noi l\u2019immagine e la testimonianza di quel crocifisso che ci \u00e8 stato consegnato, che ci ricorda \u2013 ogni giorno di pi\u00f9 \u2013 che per far fiorire questo mondo bisogna assumere la prospettiva da Lui indicata, quella del dono gratuito e dell\u2019attenzione all\u2019altro. Siamo un paesaggio favoloso in continua evoluzione e vogliamo ringraziare chi ci ha permesso di far parte di questa bellissima realt\u00e0 in cui non esiste un IO ma solo un NOI!!<\/p>\n<p>Classe V liceo Collegio S. Ignazio Messina<\/p>\n","protected":false},"excerpt":{"rendered":"<p>Gioved\u00ec 31 maggio 2018 abbiamo avuto il piacere di accogliere presso il nostro collegio, il Sant\u2019Ignazio di Messina, Padre Salvo Collura s.j., responsabile della Pastorale per la Fondazione Gesuiti Educazione, che ha celebrato con noi la S. Messa di fine anno scolastico. <\/p>\n","protected":false},"author":4,"featured_media":1700,"comment_status":"closed","ping_status":"open","sticky":false,"template":"","format":"standard","meta":{"_acf_changed":false,"footnotes":""},"categories":[10],"tags":[],"istituto":[],"partner":[],"class_list":["post-1699","post","type-post","status-publish","format-standard","has-post-thumbnail","hentry","category-notizie"],"acf":[],"_links":{"self":[{"href":"https:\/\/www.gesuitieducazione.it\/en\/wp-json\/wp\/v2\/posts\/1699"}],"collection":[{"href":"https:\/\/www.gesuitieducazione.it\/en\/wp-json\/wp\/v2\/posts"}],"about":[{"href":"https:\/\/www.gesuitieducazione.it\/en\/wp-json\/wp\/v2\/types\/post"}],"author":[{"embeddable":true,"href":"https:\/\/www.gesuitieducazione.it\/en\/wp-json\/wp\/v2\/users\/4"}],"replies":[{"embeddable":true,"href":"https:\/\/www.gesuitieducazione.it\/en\/wp-json\/wp\/v2\/comments?post=1699"}],"version-history":[{"count":0,"href":"https:\/\/www.gesuitieducazione.it\/en\/wp-json\/wp\/v2\/posts\/1699\/revisions"}],"wp:featuredmedia":[{"embeddable":true,"href":"https:\/\/www.gesuitieducazione.it\/en\/wp-json\/wp\/v2\/media\/1700"}],"wp:attachment":[{"href":"https:\/\/www.gesuitieducazione.it\/en\/wp-json\/wp\/v2\/media?parent=1699"}],"wp:term":[{"taxonomy":"category","embeddable":true,"href":"https:\/\/www.gesuitieducazione.it\/en\/wp-json\/wp\/v2\/categories?post=1699"},{"taxonomy":"post_tag","embeddable":true,"href":"https:\/\/www.gesuitieducazione.it\/en\/wp-json\/wp\/v2\/tags?post=1699"},{"taxonomy":"istituto","embeddable":true,"href":"https:\/\/www.gesuitieducazione.it\/en\/wp-json\/wp\/v2\/istituto?post=1699"},{"taxonomy":"partner","embeddable":true,"href":"https:\/\/www.gesuitieducazione.it\/en\/wp-json\/wp\/v2\/partner?post=1699"}],"curies":[{"name":"wp","href":"https:\/\/api.w.org\/{rel}","templated":true}]}}