{"id":1695,"date":"2018-06-07T10:26:27","date_gmt":"2018-06-07T08:26:27","guid":{"rendered":"https:\/\/educazione.gesuiti.it\/?p=1695"},"modified":"2018-06-07T10:26:27","modified_gmt":"2018-06-07T08:26:27","slug":"napoli-noi-ve-la-cantiamo-cosi-passione-musica-e-solidarieta","status":"publish","type":"post","link":"https:\/\/www.gesuitieducazione.it\/en\/napoli-noi-ve-la-cantiamo-cosi-passione-musica-e-solidarieta\/","title":{"rendered":"Napoli. &#8220;Noi ve la cantiamo cos\u00ec&#8221;: passione, musica e solidariet\u00e0!"},"content":{"rendered":"<p>&#8220;\u2026 Noi ve le cantiamo cos\u00ec&#8221; \u00e8 il primo album, dopo \u201cIl disco del cuore per Amatrice\u201d e il DVD \u201cLibert\u00e0\u2026\u201d, interamente ideato e prodotto dalla Pontano Music Academy (<a href=\"https:\/\/youtu.be\/ATuMEApbo48\">guarda qui il promo del CD<\/a>). Il filo conduttore di questo ultimo progetto \u00e8 stato quello di selezionare una dozzina di canzoni inglesi e americane che fossero state al primo posto nelle classifiche di Billboard, la pi\u00f9 importante rivista musicale del mondo, nel periodo che va dalla fine degli anni \u201970 agli inizi degli anni \u201990 e che, contemporaneamente, fossero state grandi successi anche in Italia.<\/p>\n<p>Questo progetto non \u00e8 un &#8220;nostalgico revival&#8221; poich\u00e8, per rendere quelle canzoni pi\u00f9 attuali, gli arrangiamenti sono stati resi pi\u00f9 scarni ed essenziali, scremando la sovrapproduzione che caratterizzava la musica in quegli anni, il tutto filtrato dalla sensibilit\u00e0 dei musicisti e dei cantanti della band.<\/p>\n<p>Alle 13 canzoni in lingua inglese \u00e8 stata abbinata la canzone italiana di maggior successo di tutti i tempi: Volare (&#8220;nel blu dipinto di blu&#8221;) dell\u2019indimenticabile Domenico Modugno e che, tra l\u2019altro, \u00e8 l\u2019unica canzone italiana ad essere stata al primo posto (agosto\/settembre del 1958) nella classifica statunitense di Billboard.<\/p>\n<p>&#8220;Con Volare abbiamo pensato di realizzare un brano che unisse tutte le componenti della nostra scuola, dagli studenti, ai docenti e agli ex-alunni e ispirandoci all\u2019iniziativa del 1985: Musicaitalia per l&#8217;Etiopia quando artisti del calibro di Dalla, De Andr\u00e8, Fossati, Nannini, Milva giusto per ricordarne alcuni, che sulla scia di USA for Africa e BandAid, ebbe lo scopo di raccogliere fondi da devolvere in favore dell\u2019Etiopia. Il nostro CD nasce con gli stessi ideali di solidariet\u00e0 e abbraccia il progetto del MAGIS relativo al sostegno a distanza&#8221;.<\/p>\n<p>Ma che cosa \u00e8 e come \u00e8 nata la <a href=\"https:\/\/youtu.be\/eyneana20Ws\">Pontano Music Academy<\/a>?<\/p>\n<p>L&#8217;accademia \u00e8 nata da una intuizione del prof. Cicci Serra dell&#8217;Istituto Pontano nella tarda primavera del 2015. &#8220;Varcata la soglia dei 50 anni e dopo quasi 30 anni di Pontano &#8211; dichiara il prof. Serra &#8211; il musicista dilettante che era in me ha chiamato a raccolta un gruppo di professionisti, che fossero innanzitutto dei didatti e che, oltre al virtuosismo, avessero un\u2019anima ed un cuore per contribuire, con il loro esempio e con la loro bravura, alla crescita umana e personale dei nostri ragazzi. Cos\u00ec, in punta di piedi, nell&#8217;ottobre del 2015, con un bel concerto nel salone degli specchi del Pontano, presentammo la squadra alle famiglie, agli allievi e agli ex-alunni del Pontano.<br \/>\nCe n&#8217;era per tutti i gusti: dall&#8217;insegnante di Pianoforte, nonch\u00e9 direttore dell&#8217;accademia, Francesco Capriello, a quello di batteria &amp; percussioni, Agostino Mennella eccellente turnista napoletano e storico componente della band di Nino D&#8217;Angelo, da Oscar Montalbano mitico chitarrista classico e Jazz, al Dj Producer con un giovanissimo musicista di origini calabresi, che ultimamente ha lavorato per TV2000, e Zulu dei 99 Posse e altri maestri.<br \/>\nRiuscimmo a mettere su, in pochi mesi, uno spettacolino natalizio e tanti altri eventi in questi ultimi 3 anni&#8221;.<\/p>\n<p>Nell&#8217;estate del 2016 poi, anche a seguito dei tragici eventi del terremoto di Amatrice, si pensa di coniugare la musica con la solidariet\u00e0 e a settembre (a pochi giorni dal terremoto) la Pontano Music Academy \u00e8 gi\u00e0 nello storico studio di registrazione Phonotype, il pi\u00f9 antico d&#8217;Europa, dove anche Enrico Caruso registr\u00f2 all&#8217;epoca, per incidere \u201cIl disco del cuore per Amatrice\u201d. Questo primo lavoro era il risultato di un progetto svolto in sinergia con i docenti di filosofia, coniugando la loro materia con la musica sulle varie differenze dell&#8217;amore.<br \/>\nDopo aver prodotto il disco, si pens\u00f2 di creare un video per ogni canzone e, in collaborazione con il regista Claudio D&#8217;Avascio, nacque \u201cil film del cuore per Amatrice\u201d.<br \/>\nLa tiratura di 500 copie venne esaurita in poche settimane e questo fu il bellissimo contributo della band al sostegno della ricostruzione della scuola di Amatrice.<\/p>\n<p>Il\u00a0 9 giugno 2017, nel cortile del Pontano davanti a 500 spettatori e con graditi ospiti, tra cui Paolo Siani (presidente della <a href=\"http:\/\/fondazionepolis.regione.campania.it\/\">fondazione \u201cPolis\u201d<\/a>, con cui abbiamo stretto un protocollo di intesa) e Rosy Bindi (presidente della commissione bicamerale antimafia), \u00e8 stato presentato e realizzato il secondo lavoro: il DVD Libert\u00e0. Anche questo spettacolo nasceva dalla collaborazione con i docenti di Filosofia sulle tematiche della libert\u00e0. Il disco in questione \u00e8 stato l&#8217;inizio della collaborazione anche con il Magis, in quanto i proventi dello stesso sono stati destinati alla <a href=\"https:\/\/magis.gesuiti.it\/10073-2\/\">missione dei gesuiti nella capitale del Togo, Lom\u00e8<\/a>.<\/p>\n<p>Infine, nello scorso autunno, ecco l&#8217;idea di un disco che fosse &#8220;completamente&#8221; della Pontano Music Academy e che potesse riunire tutte le componenti della nostra scuola: dagli allievi, ai docenti e ai non docenti, passando per gli ex-alunni. Il titolo &#8220;&#8230; Noi ve le cantiamo cos\u00ec&#8221; \u00e8 una sorta di omaggio che i ragazzi della band fanno alla generazione degli &#8220;anta&#8221;, di cui fanno parte anche i loro genitori, in una sorta di ritorno al futuro musicale.<\/p>\n<p>Anche per questo disco continua la collaborazione con il Magis ed i proventi relativi allo stesso saranno destinati al progetto di sostegno a distanza per le missioni in India, cos\u00ec come \u00e8 spiegato ampiamente da P. Renato Colizzi nel booklet del CD.<\/p>\n<p>E sulla scia di tutti questi successi ed iniziative, tanti altri progetti e sogni ancora nel cassetto&#8230; &#8220;La PMA non si ferma certo qui &#8211; racconta con entusiasmo travolgente Cicci Serra &#8211; dopo aver prodotto il terzo CD c&#8217;\u00e8 la voglia di essere sempre pi\u00f9 &#8220;autonomi&#8221; tecnicamente e il sogno \u00e8 quello di dotarci di uno studio di registrazione interno nonch\u00e9 di una completa &#8220;riorganizzazione&#8221; degli spazi dell&#8217;accademia incluso il nostro piccolo auditorium. Un altro sogno nel cassetto \u00e8 quello di far cantare in un disco anche alcuni Padri Gesuiti&#8230; gi\u00e0 ho avuto alcune segnalazioni su Padri che sono molto intonati&#8230; adesso non mi resta che convincerli&#8230;. continuando cos\u00ec questo percorso di musica e solidariet\u00e0!&#8221;<\/p>\n<p><a href=\"https:\/\/educazione.gesuiti.it\/wp-content\/uploads\/sites\/9\/2018\/06\/2018_06_07_Pontano-music-a2.jpg\"><img loading=\"lazy\" decoding=\"async\" class=\"aligncenter size-full wp-image-1697\" src=\"https:\/\/educazione.gesuiti.it\/wp-content\/uploads\/sites\/9\/2018\/06\/2018_06_07_Pontano-music-a2.jpg\" alt=\"\" width=\"466\" height=\"466\" srcset=\"https:\/\/www.gesuitieducazione.it\/wp-content\/uploads\/2018\/06\/2018_06_07_Pontano-music-a2.jpg 466w, https:\/\/www.gesuitieducazione.it\/wp-content\/uploads\/2018\/06\/2018_06_07_Pontano-music-a2-300x300.jpg 300w, https:\/\/www.gesuitieducazione.it\/wp-content\/uploads\/2018\/06\/2018_06_07_Pontano-music-a2-150x150.jpg 150w\" sizes=\"(max-width: 466px) 100vw, 466px\" \/><\/a><\/p>\n","protected":false},"excerpt":{"rendered":"<p>La sera del 24 maggio, nella splendida cornice del cinquecentesco cortile di Palazzo Caraccio a Napoli, la Pontano Music Academy ha presentato il suo ultimo CD intitolato &#8220;Noi ve la cantiamo cos\u00ec&#8221;. E il 7 giugno, in occasione della festa di fine anno, la band terr\u00e0 un nuovo concerto. La Pontano Music Academy unisce in modo creativo, originale e brillante la bellezza della musica, l&#8217;originalit\u00e0, la passione, l&#8217;impegno e, soprattutto, la solidariet\u00e0. <\/p>\n","protected":false},"author":4,"featured_media":1696,"comment_status":"closed","ping_status":"open","sticky":false,"template":"","format":"standard","meta":{"_acf_changed":false,"footnotes":""},"categories":[10],"tags":[],"istituto":[],"partner":[],"class_list":["post-1695","post","type-post","status-publish","format-standard","has-post-thumbnail","hentry","category-notizie"],"acf":[],"_links":{"self":[{"href":"https:\/\/www.gesuitieducazione.it\/en\/wp-json\/wp\/v2\/posts\/1695"}],"collection":[{"href":"https:\/\/www.gesuitieducazione.it\/en\/wp-json\/wp\/v2\/posts"}],"about":[{"href":"https:\/\/www.gesuitieducazione.it\/en\/wp-json\/wp\/v2\/types\/post"}],"author":[{"embeddable":true,"href":"https:\/\/www.gesuitieducazione.it\/en\/wp-json\/wp\/v2\/users\/4"}],"replies":[{"embeddable":true,"href":"https:\/\/www.gesuitieducazione.it\/en\/wp-json\/wp\/v2\/comments?post=1695"}],"version-history":[{"count":0,"href":"https:\/\/www.gesuitieducazione.it\/en\/wp-json\/wp\/v2\/posts\/1695\/revisions"}],"wp:featuredmedia":[{"embeddable":true,"href":"https:\/\/www.gesuitieducazione.it\/en\/wp-json\/wp\/v2\/media\/1696"}],"wp:attachment":[{"href":"https:\/\/www.gesuitieducazione.it\/en\/wp-json\/wp\/v2\/media?parent=1695"}],"wp:term":[{"taxonomy":"category","embeddable":true,"href":"https:\/\/www.gesuitieducazione.it\/en\/wp-json\/wp\/v2\/categories?post=1695"},{"taxonomy":"post_tag","embeddable":true,"href":"https:\/\/www.gesuitieducazione.it\/en\/wp-json\/wp\/v2\/tags?post=1695"},{"taxonomy":"istituto","embeddable":true,"href":"https:\/\/www.gesuitieducazione.it\/en\/wp-json\/wp\/v2\/istituto?post=1695"},{"taxonomy":"partner","embeddable":true,"href":"https:\/\/www.gesuitieducazione.it\/en\/wp-json\/wp\/v2\/partner?post=1695"}],"curies":[{"name":"wp","href":"https:\/\/api.w.org\/{rel}","templated":true}]}}