{"id":1669,"date":"2018-05-20T18:45:08","date_gmt":"2018-05-20T16:45:08","guid":{"rendered":"https:\/\/educazione.gesuiti.it\/?p=1669"},"modified":"2021-12-21T14:14:46","modified_gmt":"2021-12-21T12:14:46","slug":"torino-grande-successo-per-diamoci-un-tono-2018","status":"publish","type":"post","link":"https:\/\/www.gesuitieducazione.it\/en\/torino-grande-successo-per-diamoci-un-tono-2018\/","title":{"rendered":"Torino. Grande successo per &#8220;Diamoci un tono 2018&#8221;"},"content":{"rendered":"<p>&#8220;La bellissima serata di oggi &#8211; ha detto Padre Vitangelo Denora SJ durante i saluti finali &#8211; ci invita a dire tanti grazie. Ma un grazie va soprattutto ai veri protagonisti di questa sera: i nostri studenti, che fanno belle le nostre scuole e oggi ce lo hanno dimostrato ancora una volta. Siamo tutti molto contenti di avere investito in questa iniziativa, che, giunta all&#8217;ottava edizione, \u00e8 cresciuta e continua a crescere ogni anno, sia come partecipazione sia come qualit\u00e0 dei partecipanti. Anche la nostra rete di scuole cresce ed \u00e8 sempre pi\u00f9 bello ritrovarsi e condividere la bellezza dei nostri ragazzi e dei loro talenti&#8221;.<\/p>\n<p>30 partecipanti a questa ottava edizione (la pi\u00f9 numerosa) provenienti dalle nostre scuole di Milano, Roma, Napoli, Palermo, Messina, Scutari (Albania) e Torino. I partecipanti alla serata finale erano coloro che avevano superato le prime due fasi del concorso: una selezione d&#8217;Istituto e le <a href=\"https:\/\/educazione.gesuiti.it\/2018\/04\/21\/torino-ecco-i-finalisti-di-diamoci-un-tono-2018\/\">semifinali a livello nazionale<\/a>. I concorrenti erano divisi in due categorie: Secondaria di primo grado e Secondaria di secondo grado.<\/p>\n<p>28 giurati, anch&#8217;essi da ogni scuola, hanno votato le esibizioni dal vivo durante la serata finale, decretando i vincitori.<\/p>\n<p>&gt; <a href=\"https:\/\/youtu.be\/5pMKclYFOs0\">GUARDA IL VIDEO DI SINTESI DELLA SERATA<\/a><\/p>\n<p>L&#8217;intera serata finale \u00e8 stata trasmessa via streaming sulla pagina Facebook della Fondazione Gesuiti Educazione (<a href=\"http:\/\/www.facebook.com\/DalPapa\">www.facebook.com\/DalPapa<\/a>), dove \u00e8 possibile rivedere il video integrale dello spettacolo. Anche il pubblico, sia quello presente in sala sia quello da casa, a fine serata ha potuto votare il suo concorrente preferito.<\/p>\n<p>Alla fine della serata, prima di nominare e premiare i vincitori, Padre Vitangelo ha voluto dedicare questo momento a due persone speciali: &#8220;Vorrei dedicare questa serata a Ginevra, una nostra ragazza del Sociale scomparsa drammaticamente pochi mesi fa. Lei aveva una vita bella, dedicata allo sport e alla gioia di vivere. Vorrei ricordare anche Ferdinando di Messina, anche lui scomparso pochi giorni fa. Anche lui aveva una vita bella, insieme a tanti suoi amici e compagni. Sono loro che fanno belle le nostre scuole!&#8221;.<\/p>\n<p>E con il ricordo di Ginevra e di Ferdi nel cuore, ecco la classifica dei primi dieci classificati per ogni categoria, con il punteggio medio ottenuto (scala in decimi).<\/p>\n<p><strong>SECONDARIA DI PRIMO GRADO<\/strong><\/p>\n<ol>\n<li>1 classificato: Five Elements (Leone XIII, Milano). PUNTI: 8,68<\/li>\n<li>2 classificato: Federico Giannella (Sociale, Torino). PUNTI: 8,64<\/li>\n<li>3 classificato: Aurora Pellino (Gonzaga, Palermo). PUNTI: 8,48<\/li>\n<li>4 classificato: Riccardo Santangelo (Massimo, Roma). PUNTI: 8,14<\/li>\n<li>5 classificato: Coro dei Gonzaga (Gonzaga, Palermo). PUNTI: 8,11<\/li>\n<li>6 classificato: Arianna Lonoce (Leone XIII, Milano). PUNTI: 8,07<\/li>\n<li>7 classificato: Noemi Garito (S.Ignazio, Messina). PUNTI: 7,28<\/li>\n<li>8 classificato: Marco Giglietta (S. Ignazio, Messina). PUNTI: 7,12<\/li>\n<li>9 classificato: Lorenzo Zappa (Sociale, Torino). PUNTI: 7,00<\/li>\n<li>10 classificato: Caterina Palmieri (S. Ignazio, Messina). PUNTI: 6,84<\/li>\n<\/ol>\n<p><strong>LICEI<\/strong><\/p>\n<ol>\n<li>1 classificato: Rigersa Zefi (Meshkalla, Scutari). PUNTI: 9,20<\/li>\n<li>2 classificato: Iolanda Falanga e Giovanni Gioia (Gonzaga, Palermo). PUNTI: 9,04<\/li>\n<li>3 classificato: Chiara Pietroboni (Massimo, Roma). PUNTI: 8,88<\/li>\n<li>4 classificato: Stela Shiroka (Meshkalla, Scutari). PUNTI: 8,87<\/li>\n<li>5 classificato: Xhorxh Buja (Meshkalla, Scutari). PUNTI: 8,80<\/li>\n<li>6 classificato: Lorenzo Carissimi (Leone XIII, Milano). PUNTI: 8,69<\/li>\n<li>7 classificato: Lorenza Pera (Pontano, Napoli). Voto medio: 8,60<\/li>\n<li>8 classificato: Aurora Pellino (Gonzaga, Palermo). PUNTI: 8,48<\/li>\n<li>9 classificato: Gjergi Ndoj (Meshkalla, Scutari). PUNTI: 8,44<\/li>\n<li>10 classificato (pari merito): Leonardo Delleani (Massimo, Roma). PUNTI: 8,36<\/li>\n<li>10 classificato (pari merito): Matteo Genuino (Sociale, Torino). PUNTI: 8,36<\/li>\n<\/ol>\n<p><strong>Premio speciale dal pubblico a:<\/strong>\u00a0Giorgia Cuttitta e Costanza Cardinale (Gonzaga, Palermo)<\/p>\n<p>CONGRATULAZIONI vivissime a tutti i partecipanti e un GRAZIE speciale anche agli organizzatori (soprattutto al prof. Angelo CHIONNA e alla Prof.ssa Maria Cristina Bianco), agli accompagnatori e a tutte le nostre scuole!<\/p>\n<p>&gt; <a href=\"https:\/\/youtu.be\/5pMKclYFOs0\">GUARDA IL VIDEO DI SINTESI DELLA SERATA<\/a><\/p>\n<p><a href=\"https:\/\/educazione.gesuiti.it\/wp-content\/uploads\/sites\/9\/2018\/05\/2018_05_18_diamoci-un-tono-2.jpg\"><img loading=\"lazy\" decoding=\"async\" class=\"aligncenter wp-image-1671\" src=\"https:\/\/educazione.gesuiti.it\/wp-content\/uploads\/sites\/9\/2018\/05\/2018_05_18_diamoci-un-tono-2.jpg\" alt=\"\" width=\"460\" height=\"457\" srcset=\"https:\/\/www.gesuitieducazione.it\/wp-content\/uploads\/2018\/05\/2018_05_18_diamoci-un-tono-2.jpg 750w, https:\/\/www.gesuitieducazione.it\/wp-content\/uploads\/2018\/05\/2018_05_18_diamoci-un-tono-2-300x298.jpg 300w, https:\/\/www.gesuitieducazione.it\/wp-content\/uploads\/2018\/05\/2018_05_18_diamoci-un-tono-2-150x150.jpg 150w\" sizes=\"(max-width: 460px) 100vw, 460px\" \/><\/a><\/p>\n<p><a href=\"https:\/\/educazione.gesuiti.it\/wp-content\/uploads\/sites\/9\/2018\/04\/2018_04_06_diamoci-un-tono.jpg\"><img loading=\"lazy\" decoding=\"async\" class=\"aligncenter size-full wp-image-1634\" src=\"https:\/\/educazione.gesuiti.it\/wp-content\/uploads\/sites\/9\/2018\/04\/2018_04_06_diamoci-un-tono.jpg\" alt=\"Diamoci un tono\" width=\"480\" height=\"480\" srcset=\"https:\/\/www.gesuitieducazione.it\/wp-content\/uploads\/2018\/04\/2018_04_06_diamoci-un-tono.jpg 480w, https:\/\/www.gesuitieducazione.it\/wp-content\/uploads\/2018\/04\/2018_04_06_diamoci-un-tono-300x300.jpg 300w, https:\/\/www.gesuitieducazione.it\/wp-content\/uploads\/2018\/04\/2018_04_06_diamoci-un-tono-150x150.jpg 150w\" sizes=\"(max-width: 480px) 100vw, 480px\" \/><\/a><\/p>\n","protected":false},"excerpt":{"rendered":"<p>Venerd\u00ec 18 maggio si \u00e8 svolta a Torino, in un&#8217;Aula Magna dell&#8217;Istituto Sociale affollata di un caloroso pubblico, la serata finale dell&#8217;edizione 2018 del concorso musicale &#8220;Diamoci un tono&#8221;, un evento che riunisce giovani musicisti e cantanti delle scuole secondarie di primo e di secondo grado di tutte le nostre scuole della rete Gesuiti Educazione.<\/p>\n","protected":false},"author":4,"featured_media":1670,"comment_status":"closed","ping_status":"open","sticky":false,"template":"","format":"standard","meta":{"_acf_changed":false,"footnotes":""},"categories":[258],"tags":[],"istituto":[],"partner":[],"class_list":["post-1669","post","type-post","status-publish","format-standard","has-post-thumbnail","hentry","category-attivita"],"acf":[],"_links":{"self":[{"href":"https:\/\/www.gesuitieducazione.it\/en\/wp-json\/wp\/v2\/posts\/1669"}],"collection":[{"href":"https:\/\/www.gesuitieducazione.it\/en\/wp-json\/wp\/v2\/posts"}],"about":[{"href":"https:\/\/www.gesuitieducazione.it\/en\/wp-json\/wp\/v2\/types\/post"}],"author":[{"embeddable":true,"href":"https:\/\/www.gesuitieducazione.it\/en\/wp-json\/wp\/v2\/users\/4"}],"replies":[{"embeddable":true,"href":"https:\/\/www.gesuitieducazione.it\/en\/wp-json\/wp\/v2\/comments?post=1669"}],"version-history":[{"count":1,"href":"https:\/\/www.gesuitieducazione.it\/en\/wp-json\/wp\/v2\/posts\/1669\/revisions"}],"predecessor-version":[{"id":4578,"href":"https:\/\/www.gesuitieducazione.it\/en\/wp-json\/wp\/v2\/posts\/1669\/revisions\/4578"}],"wp:featuredmedia":[{"embeddable":true,"href":"https:\/\/www.gesuitieducazione.it\/en\/wp-json\/wp\/v2\/media\/1670"}],"wp:attachment":[{"href":"https:\/\/www.gesuitieducazione.it\/en\/wp-json\/wp\/v2\/media?parent=1669"}],"wp:term":[{"taxonomy":"category","embeddable":true,"href":"https:\/\/www.gesuitieducazione.it\/en\/wp-json\/wp\/v2\/categories?post=1669"},{"taxonomy":"post_tag","embeddable":true,"href":"https:\/\/www.gesuitieducazione.it\/en\/wp-json\/wp\/v2\/tags?post=1669"},{"taxonomy":"istituto","embeddable":true,"href":"https:\/\/www.gesuitieducazione.it\/en\/wp-json\/wp\/v2\/istituto?post=1669"},{"taxonomy":"partner","embeddable":true,"href":"https:\/\/www.gesuitieducazione.it\/en\/wp-json\/wp\/v2\/partner?post=1669"}],"curies":[{"name":"wp","href":"https:\/\/api.w.org\/{rel}","templated":true}]}}